{"id":9914,"date":"2020-09-10T15:36:47","date_gmt":"2020-09-10T13:36:47","guid":{"rendered":"https:\/\/www.fratinardi.it\/blog\/?p=9914"},"modified":"2020-09-10T15:36:47","modified_gmt":"2020-09-10T13:36:47","slug":"mostra-cinema-venezia-2020-anna-foglietta","status":"publish","type":"post","link":"https:\/\/www.fratinardi.it\/blog\/mostra-cinema-venezia-2020-anna-foglietta\/","title":{"rendered":"Mostra del Cinema di Venezia, il pubblico premia l&#8217;eleganza di Anna Foglietta"},"content":{"rendered":"<p>Non solo un Festival dedicato al cinema, ma un vero e proprio evento per il taglio e cuci. Una <strong>77esima edizione della Mostra del Cinema di Venezia<\/strong> che ha visto sfilare sul red carpet personaggi di rilievo del mondo del cinema e dello spettacolo. Tra abiti di tulle gi\u00e0 visti e rivisti e look dal tripudio di brillanti, colei che ha raccolto il plauso del pubblico \u00e8 la madrina di questa edizione del Festival del Cinema di Venezia: <strong>Anna Foglietta<\/strong>.<\/p>\n<p>I tweet l&#8217;hanno premiata con complimenti come &#8220;Semplice e raffinata&#8221;, sempre al passo con la moda ma senza esagerare. Come aveva anticipato a Vogue, Anna Foglietta ha indossato solo ed esclusivamente Made in Italy.<\/p>\n<p><a href=\"https:\/\/www.fratinardi.it\/blog\/wp-content\/uploads\/2020\/09\/Fratinardi_Blog_Anna_Foglietta.jpg\"><img loading=\"lazy\" decoding=\"async\" class=\"alignright size-full wp-image-9916\" src=\"https:\/\/www.fratinardi.it\/blog\/wp-content\/uploads\/2020\/09\/Fratinardi_Blog_Anna_Foglietta.jpg\" alt=\"\" width=\"660\" height=\"435\" srcset=\"https:\/\/www.fratinardi.it\/blog\/wp-content\/uploads\/2020\/09\/Fratinardi_Blog_Anna_Foglietta.jpg 660w, https:\/\/www.fratinardi.it\/blog\/wp-content\/uploads\/2020\/09\/Fratinardi_Blog_Anna_Foglietta-300x198.jpg 300w, https:\/\/www.fratinardi.it\/blog\/wp-content\/uploads\/2020\/09\/Fratinardi_Blog_Anna_Foglietta-455x300.jpg 455w\" sizes=\"(max-width: 660px) 100vw, 660px\" \/><\/a><\/p>\n<p>Non c&#8217;\u00e8 che dire, la bellissima attrice italiana non ha rinunciato al taglio maschile in Armani Priv\u00e8, dando cos\u00ec un taglio netto alle centinaia code in tulle o piume. Se uno smoking l&#8217;ha resa incantevole, non \u00e8 stata da meno con il look total black Etro con una scollatura profonda e spalline per la notte di &#8220;The World to come&#8221;.<\/p>\n<p><a href=\"https:\/\/www.fratinardi.it\/blog\/wp-content\/uploads\/2020\/09\/Anna-Foglietta_Cinema_Fratinardi.jpg\"><img loading=\"lazy\" decoding=\"async\" class=\"alignright size-full wp-image-9917\" src=\"https:\/\/www.fratinardi.it\/blog\/wp-content\/uploads\/2020\/09\/Anna-Foglietta_Cinema_Fratinardi.jpg\" alt=\"\" width=\"660\" height=\"891\" srcset=\"https:\/\/www.fratinardi.it\/blog\/wp-content\/uploads\/2020\/09\/Anna-Foglietta_Cinema_Fratinardi.jpg 660w, https:\/\/www.fratinardi.it\/blog\/wp-content\/uploads\/2020\/09\/Anna-Foglietta_Cinema_Fratinardi-222x300.jpg 222w, https:\/\/www.fratinardi.it\/blog\/wp-content\/uploads\/2020\/09\/Anna-Foglietta_Cinema_Fratinardi-300x405.jpg 300w\" sizes=\"(max-width: 660px) 100vw, 660px\" \/><\/a><\/p>\n<p>Abiti a sirena, abiti morbidi sui fianchi, scollature mai volgari, ecco: Anna Foglietta per la Mostra del Cinema di Venezia non ha voluto osare. Ha preferito mantenere il giusto equilibrio tra eleganza e sobriet\u00e0, rispettando il contesto senza mai risultare fuori luogo.<\/p>\n<p>Vince il total black, vince la semplicit\u00e0, Venezia premia Anna Foglietta.<\/p>\n","protected":false},"excerpt":{"rendered":"<p>Non solo un Festival dedicato al cinema, ma un vero e proprio evento per il taglio e cuci. Una 77esima edizione della Mostra del Cinema di Venezia che ha visto sfilare sul red carpet personaggi di rilievo del mondo del &hellip; <a href=\"https:\/\/www.fratinardi.it\/blog\/mostra-cinema-venezia-2020-anna-foglietta\/\">Continue reading <span class=\"meta-nav\">&rarr;<\/span><\/a><\/p>\n","protected":false},"author":2,"featured_media":9915,"comment_status":"open","ping_status":"open","sticky":false,"template":"","format":"standard","meta":{"footnotes":""},"categories":[3],"tags":[1257,1259,164,7,1258,1256,1221],"_links":{"self":[{"href":"https:\/\/www.fratinardi.it\/blog\/wp-json\/wp\/v2\/posts\/9914"}],"collection":[{"href":"https:\/\/www.fratinardi.it\/blog\/wp-json\/wp\/v2\/posts"}],"about":[{"href":"https:\/\/www.fratinardi.it\/blog\/wp-json\/wp\/v2\/types\/post"}],"author":[{"embeddable":true,"href":"https:\/\/www.fratinardi.it\/blog\/wp-json\/wp\/v2\/users\/2"}],"replies":[{"embeddable":true,"href":"https:\/\/www.fratinardi.it\/blog\/wp-json\/wp\/v2\/comments?post=9914"}],"version-history":[{"count":1,"href":"https:\/\/www.fratinardi.it\/blog\/wp-json\/wp\/v2\/posts\/9914\/revisions"}],"predecessor-version":[{"id":9918,"href":"https:\/\/www.fratinardi.it\/blog\/wp-json\/wp\/v2\/posts\/9914\/revisions\/9918"}],"wp:featuredmedia":[{"embeddable":true,"href":"https:\/\/www.fratinardi.it\/blog\/wp-json\/wp\/v2\/media\/9915"}],"wp:attachment":[{"href":"https:\/\/www.fratinardi.it\/blog\/wp-json\/wp\/v2\/media?parent=9914"}],"wp:term":[{"taxonomy":"category","embeddable":true,"href":"https:\/\/www.fratinardi.it\/blog\/wp-json\/wp\/v2\/categories?post=9914"},{"taxonomy":"post_tag","embeddable":true,"href":"https:\/\/www.fratinardi.it\/blog\/wp-json\/wp\/v2\/tags?post=9914"}],"curies":[{"name":"wp","href":"https:\/\/api.w.org\/{rel}","templated":true}]}}