{"id":9698,"date":"2019-02-15T15:54:23","date_gmt":"2019-02-15T14:54:23","guid":{"rendered":"https:\/\/www.fratinardi.it\/blog\/?p=9698"},"modified":"2019-02-15T15:55:24","modified_gmt":"2019-02-15T14:55:24","slug":"la-collezione-primavera-estate-2019-di-fabiana-ferri","status":"publish","type":"post","link":"https:\/\/www.fratinardi.it\/blog\/la-collezione-primavera-estate-2019-di-fabiana-ferri\/","title":{"rendered":"La collezione Primavera Estate 2019 di Fabiana Ferri"},"content":{"rendered":"<p><em>Un brand 100% Made in Italy<\/em>, un marchio che punta sia ad esaltare la femminilit\u00e0 che il lato eclettico di ogni donna, una collezione carica di dettagli.<\/p>\n<p><a href=\"https:\/\/www.fratinardi.it\/it\/collezione-pe-2019.html\">La collezione primavera estate 2019 del brand Fabiana Ferri<\/a>, gi\u00e0 disponibile sia online che nei negozi Fratinardi, conquister\u00e0 tutte voi ragazze, lasciandovi senza respiro.<\/p>\n<p>Il punto focale della nuova collezione 2019 \u00e8 caratterizzato da un mix di colori nei toni pi\u00f9 glamour, dal rosso Japan al verde lam\u00e8 per non tralasciare il must have della stagione, il rosa sfumato. Glicine, arancio, viola, giallo e celeste sono altre tonalit\u00e0 esaltate nella nuova collezione, un&#8217; alternanza di abiti in versione monocolore mixati da altri con stampe spettacolari. Capi unici che sorprendono e catturano ogni donna, pensati sia per eventi importanti che per occasioni speciali come la cerimonia.<!--more--><\/p>\n<p>La nuova <em>collezione cerimonia Primavera Estate 2019 del brand Fabiana Ferri<\/em> si presenta con abiti dal mood romantico come il vestito di organza con balze o sensuali con spacchi e tagli scultura. Abiti modellati e cuciti sul corpo per esaltare con eleganza la silhoutte di ogni donna.<\/p>\n\n\t\t<style type=\"text\/css\">\n\t\t\t#gallery-1 {\n\t\t\t\tmargin: auto;\n\t\t\t}\n\t\t\t#gallery-1 .gallery-item {\n\t\t\t\tfloat: left;\n\t\t\t\tmargin-top: 10px;\n\t\t\t\ttext-align: center;\n\t\t\t\twidth: 33%;\n\t\t\t}\n\t\t\t#gallery-1 img {\n\t\t\t\tborder: 2px solid #cfcfcf;\n\t\t\t}\n\t\t\t#gallery-1 .gallery-caption {\n\t\t\t\tmargin-left: 0;\n\t\t\t}\n\t\t\t\/* see gallery_shortcode() in wp-includes\/media.php *\/\n\t\t<\/style>\n\t\t<div id='gallery-1' class='gallery galleryid-9698 gallery-columns-3 gallery-size-thumbnail'><dl class='gallery-item'>\n\t\t\t<dt class='gallery-icon landscape'>\n\t\t\t\t<a href='https:\/\/www.fratinardi.it\/blog\/la-collezione-primavera-estate-2019-di-fabiana-ferri\/fabiana-ferri-collezione-2019-4\/'><img loading=\"lazy\" decoding=\"async\" width=\"150\" height=\"150\" src=\"https:\/\/www.fratinardi.it\/blog\/wp-content\/uploads\/2019\/02\/fabiana-ferri-collezione-2019-4-150x150.jpg\" class=\"attachment-thumbnail size-thumbnail\" alt=\"La collezione primavera estate 2019 del brand Fabiana Ferri\" \/><\/a>\n\t\t\t<\/dt><\/dl><dl class='gallery-item'>\n\t\t\t<dt class='gallery-icon landscape'>\n\t\t\t\t<a href='https:\/\/www.fratinardi.it\/blog\/la-collezione-primavera-estate-2019-di-fabiana-ferri\/fabiana-ferri-collezione-2019-12\/'><img loading=\"lazy\" decoding=\"async\" width=\"150\" height=\"150\" src=\"https:\/\/www.fratinardi.it\/blog\/wp-content\/uploads\/2019\/02\/fabiana-ferri-collezione-2019-12-150x150.jpg\" class=\"attachment-thumbnail size-thumbnail\" alt=\"La collezione primavera estate 2019 del brand Fabiana Ferri\" \/><\/a>\n\t\t\t<\/dt><\/dl><dl class='gallery-item'>\n\t\t\t<dt class='gallery-icon landscape'>\n\t\t\t\t<a href='https:\/\/www.fratinardi.it\/blog\/la-collezione-primavera-estate-2019-di-fabiana-ferri\/fabiana-ferri-collezione-2019-19\/'><img loading=\"lazy\" decoding=\"async\" width=\"150\" height=\"150\" src=\"https:\/\/www.fratinardi.it\/blog\/wp-content\/uploads\/2019\/02\/fabiana-ferri-collezione-2019-19-150x150.jpg\" class=\"attachment-thumbnail size-thumbnail\" alt=\"La collezione primavera estate 2019 del brand Fabiana Ferri\" \/><\/a>\n\t\t\t<\/dt><\/dl><br style=\"clear: both\" \/><dl class='gallery-item'>\n\t\t\t<dt class='gallery-icon portrait'>\n\t\t\t\t<a href='https:\/\/www.fratinardi.it\/blog\/la-collezione-primavera-estate-2019-di-fabiana-ferri\/fabiana-ferri-lookbook-2019-005\/'><img loading=\"lazy\" decoding=\"async\" width=\"150\" height=\"150\" src=\"https:\/\/www.fratinardi.it\/blog\/wp-content\/uploads\/2019\/02\/fabiana-ferri-lookbook-2019-005-150x150.jpg\" class=\"attachment-thumbnail size-thumbnail\" alt=\"La collezione primavera estate 2019 del brand Fabiana Ferri\" \/><\/a>\n\t\t\t<\/dt><\/dl><dl class='gallery-item'>\n\t\t\t<dt class='gallery-icon portrait'>\n\t\t\t\t<a href='https:\/\/www.fratinardi.it\/blog\/la-collezione-primavera-estate-2019-di-fabiana-ferri\/fabiana-ferri-lookbook-2019-011\/'><img loading=\"lazy\" decoding=\"async\" width=\"150\" height=\"150\" src=\"https:\/\/www.fratinardi.it\/blog\/wp-content\/uploads\/2019\/02\/fabiana-ferri-lookbook-2019-011-150x150.jpg\" class=\"attachment-thumbnail size-thumbnail\" alt=\"La collezione primavera estate 2019 del brand Fabiana Ferri\" \/><\/a>\n\t\t\t<\/dt><\/dl><dl class='gallery-item'>\n\t\t\t<dt class='gallery-icon portrait'>\n\t\t\t\t<a href='https:\/\/www.fratinardi.it\/blog\/la-collezione-primavera-estate-2019-di-fabiana-ferri\/fabiana-ferri-lookbook-2019-022\/'><img loading=\"lazy\" decoding=\"async\" width=\"150\" height=\"150\" src=\"https:\/\/www.fratinardi.it\/blog\/wp-content\/uploads\/2019\/02\/fabiana-ferri-lookbook-2019-022-150x150.jpg\" class=\"attachment-thumbnail size-thumbnail\" alt=\"La collezione primavera estate 2019 del brand Fabiana Ferri\" \/><\/a>\n\t\t\t<\/dt><\/dl><br style=\"clear: both\" \/><dl class='gallery-item'>\n\t\t\t<dt class='gallery-icon portrait'>\n\t\t\t\t<a href='https:\/\/www.fratinardi.it\/blog\/la-collezione-primavera-estate-2019-di-fabiana-ferri\/fabiana-ferri-lookbook-2019-015\/'><img loading=\"lazy\" decoding=\"async\" width=\"150\" height=\"150\" src=\"https:\/\/www.fratinardi.it\/blog\/wp-content\/uploads\/2019\/02\/fabiana-ferri-lookbook-2019-015-150x150.jpg\" class=\"attachment-thumbnail size-thumbnail\" alt=\"La collezione primavera estate 2019 del brand Fabiana Ferri\" \/><\/a>\n\t\t\t<\/dt><\/dl><dl class='gallery-item'>\n\t\t\t<dt class='gallery-icon portrait'>\n\t\t\t\t<a href='https:\/\/www.fratinardi.it\/blog\/la-collezione-primavera-estate-2019-di-fabiana-ferri\/fabiana-ferri-lookbook-2019-028\/'><img loading=\"lazy\" decoding=\"async\" width=\"150\" height=\"150\" src=\"https:\/\/www.fratinardi.it\/blog\/wp-content\/uploads\/2019\/02\/fabiana-ferri-lookbook-2019-028-150x150.jpg\" class=\"attachment-thumbnail size-thumbnail\" alt=\"La collezione primavera estate 2019 del brand Fabiana Ferri\" \/><\/a>\n\t\t\t<\/dt><\/dl><dl class='gallery-item'>\n\t\t\t<dt class='gallery-icon portrait'>\n\t\t\t\t<a href='https:\/\/www.fratinardi.it\/blog\/la-collezione-primavera-estate-2019-di-fabiana-ferri\/fabiana-ferri-lookbook-2019-029\/'><img loading=\"lazy\" decoding=\"async\" width=\"150\" height=\"150\" src=\"https:\/\/www.fratinardi.it\/blog\/wp-content\/uploads\/2019\/02\/fabiana-ferri-lookbook-2019-029-150x150.jpg\" class=\"attachment-thumbnail size-thumbnail\" alt=\"La collezione primavera estate 2019 del brand Fabiana Ferri\" \/><\/a>\n\t\t\t<\/dt><\/dl><br style=\"clear: both\" \/><dl class='gallery-item'>\n\t\t\t<dt class='gallery-icon portrait'>\n\t\t\t\t<a href='https:\/\/www.fratinardi.it\/blog\/la-collezione-primavera-estate-2019-di-fabiana-ferri\/fabiana-ferri-lookbook-2019-032q\/'><img loading=\"lazy\" decoding=\"async\" width=\"150\" height=\"150\" src=\"https:\/\/www.fratinardi.it\/blog\/wp-content\/uploads\/2019\/02\/fabiana-ferri-lookbook-2019-032Q-150x150.jpg\" class=\"attachment-thumbnail size-thumbnail\" alt=\"La collezione primavera estate 2019 del brand Fabiana Ferri\" \/><\/a>\n\t\t\t<\/dt><\/dl><dl class='gallery-item'>\n\t\t\t<dt class='gallery-icon portrait'>\n\t\t\t\t<a href='https:\/\/www.fratinardi.it\/blog\/la-collezione-primavera-estate-2019-di-fabiana-ferri\/fabiana-ferri-lookbook-2019-048a\/'><img loading=\"lazy\" decoding=\"async\" width=\"150\" height=\"150\" src=\"https:\/\/www.fratinardi.it\/blog\/wp-content\/uploads\/2019\/02\/fabiana-ferri-lookbook-2019-048A-150x150.jpg\" class=\"attachment-thumbnail size-thumbnail\" alt=\"La collezione primavera estate 2019 del brand Fabiana Ferri\" \/><\/a>\n\t\t\t<\/dt><\/dl><dl class='gallery-item'>\n\t\t\t<dt class='gallery-icon portrait'>\n\t\t\t\t<a href='https:\/\/www.fratinardi.it\/blog\/la-collezione-primavera-estate-2019-di-fabiana-ferri\/fabiana-ferri-lookbook-2019-069\/'><img loading=\"lazy\" decoding=\"async\" width=\"150\" height=\"150\" src=\"https:\/\/www.fratinardi.it\/blog\/wp-content\/uploads\/2019\/02\/fabiana-ferri-lookbook-2019-069-150x150.jpg\" class=\"attachment-thumbnail size-thumbnail\" alt=\"La collezione primavera estate 2019 del brand Fabiana Ferri\" \/><\/a>\n\t\t\t<\/dt><\/dl><br style=\"clear: both\" \/><dl class='gallery-item'>\n\t\t\t<dt class='gallery-icon portrait'>\n\t\t\t\t<a href='https:\/\/www.fratinardi.it\/blog\/la-collezione-primavera-estate-2019-di-fabiana-ferri\/fabiana-ferri-lookbook-2019-083\/'><img loading=\"lazy\" decoding=\"async\" width=\"150\" height=\"150\" src=\"https:\/\/www.fratinardi.it\/blog\/wp-content\/uploads\/2019\/02\/fabiana-ferri-lookbook-2019-083-150x150.jpg\" class=\"attachment-thumbnail size-thumbnail\" alt=\"La collezione primavera estate 2019 del brand Fabiana Ferri\" \/><\/a>\n\t\t\t<\/dt><\/dl><dl class='gallery-item'>\n\t\t\t<dt class='gallery-icon portrait'>\n\t\t\t\t<a href='https:\/\/www.fratinardi.it\/blog\/la-collezione-primavera-estate-2019-di-fabiana-ferri\/fabiana-ferri-lookbook-2019-137\/'><img loading=\"lazy\" decoding=\"async\" width=\"150\" height=\"150\" src=\"https:\/\/www.fratinardi.it\/blog\/wp-content\/uploads\/2019\/02\/fabiana-ferri-lookbook-2019-137-150x150.jpg\" class=\"attachment-thumbnail size-thumbnail\" alt=\"La collezione primavera estate 2019 del brand Fabiana Ferri\" \/><\/a>\n\t\t\t<\/dt><\/dl><dl class='gallery-item'>\n\t\t\t<dt class='gallery-icon portrait'>\n\t\t\t\t<a href='https:\/\/www.fratinardi.it\/blog\/la-collezione-primavera-estate-2019-di-fabiana-ferri\/q-2\/'><img loading=\"lazy\" decoding=\"async\" width=\"150\" height=\"150\" src=\"https:\/\/www.fratinardi.it\/blog\/wp-content\/uploads\/2019\/02\/Q-150x150.jpg\" class=\"attachment-thumbnail size-thumbnail\" alt=\"La collezione primavera estate 2019 del brand Fabiana Ferri\" \/><\/a>\n\t\t\t<\/dt><\/dl><br style=\"clear: both\" \/>\n\t\t<\/div>\n\n<p>Collegatevi allo shop online\u00a0<a href=\"https:\/\/www.fratinardi.it\/it\/saldi-ai-2018.html\">Fratinardi.it<\/a>\u00a0per scoprire tutte le novit\u00e0 della nuova collezione primavera estate 2019 del brand Fabiana Ferri.<\/p>\n<p>Vuoi saperne di pi\u00f9? Contattaci tramite email all\u2019 indirizzo assistenza@fratinardi.it oppure nella chat dedicata al cliente, ti risponderemo in tempo reale. Per altre informazioni siamo a tua disposizione sulla linea fissa 0289952415 o sul recapito mobile 3470025492. Lo sapevi che puoi scriverci anche su WhatsApp?<\/p>\n","protected":false},"excerpt":{"rendered":"<p>Un brand 100% Made in Italy, un marchio che punta sia ad esaltare la femminilit\u00e0 che il lato eclettico di ogni donna, una collezione carica di dettagli. La collezione primavera estate 2019 del brand Fabiana Ferri, gi\u00e0 disponibile sia online &hellip; <a href=\"https:\/\/www.fratinardi.it\/blog\/la-collezione-primavera-estate-2019-di-fabiana-ferri\/\">Continue reading <span class=\"meta-nav\">&rarr;<\/span><\/a><\/p>\n","protected":false},"author":2,"featured_media":9715,"comment_status":"open","ping_status":"open","sticky":false,"template":"","format":"standard","meta":{"footnotes":""},"categories":[5],"tags":[1142,8,10,215,85],"_links":{"self":[{"href":"https:\/\/www.fratinardi.it\/blog\/wp-json\/wp\/v2\/posts\/9698"}],"collection":[{"href":"https:\/\/www.fratinardi.it\/blog\/wp-json\/wp\/v2\/posts"}],"about":[{"href":"https:\/\/www.fratinardi.it\/blog\/wp-json\/wp\/v2\/types\/post"}],"author":[{"embeddable":true,"href":"https:\/\/www.fratinardi.it\/blog\/wp-json\/wp\/v2\/users\/2"}],"replies":[{"embeddable":true,"href":"https:\/\/www.fratinardi.it\/blog\/wp-json\/wp\/v2\/comments?post=9698"}],"version-history":[{"count":2,"href":"https:\/\/www.fratinardi.it\/blog\/wp-json\/wp\/v2\/posts\/9698\/revisions"}],"predecessor-version":[{"id":9717,"href":"https:\/\/www.fratinardi.it\/blog\/wp-json\/wp\/v2\/posts\/9698\/revisions\/9717"}],"wp:featuredmedia":[{"embeddable":true,"href":"https:\/\/www.fratinardi.it\/blog\/wp-json\/wp\/v2\/media\/9715"}],"wp:attachment":[{"href":"https:\/\/www.fratinardi.it\/blog\/wp-json\/wp\/v2\/media?parent=9698"}],"wp:term":[{"taxonomy":"category","embeddable":true,"href":"https:\/\/www.fratinardi.it\/blog\/wp-json\/wp\/v2\/categories?post=9698"},{"taxonomy":"post_tag","embeddable":true,"href":"https:\/\/www.fratinardi.it\/blog\/wp-json\/wp\/v2\/tags?post=9698"}],"curies":[{"name":"wp","href":"https:\/\/api.w.org\/{rel}","templated":true}]}}