{"id":9276,"date":"2018-06-14T15:29:11","date_gmt":"2018-06-14T13:29:11","guid":{"rendered":"https:\/\/www.fratinardi.it\/blog\/?p=9276"},"modified":"2018-06-14T15:29:11","modified_gmt":"2018-06-14T13:29:11","slug":"pashbag-by-latelier-du-sac-borsa-e-pashmina-insieme","status":"publish","type":"post","link":"https:\/\/www.fratinardi.it\/blog\/pashbag-by-latelier-du-sac-borsa-e-pashmina-insieme\/","title":{"rendered":"Pashbag by L\u2019Atelier Du Sac: borsa e pashmina insieme"},"content":{"rendered":"<p style=\"text-align: center;\"><em>Borsa e Pashmina? Il connubio perfetto per ogni fashion victim! <\/em><\/p>\n<p><a href=\"https:\/\/www.fratinardi.it\/it\/brands\/borse-e-accessori\/atelier-du-sac.html\"><strong>Pashbag by l\u2019Atelier du Sac<\/strong><\/a>\u00a0incarna perfettamente questo mood e nasce dall\u2019 intuizione della giovane designer Silvia Tirabasso. Un progetto brillante, la borsa che viene venduta abbinata alla pashmina, ottenuto attraverso una continua innovazione ed una ricerca stilistica, il cui risultato \u00e8 la realizzazione di creazioni che si confermano essere un concentrato di sobriet\u00e0, vivacit\u00e0 e femminilit\u00e0.<\/p>\n<p>Pashbag by L\u2019Atelier du Sac \u00e8 caratterizzato da un mondo pieno di colori, di stampe fantasiose, fiori, righe e pois, un vero concentrato di stile:\u00a0 shopping bag, borse a tracolla, pochette e zaini, allegre, dinamiche e raffinate, diverse nella forma e nel colore. Un modello per ogni occasione e personalit\u00e0, avrete solo l\u2019imbarazzo della scelta!<\/p>\n\n\t\t<style type=\"text\/css\">\n\t\t\t#gallery-1 {\n\t\t\t\tmargin: auto;\n\t\t\t}\n\t\t\t#gallery-1 .gallery-item {\n\t\t\t\tfloat: left;\n\t\t\t\tmargin-top: 10px;\n\t\t\t\ttext-align: center;\n\t\t\t\twidth: 33%;\n\t\t\t}\n\t\t\t#gallery-1 img {\n\t\t\t\tborder: 2px solid #cfcfcf;\n\t\t\t}\n\t\t\t#gallery-1 .gallery-caption {\n\t\t\t\tmargin-left: 0;\n\t\t\t}\n\t\t\t\/* see gallery_shortcode() in wp-includes\/media.php *\/\n\t\t<\/style>\n\t\t<div id='gallery-1' class='gallery galleryid-9276 gallery-columns-3 gallery-size-thumbnail'><dl class='gallery-item'>\n\t\t\t<dt class='gallery-icon landscape'>\n\t\t\t\t<a href='https:\/\/www.fratinardi.it\/blog\/pashbag-by-latelier-du-sac-borsa-e-pashmina-insieme\/33901970_1637923122943185_1243900495462924288_n\/'><img loading=\"lazy\" decoding=\"async\" width=\"150\" height=\"150\" src=\"https:\/\/www.fratinardi.it\/blog\/wp-content\/uploads\/2018\/06\/33901970_1637923122943185_1243900495462924288_n-150x150.jpg\" class=\"attachment-thumbnail size-thumbnail\" alt=\"L&#039; Atelier du Sac\" srcset=\"https:\/\/www.fratinardi.it\/blog\/wp-content\/uploads\/2018\/06\/33901970_1637923122943185_1243900495462924288_n-150x150.jpg 150w, https:\/\/www.fratinardi.it\/blog\/wp-content\/uploads\/2018\/06\/33901970_1637923122943185_1243900495462924288_n-300x297.jpg 300w, https:\/\/www.fratinardi.it\/blog\/wp-content\/uploads\/2018\/06\/33901970_1637923122943185_1243900495462924288_n-303x300.jpg 303w, https:\/\/www.fratinardi.it\/blog\/wp-content\/uploads\/2018\/06\/33901970_1637923122943185_1243900495462924288_n.jpg 550w\" sizes=\"(max-width: 150px) 100vw, 150px\" \/><\/a>\n\t\t\t<\/dt><\/dl><dl class='gallery-item'>\n\t\t\t<dt class='gallery-icon landscape'>\n\t\t\t\t<a href='https:\/\/www.fratinardi.it\/blog\/pashbag-by-latelier-du-sac-borsa-e-pashmina-insieme\/33964680_1637923052943192_2482675969660289024_n\/'><img loading=\"lazy\" decoding=\"async\" width=\"150\" height=\"150\" src=\"https:\/\/www.fratinardi.it\/blog\/wp-content\/uploads\/2018\/06\/33964680_1637923052943192_2482675969660289024_n-150x150.jpg\" class=\"attachment-thumbnail size-thumbnail\" alt=\"L&#039; Atelier du Sac\" srcset=\"https:\/\/www.fratinardi.it\/blog\/wp-content\/uploads\/2018\/06\/33964680_1637923052943192_2482675969660289024_n-150x150.jpg 150w, https:\/\/www.fratinardi.it\/blog\/wp-content\/uploads\/2018\/06\/33964680_1637923052943192_2482675969660289024_n-300x299.jpg 300w, https:\/\/www.fratinardi.it\/blog\/wp-content\/uploads\/2018\/06\/33964680_1637923052943192_2482675969660289024_n-301x300.jpg 301w, https:\/\/www.fratinardi.it\/blog\/wp-content\/uploads\/2018\/06\/33964680_1637923052943192_2482675969660289024_n.jpg 538w\" sizes=\"(max-width: 150px) 100vw, 150px\" \/><\/a>\n\t\t\t<\/dt><\/dl><dl class='gallery-item'>\n\t\t\t<dt class='gallery-icon landscape'>\n\t\t\t\t<a href='https:\/\/www.fratinardi.it\/blog\/pashbag-by-latelier-du-sac-borsa-e-pashmina-insieme\/33922242_1637923042943193_73848367767093248_n\/'><img loading=\"lazy\" decoding=\"async\" width=\"150\" height=\"150\" src=\"https:\/\/www.fratinardi.it\/blog\/wp-content\/uploads\/2018\/06\/33922242_1637923042943193_73848367767093248_n-150x150.jpg\" class=\"attachment-thumbnail size-thumbnail\" alt=\"L&#039; Atelier du Sac\" srcset=\"https:\/\/www.fratinardi.it\/blog\/wp-content\/uploads\/2018\/06\/33922242_1637923042943193_73848367767093248_n-150x150.jpg 150w, https:\/\/www.fratinardi.it\/blog\/wp-content\/uploads\/2018\/06\/33922242_1637923042943193_73848367767093248_n-300x298.jpg 300w, https:\/\/www.fratinardi.it\/blog\/wp-content\/uploads\/2018\/06\/33922242_1637923042943193_73848367767093248_n-302x300.jpg 302w, https:\/\/www.fratinardi.it\/blog\/wp-content\/uploads\/2018\/06\/33922242_1637923042943193_73848367767093248_n.jpg 542w\" sizes=\"(max-width: 150px) 100vw, 150px\" \/><\/a>\n\t\t\t<\/dt><\/dl><br style=\"clear: both\" \/>\n\t\t<\/div>\n\n<p><!--more--><\/p>\n<p>La nuova collezione primavera estate 2018 del brand <a href=\"https:\/\/www.fratinardi.it\/it\/brands\/borse-e-accessori\/atelier-du-sac.html\"><strong>Pashbag by l\u2019Atelier du Sac<\/strong><\/a> \u00e8 caratterizzata dalle nuove tendenze di stagione:<\/p>\n<p style=\"text-align: center;\"><strong>TROPICAL MOOD<\/strong><\/p>\n\n\t\t<style type=\"text\/css\">\n\t\t\t#gallery-2 {\n\t\t\t\tmargin: auto;\n\t\t\t}\n\t\t\t#gallery-2 .gallery-item {\n\t\t\t\tfloat: left;\n\t\t\t\tmargin-top: 10px;\n\t\t\t\ttext-align: center;\n\t\t\t\twidth: 33%;\n\t\t\t}\n\t\t\t#gallery-2 img {\n\t\t\t\tborder: 2px solid #cfcfcf;\n\t\t\t}\n\t\t\t#gallery-2 .gallery-caption {\n\t\t\t\tmargin-left: 0;\n\t\t\t}\n\t\t\t\/* see gallery_shortcode() in wp-includes\/media.php *\/\n\t\t<\/style>\n\t\t<div id='gallery-2' class='gallery galleryid-9276 gallery-columns-3 gallery-size-thumbnail'><dl class='gallery-item'>\n\t\t\t<dt class='gallery-icon landscape'>\n\t\t\t\t<a href='https:\/\/www.fratinardi.it\/blog\/pashbag-by-latelier-du-sac-borsa-e-pashmina-insieme\/6713_\/'><img loading=\"lazy\" decoding=\"async\" width=\"150\" height=\"150\" src=\"https:\/\/www.fratinardi.it\/blog\/wp-content\/uploads\/2018\/06\/6713_-150x150.jpg\" class=\"attachment-thumbnail size-thumbnail\" alt=\"L&#039; Atelier du Sac\" srcset=\"https:\/\/www.fratinardi.it\/blog\/wp-content\/uploads\/2018\/06\/6713_-150x150.jpg 150w, https:\/\/www.fratinardi.it\/blog\/wp-content\/uploads\/2018\/06\/6713_-300x300.jpg 300w, https:\/\/www.fratinardi.it\/blog\/wp-content\/uploads\/2018\/06\/6713_-768x768.jpg 768w, https:\/\/www.fratinardi.it\/blog\/wp-content\/uploads\/2018\/06\/6713_-1024x1024.jpg 1024w, https:\/\/www.fratinardi.it\/blog\/wp-content\/uploads\/2018\/06\/6713_.jpg 1200w\" sizes=\"(max-width: 150px) 100vw, 150px\" \/><\/a>\n\t\t\t<\/dt><\/dl><dl class='gallery-item'>\n\t\t\t<dt class='gallery-icon landscape'>\n\t\t\t\t<a href='https:\/\/www.fratinardi.it\/blog\/pashbag-by-latelier-du-sac-borsa-e-pashmina-insieme\/6716_\/'><img loading=\"lazy\" decoding=\"async\" width=\"150\" height=\"150\" src=\"https:\/\/www.fratinardi.it\/blog\/wp-content\/uploads\/2018\/06\/6716_-150x150.jpg\" class=\"attachment-thumbnail size-thumbnail\" alt=\"L&#039; Atelier du Sac\" srcset=\"https:\/\/www.fratinardi.it\/blog\/wp-content\/uploads\/2018\/06\/6716_-150x150.jpg 150w, https:\/\/www.fratinardi.it\/blog\/wp-content\/uploads\/2018\/06\/6716_-300x300.jpg 300w, https:\/\/www.fratinardi.it\/blog\/wp-content\/uploads\/2018\/06\/6716_-768x768.jpg 768w, https:\/\/www.fratinardi.it\/blog\/wp-content\/uploads\/2018\/06\/6716_-1024x1024.jpg 1024w, https:\/\/www.fratinardi.it\/blog\/wp-content\/uploads\/2018\/06\/6716_.jpg 1200w\" sizes=\"(max-width: 150px) 100vw, 150px\" \/><\/a>\n\t\t\t<\/dt><\/dl>\n\t\t\t<br style='clear: both' \/>\n\t\t<\/div>\n\n<p>Divertente la stampa con i tucani, simbolo della natura pi\u00f9 incontaminata. La borsa <em>Wild Havana<\/em> \u00e8 la perfetta compagna per gli animi selvaggi che sognano mondi lontani.<\/p>\n<p style=\"text-align: center;\"><strong>VEGAS NIGHT<\/strong><\/p>\n\n\t\t<style type=\"text\/css\">\n\t\t\t#gallery-3 {\n\t\t\t\tmargin: auto;\n\t\t\t}\n\t\t\t#gallery-3 .gallery-item {\n\t\t\t\tfloat: left;\n\t\t\t\tmargin-top: 10px;\n\t\t\t\ttext-align: center;\n\t\t\t\twidth: 33%;\n\t\t\t}\n\t\t\t#gallery-3 img {\n\t\t\t\tborder: 2px solid #cfcfcf;\n\t\t\t}\n\t\t\t#gallery-3 .gallery-caption {\n\t\t\t\tmargin-left: 0;\n\t\t\t}\n\t\t\t\/* see gallery_shortcode() in wp-includes\/media.php *\/\n\t\t<\/style>\n\t\t<div id='gallery-3' class='gallery galleryid-9276 gallery-columns-3 gallery-size-thumbnail'><dl class='gallery-item'>\n\t\t\t<dt class='gallery-icon landscape'>\n\t\t\t\t<a href='https:\/\/www.fratinardi.it\/blog\/pashbag-by-latelier-du-sac-borsa-e-pashmina-insieme\/6694_\/'><img loading=\"lazy\" decoding=\"async\" width=\"150\" height=\"150\" src=\"https:\/\/www.fratinardi.it\/blog\/wp-content\/uploads\/2018\/06\/6694_-150x150.jpg\" class=\"attachment-thumbnail size-thumbnail\" alt=\"L&#039; Atelier du Sac\" srcset=\"https:\/\/www.fratinardi.it\/blog\/wp-content\/uploads\/2018\/06\/6694_-150x150.jpg 150w, https:\/\/www.fratinardi.it\/blog\/wp-content\/uploads\/2018\/06\/6694_-300x300.jpg 300w, https:\/\/www.fratinardi.it\/blog\/wp-content\/uploads\/2018\/06\/6694_-768x768.jpg 768w, https:\/\/www.fratinardi.it\/blog\/wp-content\/uploads\/2018\/06\/6694_-1024x1024.jpg 1024w, https:\/\/www.fratinardi.it\/blog\/wp-content\/uploads\/2018\/06\/6694_.jpg 1200w\" sizes=\"(max-width: 150px) 100vw, 150px\" \/><\/a>\n\t\t\t<\/dt><\/dl><dl class='gallery-item'>\n\t\t\t<dt class='gallery-icon landscape'>\n\t\t\t\t<a href='https:\/\/www.fratinardi.it\/blog\/pashbag-by-latelier-du-sac-borsa-e-pashmina-insieme\/6693_\/'><img loading=\"lazy\" decoding=\"async\" width=\"150\" height=\"150\" src=\"https:\/\/www.fratinardi.it\/blog\/wp-content\/uploads\/2018\/06\/6693_-150x150.jpg\" class=\"attachment-thumbnail size-thumbnail\" alt=\"L&#039; Atelier du Sac\" srcset=\"https:\/\/www.fratinardi.it\/blog\/wp-content\/uploads\/2018\/06\/6693_-150x150.jpg 150w, https:\/\/www.fratinardi.it\/blog\/wp-content\/uploads\/2018\/06\/6693_-300x300.jpg 300w, https:\/\/www.fratinardi.it\/blog\/wp-content\/uploads\/2018\/06\/6693_-768x768.jpg 768w, https:\/\/www.fratinardi.it\/blog\/wp-content\/uploads\/2018\/06\/6693_-1024x1024.jpg 1024w, https:\/\/www.fratinardi.it\/blog\/wp-content\/uploads\/2018\/06\/6693_.jpg 1200w\" sizes=\"(max-width: 150px) 100vw, 150px\" \/><\/a>\n\t\t\t<\/dt><\/dl><dl class='gallery-item'>\n\t\t\t<dt class='gallery-icon landscape'>\n\t\t\t\t<a href='https:\/\/www.fratinardi.it\/blog\/pashbag-by-latelier-du-sac-borsa-e-pashmina-insieme\/6686_\/'><img loading=\"lazy\" decoding=\"async\" width=\"150\" height=\"150\" src=\"https:\/\/www.fratinardi.it\/blog\/wp-content\/uploads\/2018\/06\/6686_-150x150.jpg\" class=\"attachment-thumbnail size-thumbnail\" alt=\"L&#039; Atelier du Sac\" srcset=\"https:\/\/www.fratinardi.it\/blog\/wp-content\/uploads\/2018\/06\/6686_-150x150.jpg 150w, https:\/\/www.fratinardi.it\/blog\/wp-content\/uploads\/2018\/06\/6686_-300x300.jpg 300w, https:\/\/www.fratinardi.it\/blog\/wp-content\/uploads\/2018\/06\/6686_-768x768.jpg 768w, https:\/\/www.fratinardi.it\/blog\/wp-content\/uploads\/2018\/06\/6686_-1024x1024.jpg 1024w, https:\/\/www.fratinardi.it\/blog\/wp-content\/uploads\/2018\/06\/6686_.jpg 1200w\" sizes=\"(max-width: 150px) 100vw, 150px\" \/><\/a>\n\t\t\t<\/dt><\/dl><br style=\"clear: both\" \/>\n\t\t<\/div>\n\n<p>&nbsp;<\/p>\n<p>I cactus sono i protagonisti, pieni di fiori fucsia, che si contendono la scena con le righe psichedeliche,\u00a0bianche e nere, che fanno da sfondo.<\/p>\n<p style=\"text-align: center;\"><strong>FLOWERS MOOD<\/strong><\/p>\n\n\t\t<style type=\"text\/css\">\n\t\t\t#gallery-4 {\n\t\t\t\tmargin: auto;\n\t\t\t}\n\t\t\t#gallery-4 .gallery-item {\n\t\t\t\tfloat: left;\n\t\t\t\tmargin-top: 10px;\n\t\t\t\ttext-align: center;\n\t\t\t\twidth: 33%;\n\t\t\t}\n\t\t\t#gallery-4 img {\n\t\t\t\tborder: 2px solid #cfcfcf;\n\t\t\t}\n\t\t\t#gallery-4 .gallery-caption {\n\t\t\t\tmargin-left: 0;\n\t\t\t}\n\t\t\t\/* see gallery_shortcode() in wp-includes\/media.php *\/\n\t\t<\/style>\n\t\t<div id='gallery-4' class='gallery galleryid-9276 gallery-columns-3 gallery-size-thumbnail'><dl class='gallery-item'>\n\t\t\t<dt class='gallery-icon landscape'>\n\t\t\t\t<a href='https:\/\/www.fratinardi.it\/blog\/pashbag-by-latelier-du-sac-borsa-e-pashmina-insieme\/6500_\/'><img loading=\"lazy\" decoding=\"async\" width=\"150\" height=\"150\" src=\"https:\/\/www.fratinardi.it\/blog\/wp-content\/uploads\/2018\/06\/6500_-150x150.jpg\" class=\"attachment-thumbnail size-thumbnail\" alt=\"L&#039; Atelier du Sac\" srcset=\"https:\/\/www.fratinardi.it\/blog\/wp-content\/uploads\/2018\/06\/6500_-150x150.jpg 150w, https:\/\/www.fratinardi.it\/blog\/wp-content\/uploads\/2018\/06\/6500_-300x300.jpg 300w, https:\/\/www.fratinardi.it\/blog\/wp-content\/uploads\/2018\/06\/6500_-768x768.jpg 768w, https:\/\/www.fratinardi.it\/blog\/wp-content\/uploads\/2018\/06\/6500_-1024x1024.jpg 1024w, https:\/\/www.fratinardi.it\/blog\/wp-content\/uploads\/2018\/06\/6500_.jpg 1200w\" sizes=\"(max-width: 150px) 100vw, 150px\" \/><\/a>\n\t\t\t<\/dt><\/dl><dl class='gallery-item'>\n\t\t\t<dt class='gallery-icon landscape'>\n\t\t\t\t<a href='https:\/\/www.fratinardi.it\/blog\/pashbag-by-latelier-du-sac-borsa-e-pashmina-insieme\/6509_-1\/'><img loading=\"lazy\" decoding=\"async\" width=\"150\" height=\"150\" src=\"https:\/\/www.fratinardi.it\/blog\/wp-content\/uploads\/2018\/06\/6509_-1-150x150.jpg\" class=\"attachment-thumbnail size-thumbnail\" alt=\"L&#039; Atelier du Sac\" srcset=\"https:\/\/www.fratinardi.it\/blog\/wp-content\/uploads\/2018\/06\/6509_-1-150x150.jpg 150w, https:\/\/www.fratinardi.it\/blog\/wp-content\/uploads\/2018\/06\/6509_-1-300x300.jpg 300w, https:\/\/www.fratinardi.it\/blog\/wp-content\/uploads\/2018\/06\/6509_-1-768x768.jpg 768w, https:\/\/www.fratinardi.it\/blog\/wp-content\/uploads\/2018\/06\/6509_-1-1024x1024.jpg 1024w, https:\/\/www.fratinardi.it\/blog\/wp-content\/uploads\/2018\/06\/6509_-1.jpg 1200w\" sizes=\"(max-width: 150px) 100vw, 150px\" \/><\/a>\n\t\t\t<\/dt><\/dl><dl class='gallery-item'>\n\t\t\t<dt class='gallery-icon landscape'>\n\t\t\t\t<a href='https:\/\/www.fratinardi.it\/blog\/pashbag-by-latelier-du-sac-borsa-e-pashmina-insieme\/6502__1_\/'><img loading=\"lazy\" decoding=\"async\" width=\"150\" height=\"150\" src=\"https:\/\/www.fratinardi.it\/blog\/wp-content\/uploads\/2018\/06\/6502__1_-150x150.jpg\" class=\"attachment-thumbnail size-thumbnail\" alt=\"L&#039; Atelier du Sac\" srcset=\"https:\/\/www.fratinardi.it\/blog\/wp-content\/uploads\/2018\/06\/6502__1_-150x150.jpg 150w, https:\/\/www.fratinardi.it\/blog\/wp-content\/uploads\/2018\/06\/6502__1_-300x300.jpg 300w, https:\/\/www.fratinardi.it\/blog\/wp-content\/uploads\/2018\/06\/6502__1_-768x768.jpg 768w, https:\/\/www.fratinardi.it\/blog\/wp-content\/uploads\/2018\/06\/6502__1_-1024x1024.jpg 1024w, https:\/\/www.fratinardi.it\/blog\/wp-content\/uploads\/2018\/06\/6502__1_.jpg 1200w\" sizes=\"(max-width: 150px) 100vw, 150px\" \/><\/a>\n\t\t\t<\/dt><\/dl><br style=\"clear: both\" \/>\n\t\t<\/div>\n\n<p>E ancora, per gli amanti delle realt\u00e0 floreali, la borsa Paris<strong>\u00a0<\/strong>ovvero la linea che, presenta una cascata di fiori primaverili<\/p>\n<h6 style=\"text-align: center;\"><strong>ZAINI<\/strong><\/h6>\n\n\t\t<style type=\"text\/css\">\n\t\t\t#gallery-5 {\n\t\t\t\tmargin: auto;\n\t\t\t}\n\t\t\t#gallery-5 .gallery-item {\n\t\t\t\tfloat: left;\n\t\t\t\tmargin-top: 10px;\n\t\t\t\ttext-align: center;\n\t\t\t\twidth: 33%;\n\t\t\t}\n\t\t\t#gallery-5 img {\n\t\t\t\tborder: 2px solid #cfcfcf;\n\t\t\t}\n\t\t\t#gallery-5 .gallery-caption {\n\t\t\t\tmargin-left: 0;\n\t\t\t}\n\t\t\t\/* see gallery_shortcode() in wp-includes\/media.php *\/\n\t\t<\/style>\n\t\t<div id='gallery-5' class='gallery galleryid-9276 gallery-columns-3 gallery-size-thumbnail'><dl class='gallery-item'>\n\t\t\t<dt class='gallery-icon landscape'>\n\t\t\t\t<a href='https:\/\/www.fratinardi.it\/blog\/pashbag-by-latelier-du-sac-borsa-e-pashmina-insieme\/6812_\/'><img loading=\"lazy\" decoding=\"async\" width=\"150\" height=\"150\" src=\"https:\/\/www.fratinardi.it\/blog\/wp-content\/uploads\/2018\/06\/6812_-150x150.jpg\" class=\"attachment-thumbnail size-thumbnail\" alt=\"L&#039; Atelier du Sac\" srcset=\"https:\/\/www.fratinardi.it\/blog\/wp-content\/uploads\/2018\/06\/6812_-150x150.jpg 150w, https:\/\/www.fratinardi.it\/blog\/wp-content\/uploads\/2018\/06\/6812_-300x300.jpg 300w, https:\/\/www.fratinardi.it\/blog\/wp-content\/uploads\/2018\/06\/6812_-768x768.jpg 768w, https:\/\/www.fratinardi.it\/blog\/wp-content\/uploads\/2018\/06\/6812_-1024x1024.jpg 1024w, https:\/\/www.fratinardi.it\/blog\/wp-content\/uploads\/2018\/06\/6812_.jpg 1200w\" sizes=\"(max-width: 150px) 100vw, 150px\" \/><\/a>\n\t\t\t<\/dt><\/dl><dl class='gallery-item'>\n\t\t\t<dt class='gallery-icon landscape'>\n\t\t\t\t<a href='https:\/\/www.fratinardi.it\/blog\/pashbag-by-latelier-du-sac-borsa-e-pashmina-insieme\/6599_\/'><img loading=\"lazy\" decoding=\"async\" width=\"150\" height=\"150\" src=\"https:\/\/www.fratinardi.it\/blog\/wp-content\/uploads\/2018\/06\/6599_-150x150.jpg\" class=\"attachment-thumbnail size-thumbnail\" alt=\"L&#039; Atelier du Sac\" srcset=\"https:\/\/www.fratinardi.it\/blog\/wp-content\/uploads\/2018\/06\/6599_-150x150.jpg 150w, https:\/\/www.fratinardi.it\/blog\/wp-content\/uploads\/2018\/06\/6599_-300x300.jpg 300w, https:\/\/www.fratinardi.it\/blog\/wp-content\/uploads\/2018\/06\/6599_-768x768.jpg 768w, https:\/\/www.fratinardi.it\/blog\/wp-content\/uploads\/2018\/06\/6599_-1024x1024.jpg 1024w, https:\/\/www.fratinardi.it\/blog\/wp-content\/uploads\/2018\/06\/6599_.jpg 1200w\" sizes=\"(max-width: 150px) 100vw, 150px\" \/><\/a>\n\t\t\t<\/dt><\/dl><dl class='gallery-item'>\n\t\t\t<dt class='gallery-icon landscape'>\n\t\t\t\t<a href='https:\/\/www.fratinardi.it\/blog\/pashbag-by-latelier-du-sac-borsa-e-pashmina-insieme\/6713_-2\/'><img loading=\"lazy\" decoding=\"async\" width=\"150\" height=\"150\" src=\"https:\/\/www.fratinardi.it\/blog\/wp-content\/uploads\/2018\/06\/6713_-1-150x150.jpg\" class=\"attachment-thumbnail size-thumbnail\" alt=\"\" srcset=\"https:\/\/www.fratinardi.it\/blog\/wp-content\/uploads\/2018\/06\/6713_-1-150x150.jpg 150w, https:\/\/www.fratinardi.it\/blog\/wp-content\/uploads\/2018\/06\/6713_-1-300x300.jpg 300w, https:\/\/www.fratinardi.it\/blog\/wp-content\/uploads\/2018\/06\/6713_-1-768x768.jpg 768w, https:\/\/www.fratinardi.it\/blog\/wp-content\/uploads\/2018\/06\/6713_-1-1024x1024.jpg 1024w, https:\/\/www.fratinardi.it\/blog\/wp-content\/uploads\/2018\/06\/6713_-1.jpg 1200w\" sizes=\"(max-width: 150px) 100vw, 150px\" \/><\/a>\n\t\t\t<\/dt><\/dl><br style=\"clear: both\" \/>\n\t\t<\/div>\n\n<p style=\"background: white; margin: 0cm 0cm 21.0pt 0cm;\"><span style=\"font-family: 'Georgia',serif; color: #1a1a1a;\">Gli zaini sono realizzati in una versione moderna e decisamente fashion. Pratici, comodi e glamour sono un vero\u00a0passe-partout da sfoggiare sia di giorno che di sera.<\/span><\/p>\n<p>Fatevi ispirare dalle nostre idee di shopping, ricercate il vostro modello perfetto e per ulteriori informazioni o chiarimenti contattateci al nostro servizio di assistenza : 0289952415 o\u00a0<a href=\"mailto:assistenza@fratinardi.it\">tramite\u00a0e-mail<\/a>: <a href=\"mailto:assistenza@fratinardi.it\">assistenza@fratinardi.it<\/a>.<\/p>\n","protected":false},"excerpt":{"rendered":"<p>Borsa e Pashmina? Il connubio perfetto per ogni fashion victim! Pashbag by l\u2019Atelier du Sac\u00a0incarna perfettamente questo mood e nasce dall\u2019 intuizione della giovane designer Silvia Tirabasso. Un progetto brillante, la borsa che viene venduta abbinata alla pashmina, ottenuto attraverso &hellip; <a href=\"https:\/\/www.fratinardi.it\/blog\/pashbag-by-latelier-du-sac-borsa-e-pashmina-insieme\/\">Continue reading <span class=\"meta-nav\">&rarr;<\/span><\/a><\/p>\n","protected":false},"author":2,"featured_media":0,"comment_status":"open","ping_status":"open","sticky":false,"template":"","format":"standard","meta":{"footnotes":""},"categories":[5],"tags":[8,10,215,85,1108],"_links":{"self":[{"href":"https:\/\/www.fratinardi.it\/blog\/wp-json\/wp\/v2\/posts\/9276"}],"collection":[{"href":"https:\/\/www.fratinardi.it\/blog\/wp-json\/wp\/v2\/posts"}],"about":[{"href":"https:\/\/www.fratinardi.it\/blog\/wp-json\/wp\/v2\/types\/post"}],"author":[{"embeddable":true,"href":"https:\/\/www.fratinardi.it\/blog\/wp-json\/wp\/v2\/users\/2"}],"replies":[{"embeddable":true,"href":"https:\/\/www.fratinardi.it\/blog\/wp-json\/wp\/v2\/comments?post=9276"}],"version-history":[{"count":2,"href":"https:\/\/www.fratinardi.it\/blog\/wp-json\/wp\/v2\/posts\/9276\/revisions"}],"predecessor-version":[{"id":9296,"href":"https:\/\/www.fratinardi.it\/blog\/wp-json\/wp\/v2\/posts\/9276\/revisions\/9296"}],"wp:attachment":[{"href":"https:\/\/www.fratinardi.it\/blog\/wp-json\/wp\/v2\/media?parent=9276"}],"wp:term":[{"taxonomy":"category","embeddable":true,"href":"https:\/\/www.fratinardi.it\/blog\/wp-json\/wp\/v2\/categories?post=9276"},{"taxonomy":"post_tag","embeddable":true,"href":"https:\/\/www.fratinardi.it\/blog\/wp-json\/wp\/v2\/tags?post=9276"}],"curies":[{"name":"wp","href":"https:\/\/api.w.org\/{rel}","templated":true}]}}