{"id":9185,"date":"2018-05-18T14:19:57","date_gmt":"2018-05-18T12:19:57","guid":{"rendered":"https:\/\/www.fratinardi.it\/blog\/?p=9185"},"modified":"2018-05-18T14:21:18","modified_gmt":"2018-05-18T12:21:18","slug":"alviero-martini-prima-classe-stile-italiano-e-patrimonio-artigianale","status":"publish","type":"post","link":"https:\/\/www.fratinardi.it\/blog\/alviero-martini-prima-classe-stile-italiano-e-patrimonio-artigianale\/","title":{"rendered":"ALVIERO MARTINI PRIMA CLASSE: stile italiano e patrimonio artigianale"},"content":{"rendered":"<p><a href=\"https:\/\/www.fratinardi.it\/it\/brands\/scarpe\/alviero-martini.html\">Alviero Martini<\/a> \u00e8 l\u2019azienda che opera nel settore moda, caratterizzato dall\u2019 inconfondibile stile italiano e dalla iconica mappa geo, elemento distintivo e patrimonio artigianale del brand, che caratterizza gran parte delle loro collezioni. \u00a0Ogni prodotto realizzato \u00e8 la sintesi perfetta di originalit\u00e0, creativit\u00e0, eccellenza artigianale e avanguardia produttiva. Ispirate al viaggio urbano, le varie collezioni <em>Alviero Martini Prima Classe<\/em> sono disegnate e progettate a mano in Italia con un percorso stilistico in continua evoluzione.<\/p>\n\n\t\t<style type=\"text\/css\">\n\t\t\t#gallery-1 {\n\t\t\t\tmargin: auto;\n\t\t\t}\n\t\t\t#gallery-1 .gallery-item {\n\t\t\t\tfloat: left;\n\t\t\t\tmargin-top: 10px;\n\t\t\t\ttext-align: center;\n\t\t\t\twidth: 33%;\n\t\t\t}\n\t\t\t#gallery-1 img {\n\t\t\t\tborder: 2px solid #cfcfcf;\n\t\t\t}\n\t\t\t#gallery-1 .gallery-caption {\n\t\t\t\tmargin-left: 0;\n\t\t\t}\n\t\t\t\/* see gallery_shortcode() in wp-includes\/media.php *\/\n\t\t<\/style>\n\t\t<div id='gallery-1' class='gallery galleryid-9185 gallery-columns-3 gallery-size-thumbnail'><dl class='gallery-item'>\n\t\t\t<dt class='gallery-icon landscape'>\n\t\t\t\t<a href='https:\/\/www.fratinardi.it\/blog\/alviero-martini-prima-classe-stile-italiano-e-patrimonio-artigianale\/31357964_1634471546600913_6683255904722223104_n\/'><img loading=\"lazy\" decoding=\"async\" width=\"150\" height=\"150\" src=\"https:\/\/www.fratinardi.it\/blog\/wp-content\/uploads\/2018\/05\/31357964_1634471546600913_6683255904722223104_n-150x150.jpg\" class=\"attachment-thumbnail size-thumbnail\" alt=\"Alviero Martini Prima Classe Primavera Estate 2018\" \/><\/a>\n\t\t\t<\/dt><\/dl><dl class='gallery-item'>\n\t\t\t<dt class='gallery-icon landscape'>\n\t\t\t\t<a href='https:\/\/www.fratinardi.it\/blog\/alviero-martini-prima-classe-stile-italiano-e-patrimonio-artigianale\/32203021_1647936971921037_99059628226117632_n\/'><img loading=\"lazy\" decoding=\"async\" width=\"150\" height=\"150\" src=\"https:\/\/www.fratinardi.it\/blog\/wp-content\/uploads\/2018\/05\/32203021_1647936971921037_99059628226117632_n-150x150.jpg\" class=\"attachment-thumbnail size-thumbnail\" alt=\"Alviero Martini Prima Classe Primavera Estate 2018\" srcset=\"https:\/\/www.fratinardi.it\/blog\/wp-content\/uploads\/2018\/05\/32203021_1647936971921037_99059628226117632_n-150x150.jpg 150w, https:\/\/www.fratinardi.it\/blog\/wp-content\/uploads\/2018\/05\/32203021_1647936971921037_99059628226117632_n-300x300.jpg 300w, https:\/\/www.fratinardi.it\/blog\/wp-content\/uploads\/2018\/05\/32203021_1647936971921037_99059628226117632_n-768x768.jpg 768w, https:\/\/www.fratinardi.it\/blog\/wp-content\/uploads\/2018\/05\/32203021_1647936971921037_99059628226117632_n.jpg 960w\" sizes=\"(max-width: 150px) 100vw, 150px\" \/><\/a>\n\t\t\t<\/dt><\/dl><dl class='gallery-item'>\n\t\t\t<dt class='gallery-icon landscape'>\n\t\t\t\t<a href='https:\/\/www.fratinardi.it\/blog\/alviero-martini-prima-classe-stile-italiano-e-patrimonio-artigianale\/slide6_dv_18\/'><img loading=\"lazy\" decoding=\"async\" width=\"150\" height=\"150\" src=\"https:\/\/www.fratinardi.it\/blog\/wp-content\/uploads\/2018\/05\/Slide6_DV_18-150x150.jpg\" class=\"attachment-thumbnail size-thumbnail\" alt=\"Alviero Martini Prima Classe Primavera Estate 2018\" \/><\/a>\n\t\t\t<\/dt><\/dl><br style=\"clear: both\" \/>\n\t\t<\/div>\n\n<p><!--more--><\/p>\n<p>Le ultime novit\u00e0 da non perdere sono le calzature della nuova collezione di scarpe <strong>Alviero Martini Prima Classe Primavera Estate 2018<\/strong> disponibili online sul negozio <a href=\"https:\/\/www.fratinardi.it\/it\/brands\/scarpe\/alviero-martini.html\">Fratinardi.it<\/a>. Calzature realizzate utilizzando pellami pregiati abbelliti dall\u2019 iconica stampa Geo Classic che tutte le fashion victims adorano, per il loro stile moderno ma al contempo raffinato.<\/p>\n<p><a href=\"https:\/\/www.fratinardi.it\/blog\/wp-content\/uploads\/2018\/05\/FireShot-Capture-494-Alviero-Martini-1\u00aa-Classe-Visita-Il-Si_-https___www.alvieromartini.it_it_.jpg\"><img loading=\"lazy\" decoding=\"async\" class=\"alignleft wp-image-9188 size-thumbnail\" src=\"https:\/\/www.fratinardi.it\/blog\/wp-content\/uploads\/2018\/05\/FireShot-Capture-494-Alviero-Martini-1\u00aa-Classe-Visita-Il-Si_-https___www.alvieromartini.it_it_-150x150.jpg\" alt=\"\" width=\"150\" height=\"150\" \/><\/a>Collegandovi alla sezione Alviero Martini disponibile online da Fratinardi, potrete visualizzare tantissimi modelli dalle tonalit\u00e0 diverse tra cui sneakers, stringate e sandali, realizzati in pelle, vernice, suede o nell&#8217; elegante trama Geo Classic a tema geografico. Ad ogni articolo \u00e8 associato il prezzo della calzatura e le relative taglie disponibili.<\/p>\n<p>Adorate le scarpe <em>Geo Crossing Alviero Martini Prima Classe<\/em>? Da Fratinardi, troverete un\u2019ampia selezione di modelli e tinte. Queste calzature sono caratterizzate dalla forma robusta tipica delle running shoes e definite per la somiglianza, calzature modello Hogan con suola alta e sagomata.<\/p>\n\n\t\t<style type=\"text\/css\">\n\t\t\t#gallery-2 {\n\t\t\t\tmargin: auto;\n\t\t\t}\n\t\t\t#gallery-2 .gallery-item {\n\t\t\t\tfloat: left;\n\t\t\t\tmargin-top: 10px;\n\t\t\t\ttext-align: center;\n\t\t\t\twidth: 33%;\n\t\t\t}\n\t\t\t#gallery-2 img {\n\t\t\t\tborder: 2px solid #cfcfcf;\n\t\t\t}\n\t\t\t#gallery-2 .gallery-caption {\n\t\t\t\tmargin-left: 0;\n\t\t\t}\n\t\t\t\/* see gallery_shortcode() in wp-includes\/media.php *\/\n\t\t<\/style>\n\t\t<div id='gallery-2' class='gallery galleryid-9185 gallery-columns-3 gallery-size-thumbnail'><dl class='gallery-item'>\n\t\t\t<dt class='gallery-icon portrait'>\n\t\t\t\t<a href='https:\/\/www.fratinardi.it\/blog\/alviero-martini-prima-classe-stile-italiano-e-patrimonio-artigianale\/reduce_\/'><img loading=\"lazy\" decoding=\"async\" width=\"150\" height=\"150\" src=\"https:\/\/www.fratinardi.it\/blog\/wp-content\/uploads\/2018\/05\/reduce_-150x150.jpg\" class=\"attachment-thumbnail size-thumbnail\" alt=\"Alviero Martini Prima Classe Primavera Estate 2018\" \/><\/a>\n\t\t\t<\/dt><\/dl><dl class='gallery-item'>\n\t\t\t<dt class='gallery-icon portrait'>\n\t\t\t\t<a href='https:\/\/www.fratinardi.it\/blog\/alviero-martini-prima-classe-stile-italiano-e-patrimonio-artigianale\/reduce_2\/'><img loading=\"lazy\" decoding=\"async\" width=\"150\" height=\"150\" src=\"https:\/\/www.fratinardi.it\/blog\/wp-content\/uploads\/2018\/05\/reduce_2-150x150.jpg\" class=\"attachment-thumbnail size-thumbnail\" alt=\"Alviero Martini Prima Classe Primavera Estate 2018\" \/><\/a>\n\t\t\t<\/dt><\/dl><dl class='gallery-item'>\n\t\t\t<dt class='gallery-icon portrait'>\n\t\t\t\t<a href='https:\/\/www.fratinardi.it\/blog\/alviero-martini-prima-classe-stile-italiano-e-patrimonio-artigianale\/reduc_3\/'><img loading=\"lazy\" decoding=\"async\" width=\"150\" height=\"150\" src=\"https:\/\/www.fratinardi.it\/blog\/wp-content\/uploads\/2018\/05\/reduc_3-150x150.jpg\" class=\"attachment-thumbnail size-thumbnail\" alt=\"Alviero Martini Prima Classe Primavera Estate 2018\" \/><\/a>\n\t\t\t<\/dt><\/dl><br style=\"clear: both\" \/><dl class='gallery-item'>\n\t\t\t<dt class='gallery-icon portrait'>\n\t\t\t\t<a href='https:\/\/www.fratinardi.it\/blog\/alviero-martini-prima-classe-stile-italiano-e-patrimonio-artigianale\/alviero30\/'><img loading=\"lazy\" decoding=\"async\" width=\"150\" height=\"150\" src=\"https:\/\/www.fratinardi.it\/blog\/wp-content\/uploads\/2018\/05\/alviero30-150x150.jpg\" class=\"attachment-thumbnail size-thumbnail\" alt=\"Alviero Martini Prima Classe Primavera Estate 2018\" \/><\/a>\n\t\t\t<\/dt><\/dl><dl class='gallery-item'>\n\t\t\t<dt class='gallery-icon portrait'>\n\t\t\t\t<a href='https:\/\/www.fratinardi.it\/blog\/alviero-martini-prima-classe-stile-italiano-e-patrimonio-artigianale\/alviero20_1\/'><img loading=\"lazy\" decoding=\"async\" width=\"150\" height=\"150\" src=\"https:\/\/www.fratinardi.it\/blog\/wp-content\/uploads\/2018\/05\/alviero20_1-150x150.jpg\" class=\"attachment-thumbnail size-thumbnail\" alt=\"Alviero Martini Prima Classe Primavera Estate 2018\" \/><\/a>\n\t\t\t<\/dt><\/dl><dl class='gallery-item'>\n\t\t\t<dt class='gallery-icon portrait'>\n\t\t\t\t<a href='https:\/\/www.fratinardi.it\/blog\/alviero-martini-prima-classe-stile-italiano-e-patrimonio-artigianale\/3c0dfc88be2c841a3a609723cba46a67_2\/'><img loading=\"lazy\" decoding=\"async\" width=\"150\" height=\"150\" src=\"https:\/\/www.fratinardi.it\/blog\/wp-content\/uploads\/2018\/05\/3c0dfc88be2c841a3a609723cba46a67_2-150x150.jpg\" class=\"attachment-thumbnail size-thumbnail\" alt=\"Alviero Martini Prima Classe Primavera Estate 2018\" \/><\/a>\n\t\t\t<\/dt><\/dl><br style=\"clear: both\" \/>\n\t\t<\/div>\n\n<p>Alla ricerca di novit\u00e0? Collegatevi e visitate lo shop online fratinardi.it per scoprire la nuova collezione delle calzature Alviero Martini Prima Classe, online sono disponibili anche i modelli della linea Kids.<\/p>\n<p>Per ulteriori informazioni o chiarimenti potrai contattare il nostro servizio assistenza clienti al seguente recapito telefonico 0289952415 o\u00a0<a href=\"mailto:assistenza@fratinardi.it\">tramite\u00a0e-mail<\/a>\u00a0all\u2019indirizzo\u00a0<a href=\"mailto:assistenza@fratinardi.it\">assistenza@fratinardi.it<\/a>.<\/p>\n<p>&nbsp;<\/p>\n","protected":false},"excerpt":{"rendered":"<p>Alviero Martini \u00e8 l\u2019azienda che opera nel settore moda, caratterizzato dall\u2019 inconfondibile stile italiano e dalla iconica mappa geo, elemento distintivo e patrimonio artigianale del brand, che caratterizza gran parte delle loro collezioni. \u00a0Ogni prodotto realizzato \u00e8 la sintesi perfetta &hellip; <a href=\"https:\/\/www.fratinardi.it\/blog\/alviero-martini-prima-classe-stile-italiano-e-patrimonio-artigianale\/\">Continue reading <span class=\"meta-nav\">&rarr;<\/span><\/a><\/p>\n","protected":false},"author":2,"featured_media":0,"comment_status":"open","ping_status":"open","sticky":false,"template":"","format":"standard","meta":{"footnotes":""},"categories":[5],"tags":[8,10,215,85,7],"_links":{"self":[{"href":"https:\/\/www.fratinardi.it\/blog\/wp-json\/wp\/v2\/posts\/9185"}],"collection":[{"href":"https:\/\/www.fratinardi.it\/blog\/wp-json\/wp\/v2\/posts"}],"about":[{"href":"https:\/\/www.fratinardi.it\/blog\/wp-json\/wp\/v2\/types\/post"}],"author":[{"embeddable":true,"href":"https:\/\/www.fratinardi.it\/blog\/wp-json\/wp\/v2\/users\/2"}],"replies":[{"embeddable":true,"href":"https:\/\/www.fratinardi.it\/blog\/wp-json\/wp\/v2\/comments?post=9185"}],"version-history":[{"count":5,"href":"https:\/\/www.fratinardi.it\/blog\/wp-json\/wp\/v2\/posts\/9185\/revisions"}],"predecessor-version":[{"id":9197,"href":"https:\/\/www.fratinardi.it\/blog\/wp-json\/wp\/v2\/posts\/9185\/revisions\/9197"}],"wp:attachment":[{"href":"https:\/\/www.fratinardi.it\/blog\/wp-json\/wp\/v2\/media?parent=9185"}],"wp:term":[{"taxonomy":"category","embeddable":true,"href":"https:\/\/www.fratinardi.it\/blog\/wp-json\/wp\/v2\/categories?post=9185"},{"taxonomy":"post_tag","embeddable":true,"href":"https:\/\/www.fratinardi.it\/blog\/wp-json\/wp\/v2\/tags?post=9185"}],"curies":[{"name":"wp","href":"https:\/\/api.w.org\/{rel}","templated":true}]}}