{"id":9095,"date":"2018-04-13T14:11:50","date_gmt":"2018-04-13T12:11:50","guid":{"rendered":"https:\/\/www.fratinardi.it\/blog\/?p=9095"},"modified":"2018-04-13T14:11:50","modified_gmt":"2018-04-13T12:11:50","slug":"la-moda-ci-vuole-in-riga-il-nuovo-trend-di-stagione","status":"publish","type":"post","link":"https:\/\/www.fratinardi.it\/blog\/la-moda-ci-vuole-in-riga-il-nuovo-trend-di-stagione\/","title":{"rendered":"LA MODA CI VUOLE IN &#8221; RIGA &#8220;, IL NUOVO TREND DI STAGIONE"},"content":{"rendered":"<p style=\"text-align: center;\"><strong>LE RIGHE: il must have di stagione che ci accompagner\u00e0 per la collezione P\/E 2018.<\/strong><\/p>\n<p>Con l\u2019arrivo della primavera, le righe tornano a colorare gli outfit delle modaiole, care amiche, con semplicit\u00e0 e freschezza mista ad aplomb, con essenzialit\u00e0 grafica ed effetto optical.<\/p>\n<p><a href=\"https:\/\/www.fratinardi.it\/blog\/wp-content\/uploads\/2018\/04\/guess.jpg\"><img loading=\"lazy\" decoding=\"async\" class=\"alignleft wp-image-9097 size-medium\" src=\"https:\/\/www.fratinardi.it\/blog\/wp-content\/uploads\/2018\/04\/guess-292x300.jpg\" alt=\"Fantasia a righe., il nuovo trend di stagione\" width=\"292\" height=\"300\" srcset=\"https:\/\/www.fratinardi.it\/blog\/wp-content\/uploads\/2018\/04\/guess-292x300.jpg 292w, https:\/\/www.fratinardi.it\/blog\/wp-content\/uploads\/2018\/04\/guess-768x788.jpg 768w, https:\/\/www.fratinardi.it\/blog\/wp-content\/uploads\/2018\/04\/guess-998x1024.jpg 998w, https:\/\/www.fratinardi.it\/blog\/wp-content\/uploads\/2018\/04\/guess-300x308.jpg 300w, https:\/\/www.fratinardi.it\/blog\/wp-content\/uploads\/2018\/04\/guess.jpg 1099w\" sizes=\"(max-width: 292px) 100vw, 292px\" \/><\/a><\/p>\n<p>Passerelle e vetrine sono state invase da arcobaleni a strisce multicolor, non solo nei colori classici ma in un trionfo di fantasie di forme e colori in cui ciascuna pu\u00f2 trovare il look che desidera. Le <strong>righe<\/strong> quindi, non passano mai di moda e applicate sui capi d\u2019abbigliamento, borse ed accesori e sulle calzature, risultano l\u2019evergreen che accompagna da sempre i nostri look primaverili ed estivi, rendendo ogni nostro outfit sbarazzino, pratico, elegante e trendy secondo l\u2019occasione d\u2019uso.<!--more--><\/p>\n<p><em>La moda quindi ci vuole in riga<\/em>, che sia blu, rossa o nera, \u00e8 un classico senza tempo che non pu\u00f2 mai mancare nel nostro guardaroba estivo.<\/p>\n<p><strong>Come senbrare pi\u00f9 alta?<\/strong> Approfittiamo della nuova tendenza di stagione per guadagnare quei centimetri in pi\u00f9 che purtroppo madre natura non ci ha voluto regalare. Infatti, la fantasia a righe verticale che \u00e8 in cima alla lista dei fashion trend pi\u00f9 amati, ha il vantaggio di slanciare la silhouette in modo impeccabile facendoci risultare pi\u00f9 alte e magre.<\/p>\n<p style=\"text-align: center;\"><strong>Belle e trendy con il fascino ammaliante della fantasia a righe!<\/strong><\/p>\n<p>\u00a0C\u2019\u00e8 una mise in righe per ogni occasione, scegli la tua sullo shop online <a href=\"http:\/\/www.fratinardi.it\">fratinardi.it<\/a>, guarda la galleria fotografica.<\/p>\n\n\t\t<style type=\"text\/css\">\n\t\t\t#gallery-1 {\n\t\t\t\tmargin: auto;\n\t\t\t}\n\t\t\t#gallery-1 .gallery-item {\n\t\t\t\tfloat: left;\n\t\t\t\tmargin-top: 10px;\n\t\t\t\ttext-align: center;\n\t\t\t\twidth: 33%;\n\t\t\t}\n\t\t\t#gallery-1 img {\n\t\t\t\tborder: 2px solid #cfcfcf;\n\t\t\t}\n\t\t\t#gallery-1 .gallery-caption {\n\t\t\t\tmargin-left: 0;\n\t\t\t}\n\t\t\t\/* see gallery_shortcode() in wp-includes\/media.php *\/\n\t\t<\/style>\n\t\t<div id='gallery-1' class='gallery galleryid-9095 gallery-columns-3 gallery-size-thumbnail'><dl class='gallery-item'>\n\t\t\t<dt class='gallery-icon portrait'>\n\t\t\t\t<a href='https:\/\/www.fratinardi.it\/blog\/la-moda-ci-vuole-in-riga-il-nuovo-trend-di-stagione\/1-12\/'><img loading=\"lazy\" decoding=\"async\" width=\"150\" height=\"150\" src=\"https:\/\/www.fratinardi.it\/blog\/wp-content\/uploads\/2018\/04\/1-150x150.jpg\" class=\"attachment-thumbnail size-thumbnail\" alt=\"Fantasia a righe., il nuovo trend di stagione\" \/><\/a>\n\t\t\t<\/dt><\/dl><dl class='gallery-item'>\n\t\t\t<dt class='gallery-icon portrait'>\n\t\t\t\t<a href='https:\/\/www.fratinardi.it\/blog\/la-moda-ci-vuole-in-riga-il-nuovo-trend-di-stagione\/patriziapepe_2a1834_a13f_xq05_fratinardi\/'><img loading=\"lazy\" decoding=\"async\" width=\"150\" height=\"150\" src=\"https:\/\/www.fratinardi.it\/blog\/wp-content\/uploads\/2018\/04\/patriziapepe_2a1834_a13f_xq05_fratinardi-150x150.jpeg\" class=\"attachment-thumbnail size-thumbnail\" alt=\"Fantasia a righe., il nuovo trend di stagione\" \/><\/a>\n\t\t\t<\/dt><\/dl><dl class='gallery-item'>\n\t\t\t<dt class='gallery-icon portrait'>\n\t\t\t\t<a href='https:\/\/www.fratinardi.it\/blog\/la-moda-ci-vuole-in-riga-il-nuovo-trend-di-stagione\/a6c8bd6d-aff6-45b7-ae87-285653f4d4e3\/'><img loading=\"lazy\" decoding=\"async\" width=\"150\" height=\"150\" src=\"https:\/\/www.fratinardi.it\/blog\/wp-content\/uploads\/2018\/04\/a6c8bd6d-aff6-45b7-ae87-285653f4d4e3-150x150.jpg\" class=\"attachment-thumbnail size-thumbnail\" alt=\"Fantasia a righe., il nuovo trend di stagione\" \/><\/a>\n\t\t\t<\/dt><\/dl><br style=\"clear: both\" \/><dl class='gallery-item'>\n\t\t\t<dt class='gallery-icon portrait'>\n\t\t\t\t<a href='https:\/\/www.fratinardi.it\/blog\/la-moda-ci-vuole-in-riga-il-nuovo-trend-di-stagione\/patriziapepe_2v7731_a4as_c698_fratinardi_2\/'><img loading=\"lazy\" decoding=\"async\" width=\"150\" height=\"150\" src=\"https:\/\/www.fratinardi.it\/blog\/wp-content\/uploads\/2018\/04\/patriziapepe_2v7731_a4as_c698_fratinardi_2-150x150.jpg\" class=\"attachment-thumbnail size-thumbnail\" alt=\"Fantasia a righe., il nuovo trend di stagione\" \/><\/a>\n\t\t\t<\/dt><\/dl><dl class='gallery-item'>\n\t\t\t<dt class='gallery-icon portrait'>\n\t\t\t\t<a href='https:\/\/www.fratinardi.it\/blog\/la-moda-ci-vuole-in-riga-il-nuovo-trend-di-stagione\/sneakers-donna-hogan-hxw3520t548i6sb001_1\/'><img loading=\"lazy\" decoding=\"async\" width=\"150\" height=\"150\" src=\"https:\/\/www.fratinardi.it\/blog\/wp-content\/uploads\/2018\/04\/sneakers-donna-hogan-hxw3520t548i6sb001_1-150x150.jpg\" class=\"attachment-thumbnail size-thumbnail\" alt=\"Fantasia a righe., il nuovo trend di stagione\" \/><\/a>\n\t\t\t<\/dt><\/dl><dl class='gallery-item'>\n\t\t\t<dt class='gallery-icon portrait'>\n\t\t\t\t<a href='https:\/\/www.fratinardi.it\/blog\/la-moda-ci-vuole-in-riga-il-nuovo-trend-di-stagione\/hwst6778230-bus_copia_\/'><img loading=\"lazy\" decoding=\"async\" width=\"150\" height=\"150\" src=\"https:\/\/www.fratinardi.it\/blog\/wp-content\/uploads\/2018\/04\/hwst6778230-bus_copia_-150x150.jpg\" class=\"attachment-thumbnail size-thumbnail\" alt=\"Fantasia a righe., il nuovo trend di stagione\" \/><\/a>\n\t\t\t<\/dt><\/dl><br style=\"clear: both\" \/><dl class='gallery-item'>\n\t\t\t<dt class='gallery-icon landscape'>\n\t\t\t\t<a href='https:\/\/www.fratinardi.it\/blog\/la-moda-ci-vuole-in-riga-il-nuovo-trend-di-stagione\/fw0fw02794_121_main\/'><img loading=\"lazy\" decoding=\"async\" width=\"150\" height=\"150\" src=\"https:\/\/www.fratinardi.it\/blog\/wp-content\/uploads\/2018\/04\/fw0fw02794_121_main-150x150.jpg\" class=\"attachment-thumbnail size-thumbnail\" alt=\"Fantasia a righe., il nuovo trend di stagione\" srcset=\"https:\/\/www.fratinardi.it\/blog\/wp-content\/uploads\/2018\/04\/fw0fw02794_121_main-150x150.jpg 150w, https:\/\/www.fratinardi.it\/blog\/wp-content\/uploads\/2018\/04\/fw0fw02794_121_main-300x300.jpg 300w, https:\/\/www.fratinardi.it\/blog\/wp-content\/uploads\/2018\/04\/fw0fw02794_121_main.jpg 768w\" sizes=\"(max-width: 150px) 100vw, 150px\" \/><\/a>\n\t\t\t<\/dt><\/dl><dl class='gallery-item'>\n\t\t\t<dt class='gallery-icon portrait'>\n\t\t\t\t<a href='https:\/\/www.fratinardi.it\/blog\/la-moda-ci-vuole-in-riga-il-nuovo-trend-di-stagione\/3191238102002-d-vischio_normal_copia_\/'><img loading=\"lazy\" decoding=\"async\" width=\"150\" height=\"150\" src=\"https:\/\/www.fratinardi.it\/blog\/wp-content\/uploads\/2018\/04\/3191238102002-d-vischio_normal_copia_-150x150.jpg\" class=\"attachment-thumbnail size-thumbnail\" alt=\"Fantasia a righe., il nuovo trend di stagione\" \/><\/a>\n\t\t\t<\/dt><\/dl><dl class='gallery-item'>\n\t\t\t<dt class='gallery-icon portrait'>\n\t\t\t\t<a href='https:\/\/www.fratinardi.it\/blog\/la-moda-ci-vuole-in-riga-il-nuovo-trend-di-stagione\/3191118102001-b-andina_normal_copia_\/'><img loading=\"lazy\" decoding=\"async\" width=\"150\" height=\"150\" src=\"https:\/\/www.fratinardi.it\/blog\/wp-content\/uploads\/2018\/04\/3191118102001-b-andina_normal_copia_-150x150.jpg\" class=\"attachment-thumbnail size-thumbnail\" alt=\"Fantasia a righe., il nuovo trend di stagione\" \/><\/a>\n\t\t\t<\/dt><\/dl><br style=\"clear: both\" \/><dl class='gallery-item'>\n\t\t\t<dt class='gallery-icon portrait'>\n\t\t\t\t<a href='https:\/\/www.fratinardi.it\/blog\/la-moda-ci-vuole-in-riga-il-nuovo-trend-di-stagione\/3101068102005-b-frizzo_normal_copia_\/'><img loading=\"lazy\" decoding=\"async\" width=\"150\" height=\"150\" src=\"https:\/\/www.fratinardi.it\/blog\/wp-content\/uploads\/2018\/04\/3101068102005-b-frizzo_normal_copia_-150x150.jpg\" class=\"attachment-thumbnail size-thumbnail\" alt=\"Fantasia a righe., il nuovo trend di stagione\" \/><\/a>\n\t\t\t<\/dt><\/dl><dl class='gallery-item'>\n\t\t\t<dt class='gallery-icon portrait'>\n\t\t\t\t<a href='https:\/\/www.fratinardi.it\/blog\/la-moda-ci-vuole-in-riga-il-nuovo-trend-di-stagione\/26020fblk\/'><img loading=\"lazy\" decoding=\"async\" width=\"150\" height=\"150\" src=\"https:\/\/www.fratinardi.it\/blog\/wp-content\/uploads\/2018\/04\/26020fblk-150x150.jpg\" class=\"attachment-thumbnail size-thumbnail\" alt=\"Fantasia a righe., il nuovo trend di stagione\" \/><\/a>\n\t\t\t<\/dt><\/dl><dl class='gallery-item'>\n\t\t\t<dt class='gallery-icon portrait'>\n\t\t\t\t<a href='https:\/\/www.fratinardi.it\/blog\/la-moda-ci-vuole-in-riga-il-nuovo-trend-di-stagione\/26014righe-2\/'><img loading=\"lazy\" decoding=\"async\" width=\"150\" height=\"150\" src=\"https:\/\/www.fratinardi.it\/blog\/wp-content\/uploads\/2018\/04\/26014righe-150x150.jpg\" class=\"attachment-thumbnail size-thumbnail\" alt=\"Fantasia a righe., il nuovo trend di stagione\" \/><\/a>\n\t\t\t<\/dt><\/dl><br style=\"clear: both\" \/>\n\t\t<\/div>\n\n<p>Contatta il nostro shopping assistant per ricevere tutte le informazioni e i consigli giusti, telefonicamente al seguente numero 0289952415 o\u00a0<a href=\"mailto:assistenza@fratinardi.it\">tramite\u00a0e-mail<\/a>\u00a0all\u2019indirizzo\u00a0<a href=\"mailto:assistenza@fratinardi.it\">assistenza@fratinardi.it<\/a><\/p>\n<p>&nbsp;<\/p>\n","protected":false},"excerpt":{"rendered":"<p>LE RIGHE: il must have di stagione che ci accompagner\u00e0 per la collezione P\/E 2018. Con l\u2019arrivo della primavera, le righe tornano a colorare gli outfit delle modaiole, care amiche, con semplicit\u00e0 e freschezza mista ad aplomb, con essenzialit\u00e0 grafica &hellip; <a href=\"https:\/\/www.fratinardi.it\/blog\/la-moda-ci-vuole-in-riga-il-nuovo-trend-di-stagione\/\">Continue reading <span class=\"meta-nav\">&rarr;<\/span><\/a><\/p>\n","protected":false},"author":2,"featured_media":0,"comment_status":"open","ping_status":"open","sticky":false,"template":"","format":"standard","meta":{"footnotes":""},"categories":[3],"tags":[1104,8,10,215,85,7],"_links":{"self":[{"href":"https:\/\/www.fratinardi.it\/blog\/wp-json\/wp\/v2\/posts\/9095"}],"collection":[{"href":"https:\/\/www.fratinardi.it\/blog\/wp-json\/wp\/v2\/posts"}],"about":[{"href":"https:\/\/www.fratinardi.it\/blog\/wp-json\/wp\/v2\/types\/post"}],"author":[{"embeddable":true,"href":"https:\/\/www.fratinardi.it\/blog\/wp-json\/wp\/v2\/users\/2"}],"replies":[{"embeddable":true,"href":"https:\/\/www.fratinardi.it\/blog\/wp-json\/wp\/v2\/comments?post=9095"}],"version-history":[{"count":1,"href":"https:\/\/www.fratinardi.it\/blog\/wp-json\/wp\/v2\/posts\/9095\/revisions"}],"predecessor-version":[{"id":9111,"href":"https:\/\/www.fratinardi.it\/blog\/wp-json\/wp\/v2\/posts\/9095\/revisions\/9111"}],"wp:attachment":[{"href":"https:\/\/www.fratinardi.it\/blog\/wp-json\/wp\/v2\/media?parent=9095"}],"wp:term":[{"taxonomy":"category","embeddable":true,"href":"https:\/\/www.fratinardi.it\/blog\/wp-json\/wp\/v2\/categories?post=9095"},{"taxonomy":"post_tag","embeddable":true,"href":"https:\/\/www.fratinardi.it\/blog\/wp-json\/wp\/v2\/tags?post=9095"}],"curies":[{"name":"wp","href":"https:\/\/api.w.org\/{rel}","templated":true}]}}