{"id":8987,"date":"2018-02-23T16:01:41","date_gmt":"2018-02-23T15:01:41","guid":{"rendered":"https:\/\/www.fratinardi.it\/blog\/?p=8987"},"modified":"2018-02-23T16:01:41","modified_gmt":"2018-02-23T15:01:41","slug":"8987-2","status":"publish","type":"post","link":"https:\/\/www.fratinardi.it\/blog\/8987-2\/","title":{"rendered":"UN VIAGGIO NELLA COLLEZIONE P\/E 2018 DEL BRAND FURLA"},"content":{"rendered":"<p style=\"text-align: center;\"><strong>#FurlaMagicTales<\/strong> \u00e8 il titolo dell\u2019evento che ha visto come protagoniste le borse <a href=\"http:\/\/Contatta il nostro shopping assistant per ricevere tutte le informazioni e i consigli giusti telefonicamente al seguente numero 0289952415 o tramite e-mail all\u2019indirizzo assistenza@fratinardi.it\"><em>Furla<\/em><\/a> alla settimana della Moda a Milano.<\/p>\n<p>Le nuove it Bag riflettono la poliedricit\u00e0 della donna contemporanea che si distingue dalle altre sue coetanee e non, per personalit\u00e0 e stile. <em>Un viaggio immaginario che porta a scoprire ogni tappa della vita<\/em>, celebrando l\u2019unicit\u00e0, la bellezza e la sensibilit\u00e0 di ciascuna donna!\u00a0Un viaggio che si snoda tra i temi della natura carico di colore.<\/p>\n<p><em>Furla<\/em> \u00e8 uno dei brand pi\u00f9 rappresentativi della pelletteria <strong>Made in Italy<\/strong>, fondata da <em>Aldo e Margherita Furlanetto,<\/em> con la prima collezione di borse lanciata negli anni \u201970 allargandosi successivamente alla produzione di portafogli, calzature e gioielli.<!--more--><\/p>\n<p><em><a href=\"http:\/\/Contatta il nostro shopping assistant per ricevere tutte le informazioni e i consigli giusti telefonicamente al seguente numero 0289952415 o tramite e-mail all\u2019indirizzo assistenza@fratinardi.it\">Ogni borsa Furla della nuova collezione primavera estate 2018<\/a><\/em> \u00e8 stata realizzata utilizzando nuove tecniche di lavorazioni, attraverso materiali pregiati come broccati, jacquard e pelle. La pelletteria si fonde con i tessuti creando nuovi pattern e motivi decorativi che si rifanno interamente alla flora e alla fauna del mondo tra animali come i fenicotteri, uccelli esotici e giaguari, ai fiori e foglie stilizzate dai colori tipici dell\u2019estremo oriente con interpretazioni settecentesche.<\/p>\n<p>Le borse <em>Furla<\/em>\u00a0della primavera estate 2018 sono versatili da portare come borse a mano, a spalla o tracolla, dalle pochette alle clutch, dalle cartelle alle bandoliere.<\/p>\n<p>La nuova it bag per la collezione primavera estate 2018 \u00e8 la borsa Furla Ducale, dal fascino senza tempo che incarna perfettamente l\u2019artigianalit\u00e0 e la creativit\u00e0 della storia moda italiana. Il tema principale di questo nuovo modello \u00e8 Venezia che con la sua architettura e con i suoi tessuti trasforma la stampa piatta digitale su pelle, in motivi tridimensionali su pregiati broccati. Gli esclusivi disegni che ornano i nuovi arrivi sono stati realizzati in 52 versioni come richiamo alle 52 settimane dell\u2019anno in modo da creare e accentuare in tutte le fashion addicted l\u2019effetto wow.<\/p>\n<p>Scopri la nuova collezione <a href=\"https:\/\/www.fratinardi.it\/it\/brands\/borse-e-accessori\/guess.html\">Furla per la primavera estate 2018<\/a> disponibile da <a href=\"https:\/\/www.fratinardi.it\/\"><strong>Fratinardi<\/strong><\/a>.<\/p>\n<p>Guarda la galleria fotografica e collegati allo shop online per scegliere la tua it bag Furla preferita.<\/p>\n\n\t\t<style type=\"text\/css\">\n\t\t\t#gallery-1 {\n\t\t\t\tmargin: auto;\n\t\t\t}\n\t\t\t#gallery-1 .gallery-item {\n\t\t\t\tfloat: left;\n\t\t\t\tmargin-top: 10px;\n\t\t\t\ttext-align: center;\n\t\t\t\twidth: 33%;\n\t\t\t}\n\t\t\t#gallery-1 img {\n\t\t\t\tborder: 2px solid #cfcfcf;\n\t\t\t}\n\t\t\t#gallery-1 .gallery-caption {\n\t\t\t\tmargin-left: 0;\n\t\t\t}\n\t\t\t\/* see gallery_shortcode() in wp-includes\/media.php *\/\n\t\t<\/style>\n\t\t<div id='gallery-1' class='gallery galleryid-8987 gallery-columns-3 gallery-size-thumbnail'><dl class='gallery-item'>\n\t\t\t<dt class='gallery-icon portrait'>\n\t\t\t\t<a href='https:\/\/www.fratinardi.it\/blog\/8987-2\/furla-borse-pe-2018-1000-7\/'><img loading=\"lazy\" decoding=\"async\" width=\"150\" height=\"150\" src=\"https:\/\/www.fratinardi.it\/blog\/wp-content\/uploads\/2018\/02\/furla-borse-pe-2018-1000-7-150x150.jpg\" class=\"attachment-thumbnail size-thumbnail\" alt=\"Furla primavera estate 2018\" \/><\/a>\n\t\t\t<\/dt><\/dl><dl class='gallery-item'>\n\t\t\t<dt class='gallery-icon portrait'>\n\t\t\t\t<a href='https:\/\/www.fratinardi.it\/blog\/8987-2\/furla-borse-pe-2018-1000-8\/'><img loading=\"lazy\" decoding=\"async\" width=\"150\" height=\"150\" src=\"https:\/\/www.fratinardi.it\/blog\/wp-content\/uploads\/2018\/02\/furla-borse-pe-2018-1000-8-150x150.jpg\" class=\"attachment-thumbnail size-thumbnail\" alt=\"Furla primavera estate 2018\" \/><\/a>\n\t\t\t<\/dt><\/dl><dl class='gallery-item'>\n\t\t\t<dt class='gallery-icon landscape'>\n\t\t\t\t<a href='https:\/\/www.fratinardi.it\/blog\/8987-2\/furla-borse-pe-2018-1000-9\/'><img loading=\"lazy\" decoding=\"async\" width=\"150\" height=\"150\" src=\"https:\/\/www.fratinardi.it\/blog\/wp-content\/uploads\/2018\/02\/furla-borse-pe-2018-1000-9-150x150.jpg\" class=\"attachment-thumbnail size-thumbnail\" alt=\"Furla primavera estate 2018\" srcset=\"https:\/\/www.fratinardi.it\/blog\/wp-content\/uploads\/2018\/02\/furla-borse-pe-2018-1000-9-150x150.jpg 150w, https:\/\/www.fratinardi.it\/blog\/wp-content\/uploads\/2018\/02\/furla-borse-pe-2018-1000-9-300x300.jpg 300w, https:\/\/www.fratinardi.it\/blog\/wp-content\/uploads\/2018\/02\/furla-borse-pe-2018-1000-9-768x768.jpg 768w, https:\/\/www.fratinardi.it\/blog\/wp-content\/uploads\/2018\/02\/furla-borse-pe-2018-1000-9.jpg 1000w\" sizes=\"(max-width: 150px) 100vw, 150px\" \/><\/a>\n\t\t\t<\/dt><\/dl><br style=\"clear: both\" \/><dl class='gallery-item'>\n\t\t\t<dt class='gallery-icon landscape'>\n\t\t\t\t<a href='https:\/\/www.fratinardi.it\/blog\/8987-2\/furla-borse-pe-2018-1000-24\/'><img loading=\"lazy\" decoding=\"async\" width=\"150\" height=\"150\" src=\"https:\/\/www.fratinardi.it\/blog\/wp-content\/uploads\/2018\/02\/furla-borse-pe-2018-1000-24-150x150.jpg\" class=\"attachment-thumbnail size-thumbnail\" alt=\"Furla primavera estate 2018\" \/><\/a>\n\t\t\t<\/dt><\/dl><dl class='gallery-item'>\n\t\t\t<dt class='gallery-icon landscape'>\n\t\t\t\t<a href='https:\/\/www.fratinardi.it\/blog\/8987-2\/furla-borse-pe-2018-1000-25\/'><img loading=\"lazy\" decoding=\"async\" width=\"150\" height=\"150\" src=\"https:\/\/www.fratinardi.it\/blog\/wp-content\/uploads\/2018\/02\/furla-borse-pe-2018-1000-25-150x150.jpg\" class=\"attachment-thumbnail size-thumbnail\" alt=\"Furla primavera estate 2018\" \/><\/a>\n\t\t\t<\/dt><\/dl><dl class='gallery-item'>\n\t\t\t<dt class='gallery-icon landscape'>\n\t\t\t\t<a href='https:\/\/www.fratinardi.it\/blog\/8987-2\/furla-borse-pe-2018-1000-26-1\/'><img loading=\"lazy\" decoding=\"async\" width=\"150\" height=\"150\" src=\"https:\/\/www.fratinardi.it\/blog\/wp-content\/uploads\/2018\/02\/furla-borse-pe-2018-1000-26-1-150x150.jpg\" class=\"attachment-thumbnail size-thumbnail\" alt=\"Furla primavera estate 2018\" \/><\/a>\n\t\t\t<\/dt><\/dl><br style=\"clear: both\" \/><dl class='gallery-item'>\n\t\t\t<dt class='gallery-icon landscape'>\n\t\t\t\t<a href='https:\/\/www.fratinardi.it\/blog\/8987-2\/furla-borse-pe-2018-1000-23\/'><img loading=\"lazy\" decoding=\"async\" width=\"150\" height=\"150\" src=\"https:\/\/www.fratinardi.it\/blog\/wp-content\/uploads\/2018\/02\/furla-borse-pe-2018-1000-23-150x150.jpg\" class=\"attachment-thumbnail size-thumbnail\" alt=\"Furla primavera estate 2018\" srcset=\"https:\/\/www.fratinardi.it\/blog\/wp-content\/uploads\/2018\/02\/furla-borse-pe-2018-1000-23-150x150.jpg 150w, https:\/\/www.fratinardi.it\/blog\/wp-content\/uploads\/2018\/02\/furla-borse-pe-2018-1000-23-300x300.jpg 300w, https:\/\/www.fratinardi.it\/blog\/wp-content\/uploads\/2018\/02\/furla-borse-pe-2018-1000-23-768x768.jpg 768w, https:\/\/www.fratinardi.it\/blog\/wp-content\/uploads\/2018\/02\/furla-borse-pe-2018-1000-23.jpg 1000w\" sizes=\"(max-width: 150px) 100vw, 150px\" \/><\/a>\n\t\t\t<\/dt><\/dl><dl class='gallery-item'>\n\t\t\t<dt class='gallery-icon portrait'>\n\t\t\t\t<a href='https:\/\/www.fratinardi.it\/blog\/8987-2\/furla-borse-pe-2018-1000-22\/'><img loading=\"lazy\" decoding=\"async\" width=\"150\" height=\"150\" src=\"https:\/\/www.fratinardi.it\/blog\/wp-content\/uploads\/2018\/02\/furla-borse-pe-2018-1000-22-150x150.jpg\" class=\"attachment-thumbnail size-thumbnail\" alt=\"Furla primavera estate 2018\" \/><\/a>\n\t\t\t<\/dt><\/dl><dl class='gallery-item'>\n\t\t\t<dt class='gallery-icon portrait'>\n\t\t\t\t<a href='https:\/\/www.fratinardi.it\/blog\/8987-2\/furla-borse-pe-2018-1000-20\/'><img loading=\"lazy\" decoding=\"async\" width=\"150\" height=\"150\" src=\"https:\/\/www.fratinardi.it\/blog\/wp-content\/uploads\/2018\/02\/furla-borse-pe-2018-1000-20-150x150.jpg\" class=\"attachment-thumbnail size-thumbnail\" alt=\"Furla primavera estate 2018\" \/><\/a>\n\t\t\t<\/dt><\/dl><br style=\"clear: both\" \/>\n\t\t<\/div>\n\n<p>Contatta il nostro shopping assistant per ricevere tutte le informazioni e i consigli giusti telefonicamente al seguente numero 0289952415 o\u00a0<a href=\"mailto:assistenza@fratinardi.it\">tramite\u00a0e-mail<\/a>\u00a0all\u2019indirizzo\u00a0<a href=\"mailto:assistenza@fratinardi.it\">assistenza@fratinardi.it<\/a><\/p>\n","protected":false},"excerpt":{"rendered":"<p>#FurlaMagicTales \u00e8 il titolo dell\u2019evento che ha visto come protagoniste le borse Furla alla settimana della Moda a Milano. Le nuove it Bag riflettono la poliedricit\u00e0 della donna contemporanea che si distingue dalle altre sue coetanee e non, per personalit\u00e0 &hellip; <a href=\"https:\/\/www.fratinardi.it\/blog\/8987-2\/\">Continue reading <span class=\"meta-nav\">&rarr;<\/span><\/a><\/p>\n","protected":false},"author":2,"featured_media":8999,"comment_status":"open","ping_status":"open","sticky":false,"template":"","format":"standard","meta":{"footnotes":""},"categories":[6],"tags":[8,215,85,9,787,1097],"_links":{"self":[{"href":"https:\/\/www.fratinardi.it\/blog\/wp-json\/wp\/v2\/posts\/8987"}],"collection":[{"href":"https:\/\/www.fratinardi.it\/blog\/wp-json\/wp\/v2\/posts"}],"about":[{"href":"https:\/\/www.fratinardi.it\/blog\/wp-json\/wp\/v2\/types\/post"}],"author":[{"embeddable":true,"href":"https:\/\/www.fratinardi.it\/blog\/wp-json\/wp\/v2\/users\/2"}],"replies":[{"embeddable":true,"href":"https:\/\/www.fratinardi.it\/blog\/wp-json\/wp\/v2\/comments?post=8987"}],"version-history":[{"count":1,"href":"https:\/\/www.fratinardi.it\/blog\/wp-json\/wp\/v2\/posts\/8987\/revisions"}],"predecessor-version":[{"id":9000,"href":"https:\/\/www.fratinardi.it\/blog\/wp-json\/wp\/v2\/posts\/8987\/revisions\/9000"}],"wp:featuredmedia":[{"embeddable":true,"href":"https:\/\/www.fratinardi.it\/blog\/wp-json\/wp\/v2\/media\/8999"}],"wp:attachment":[{"href":"https:\/\/www.fratinardi.it\/blog\/wp-json\/wp\/v2\/media?parent=8987"}],"wp:term":[{"taxonomy":"category","embeddable":true,"href":"https:\/\/www.fratinardi.it\/blog\/wp-json\/wp\/v2\/categories?post=8987"},{"taxonomy":"post_tag","embeddable":true,"href":"https:\/\/www.fratinardi.it\/blog\/wp-json\/wp\/v2\/tags?post=8987"}],"curies":[{"name":"wp","href":"https:\/\/api.w.org\/{rel}","templated":true}]}}