{"id":8880,"date":"2017-12-21T16:58:09","date_gmt":"2017-12-21T15:58:09","guid":{"rendered":"https:\/\/www.fratinardi.it\/blog\/?p=8880"},"modified":"2017-12-21T16:59:42","modified_gmt":"2017-12-21T15:59:42","slug":"8880-2","status":"publish","type":"post","link":"https:\/\/www.fratinardi.it\/blog\/8880-2\/","title":{"rendered":"SCOPRI I SALDI INVERNALI DISPONIBILI DA FRATINARDI.IT"},"content":{"rendered":"<p>Il countdown dei <a href=\"https:\/\/www.fratinardi.it\/it\/nuove-collezioni-autunno-inverno-2017-18.html\"><strong>SALDI<\/strong> <\/a>\u00e8 iniziato?, ebbene si!<\/p>\n<p>Il vero calendario dell\u2019Avvento non \u00e8 per\u00f2 il conto alla rovescia dei giorni che mancano a <em><strong>Natale<\/strong><\/em>, che finalmente \u00e8 alle porte, ma quelli che ci separano dai <del><em>saldi invernali<\/em><\/del>. Quindi, chi saldi si pu\u00f2? che siano saldi online o nei negozi tradizionali, sta arrivando il giorno fatidico in cui finalmente potremmo acquistare, in saldo, quei capi tanto desiderati.<!--more--><\/p>\n<p>I <a href=\"https:\/\/www.fratinardi.it\/it\/collezioni-autunno-inverno-2017-18.html\"><strong>saldi<\/strong><\/a> da sempre amati, sono l\u2019oppurtunit\u00e0 per concedersi la realizzazione di un desiderio senza sentirsi in colpa per aver speso tanti soldi, permettendo di regalare a se stessi o a chi si ama ci\u00f2 che si era adocchiato da tempo nelle vetrine invernali, rinnovando il guardaroba e avere sempre un look glamour e originale al passo con i tempi ad un prezzo davvero invitante e competitivo.<\/p>\n<p>Collegandosi sullo shop online <a href=\"http:\/\/www.fratinardi.it\">fratinardi.it<\/a>, \u00e8 gi\u00e0 possibile acquistare tanti capi con promozioni sensazionali: <strong>i saldi fino al 50 %<\/strong> riguardano svariati capi e brand: dai piumini agli abiti per eventi raffinati, alle sneakers per il tempo libero alla shopping bag da sempre desiderata.<\/p>\n<p>Visita lo <a href=\"http:\/\/www.fratinardi.it\">shop online fratinardi.it<\/a> e scopri la sezione dedicata alla <em>collezione autunno <\/em><\/p>\n<p><em>\/inverno 2017\u00a0<\/em>dove potrai facilmente navigare grazie ai filtri laterali tra le vari categorie mercelogiche, selzionare il genere che t\u2019interessa e la fascia di prezzo.<\/p>\n<p>Cosa aspetti? Scopri qui e &#8230; che la stagione dei <strong>saldi<\/strong> abbia inizio!<\/p>\n<p>Continuate a seguirci per scoprire tutte le novit\u00e0 legate all\u2019evento&#8230;<\/p>\n<p>Contatta il nostro shopping assistant per ricevere tutte le informazioni e i consigli giusti per soddisfare i tuoi desideri, telefonicamente al seguente numero 0289952415 o\u00a0<a href=\"mailto:assistenza@fratinardi.it\">tramite\u00a0e-mail<\/a>\u00a0all\u2019indirizzo\u00a0<a href=\"mailto:assistenza@fratinardi.it\">assistenza@fratinardi.it<\/a><\/p>\n","protected":false},"excerpt":{"rendered":"<p>Il countdown dei SALDI \u00e8 iniziato?, ebbene si! Il vero calendario dell\u2019Avvento non \u00e8 per\u00f2 il conto alla rovescia dei giorni che mancano a Natale, che finalmente \u00e8 alle porte, ma quelli che ci separano dai saldi invernali. Quindi, chi &hellip; <a href=\"https:\/\/www.fratinardi.it\/blog\/8880-2\/\">Continue reading <span class=\"meta-nav\">&rarr;<\/span><\/a><\/p>\n","protected":false},"author":2,"featured_media":8883,"comment_status":"open","ping_status":"open","sticky":false,"template":"","format":"standard","meta":{"footnotes":""},"categories":[3],"tags":[8,10,215,7,26],"_links":{"self":[{"href":"https:\/\/www.fratinardi.it\/blog\/wp-json\/wp\/v2\/posts\/8880"}],"collection":[{"href":"https:\/\/www.fratinardi.it\/blog\/wp-json\/wp\/v2\/posts"}],"about":[{"href":"https:\/\/www.fratinardi.it\/blog\/wp-json\/wp\/v2\/types\/post"}],"author":[{"embeddable":true,"href":"https:\/\/www.fratinardi.it\/blog\/wp-json\/wp\/v2\/users\/2"}],"replies":[{"embeddable":true,"href":"https:\/\/www.fratinardi.it\/blog\/wp-json\/wp\/v2\/comments?post=8880"}],"version-history":[{"count":2,"href":"https:\/\/www.fratinardi.it\/blog\/wp-json\/wp\/v2\/posts\/8880\/revisions"}],"predecessor-version":[{"id":8884,"href":"https:\/\/www.fratinardi.it\/blog\/wp-json\/wp\/v2\/posts\/8880\/revisions\/8884"}],"wp:featuredmedia":[{"embeddable":true,"href":"https:\/\/www.fratinardi.it\/blog\/wp-json\/wp\/v2\/media\/8883"}],"wp:attachment":[{"href":"https:\/\/www.fratinardi.it\/blog\/wp-json\/wp\/v2\/media?parent=8880"}],"wp:term":[{"taxonomy":"category","embeddable":true,"href":"https:\/\/www.fratinardi.it\/blog\/wp-json\/wp\/v2\/categories?post=8880"},{"taxonomy":"post_tag","embeddable":true,"href":"https:\/\/www.fratinardi.it\/blog\/wp-json\/wp\/v2\/tags?post=8880"}],"curies":[{"name":"wp","href":"https:\/\/api.w.org\/{rel}","templated":true}]}}