{"id":8200,"date":"2017-03-10T11:45:04","date_gmt":"2017-03-10T10:45:04","guid":{"rendered":"http:\/\/www.fratinardi.it\/blog\/?p=8200"},"modified":"2017-03-10T11:49:14","modified_gmt":"2017-03-10T10:49:14","slug":"condividi-il-tuo-look-il-contest-di-fratinardi-it","status":"publish","type":"post","link":"https:\/\/www.fratinardi.it\/blog\/condividi-il-tuo-look-il-contest-di-fratinardi-it\/","title":{"rendered":"CONDIVIDI IL TUO LOOK: IL CONTEST DI FRATINARDI.IT"},"content":{"rendered":"<p style=\"text-align: justify;\">Il tuo look diventa social: <strong>#myfratinardi<\/strong> \u00e8 il nuovo contest dedicato allo stile personale!<\/p>\n<p style=\"text-align: justify;\"><i>Si dice che l\u2019abito non faccia il monaco, eppure un vestito, un paio di scarpe o un accessorio pu\u00f2 dire molto di noi. Siamo tutti un p\u00f2 vanitosi, ammettiamolo, chi pi\u00f9 e chi meno!<\/i><\/p>\n<p style=\"text-align: justify;\">Partecipa quindi, al contest <em>#myfratinardi<\/em> e mostraci il tuo look.<\/p>\n<p style=\"text-align: center;\"><a href=\"http:\/\/www.fratinardi.it\/blog\/wp-content\/uploads\/2017\/03\/myfratinardi.jpg\"><img loading=\"lazy\" decoding=\"async\" class=\" wp-image-8204 aligncenter\" alt=\"Partecipa al contest #myfratinardi\" src=\"http:\/\/www.fratinardi.it\/blog\/wp-content\/uploads\/2017\/03\/myfratinardi-300x300.jpg\" width=\"270\" height=\"270\" srcset=\"https:\/\/www.fratinardi.it\/blog\/wp-content\/uploads\/2017\/03\/myfratinardi-300x300.jpg 300w, https:\/\/www.fratinardi.it\/blog\/wp-content\/uploads\/2017\/03\/myfratinardi-150x150.jpg 150w, https:\/\/www.fratinardi.it\/blog\/wp-content\/uploads\/2017\/03\/myfratinardi.jpg 800w\" sizes=\"(max-width: 270px) 100vw, 270px\" \/><\/a><\/p>\n<p style=\"text-align: justify;\"><!--more-->Come?<\/p>\n<p style=\"text-align: justify;\">Il contest si svolger\u00e0 dalle ore 00.00 del 13 Marzo alle ore 23.59 del 9 Aprile per una durata di quattro settimane a cui potranno partecipare tutte le persone maggiorenni che abbiano effettuato i loro acquisti sul negozio online fratinardi.it.\u00a0Il contest <strong>#myfratinardi<\/strong> \u00e8 valido su due social network: <i>Facebook<\/i> e <i>Instagram<\/i> su cui potrete postare le vostre foto, dopo essere diventati fan\/follower di Fratinardi.<\/p>\n\n\t\t<style type=\"text\/css\">\n\t\t\t#gallery-1 {\n\t\t\t\tmargin: auto;\n\t\t\t}\n\t\t\t#gallery-1 .gallery-item {\n\t\t\t\tfloat: left;\n\t\t\t\tmargin-top: 10px;\n\t\t\t\ttext-align: center;\n\t\t\t\twidth: 50%;\n\t\t\t}\n\t\t\t#gallery-1 img {\n\t\t\t\tborder: 2px solid #cfcfcf;\n\t\t\t}\n\t\t\t#gallery-1 .gallery-caption {\n\t\t\t\tmargin-left: 0;\n\t\t\t}\n\t\t\t\/* see gallery_shortcode() in wp-includes\/media.php *\/\n\t\t<\/style>\n\t\t<div id='gallery-1' class='gallery galleryid-8200 gallery-columns-2 gallery-size-thumbnail'><dl class='gallery-item'>\n\t\t\t<dt class='gallery-icon landscape'>\n\t\t\t\t<a href='https:\/\/www.fratinardi.it\/blog\/condividi-il-tuo-look-il-contest-di-fratinardi-it\/myfratinardi-comefare\/'><img loading=\"lazy\" decoding=\"async\" width=\"150\" height=\"150\" src=\"https:\/\/www.fratinardi.it\/blog\/wp-content\/uploads\/2017\/03\/myfratinardi-comefare-150x150.jpg\" class=\"attachment-thumbnail size-thumbnail\" alt=\"Partecipa al contest #myfratinardi\" srcset=\"https:\/\/www.fratinardi.it\/blog\/wp-content\/uploads\/2017\/03\/myfratinardi-comefare-150x150.jpg 150w, https:\/\/www.fratinardi.it\/blog\/wp-content\/uploads\/2017\/03\/myfratinardi-comefare-300x300.jpg 300w, https:\/\/www.fratinardi.it\/blog\/wp-content\/uploads\/2017\/03\/myfratinardi-comefare.jpg 800w\" sizes=\"(max-width: 150px) 100vw, 150px\" \/><\/a>\n\t\t\t<\/dt><\/dl><dl class='gallery-item'>\n\t\t\t<dt class='gallery-icon landscape'>\n\t\t\t\t<a href='https:\/\/www.fratinardi.it\/blog\/condividi-il-tuo-look-il-contest-di-fratinardi-it\/myfratinardi-partecipa\/'><img loading=\"lazy\" decoding=\"async\" width=\"150\" height=\"150\" src=\"https:\/\/www.fratinardi.it\/blog\/wp-content\/uploads\/2017\/03\/myfratinardi-partecipa-150x150.jpg\" class=\"attachment-thumbnail size-thumbnail\" alt=\"Partecipa al contest #myfratinardi\" srcset=\"https:\/\/www.fratinardi.it\/blog\/wp-content\/uploads\/2017\/03\/myfratinardi-partecipa-150x150.jpg 150w, https:\/\/www.fratinardi.it\/blog\/wp-content\/uploads\/2017\/03\/myfratinardi-partecipa-300x300.jpg 300w, https:\/\/www.fratinardi.it\/blog\/wp-content\/uploads\/2017\/03\/myfratinardi-partecipa.jpg 800w\" sizes=\"(max-width: 150px) 100vw, 150px\" \/><\/a>\n\t\t\t<\/dt><\/dl><br style=\"clear: both\" \/>\n\t\t<\/div>\n\n<p style=\"text-align: justify;\">La foto che avr\u00e0 pi\u00f9 like sui due social network indicati, ricever\u00e0 il seguente regalo:<\/p>\n<p style=\"text-align: justify;\">&#8211; un buono regalo da 100 euro da spendere su <a href=\"http:\/\/www.fratinardi.it\/\">www.fratinardi.it<\/a><\/p>\n<p style=\"text-align: justify;\">Quindi, cosa aspetti?<\/p>\n<p style=\"text-align: justify;\">Seguici sui social network Fratinardi, partecipa al contest <strong>#myfratinardi<\/strong> e chiama a raccolta amici e parenti per farti votare. Non perdere l\u2019occasione di ricevere questo fantastico regalo condividendo il tuo look glamour e non dimenticare di usare l\u2019hashtag <b>#myfratinardi<\/b>.<\/p>\n<p style=\"text-align: center;\"><a href=\"http:\/\/www.fratinardi.it\/blog\/wp-content\/uploads\/2017\/03\/selfie.jpg\"><img loading=\"lazy\" decoding=\"async\" class=\"size-medium wp-image-8205 aligncenter\" alt=\"Partecipa al contest #myfratinardi\" src=\"http:\/\/www.fratinardi.it\/blog\/wp-content\/uploads\/2017\/03\/selfie-300x300.jpg\" width=\"300\" height=\"300\" srcset=\"https:\/\/www.fratinardi.it\/blog\/wp-content\/uploads\/2017\/03\/selfie-300x300.jpg 300w, https:\/\/www.fratinardi.it\/blog\/wp-content\/uploads\/2017\/03\/selfie-150x150.jpg 150w, https:\/\/www.fratinardi.it\/blog\/wp-content\/uploads\/2017\/03\/selfie.jpg 800w\" sizes=\"(max-width: 300px) 100vw, 300px\" \/><\/a><\/p>\n<p style=\"text-align: justify;\">In sintesi :<\/p>\n<p style=\"text-align: justify;\">Scatta una foto o crea un video con il prodotto acquistato da Fratinardi.it, postalo su Facebook o caricalo su Instagram e partecipa al contest con l\u2019hashtag <b>#myfratinardi<\/b>.<\/p>\n<p style=\"text-align: justify;\">Ad ogni foto, puoi inviarci un testo in cui descrivi perch\u00e8 hai scelto il prodotto acquistato e se nella foto inviata ci sono pi\u00f9 persone presenti, ti ricordiamo che il regalo in palio \u00e8 sempre e solo uno. Inoltre, ogni persona pu\u00f2 inviarci solo una foto.<\/p>\n<p style=\"text-align: justify;\">Per ricevere pi\u00f9 informazioni puoi contattarci al seguente numero di assistenza 0289952415, inviarci una email all\u2019indirizzo <a href=\"mailto:assistenza@fratinardi.it\">assistenza@fratinardi.it<\/a> o contattarci tramite i canali social Fratinardi.<\/p>\n<p style=\"text-align: justify;\">Cosa aggiungere? Condividi il tuo stile e che vinca la foto pi\u00f9 bella.<\/p>\n","protected":false},"excerpt":{"rendered":"<p>Il tuo look diventa social: #myfratinardi \u00e8 il nuovo contest dedicato allo stile personale! Si dice che l\u2019abito non faccia il monaco, eppure un vestito, un paio di scarpe o un accessorio pu\u00f2 dire molto di noi. Siamo tutti un &hellip; <a href=\"https:\/\/www.fratinardi.it\/blog\/condividi-il-tuo-look-il-contest-di-fratinardi-it\/\">Continue reading <span class=\"meta-nav\">&rarr;<\/span><\/a><\/p>\n","protected":false},"author":2,"featured_media":8201,"comment_status":"open","ping_status":"open","sticky":false,"template":"","format":"standard","meta":{"footnotes":""},"categories":[3],"tags":[1024,8,215,85,7],"_links":{"self":[{"href":"https:\/\/www.fratinardi.it\/blog\/wp-json\/wp\/v2\/posts\/8200"}],"collection":[{"href":"https:\/\/www.fratinardi.it\/blog\/wp-json\/wp\/v2\/posts"}],"about":[{"href":"https:\/\/www.fratinardi.it\/blog\/wp-json\/wp\/v2\/types\/post"}],"author":[{"embeddable":true,"href":"https:\/\/www.fratinardi.it\/blog\/wp-json\/wp\/v2\/users\/2"}],"replies":[{"embeddable":true,"href":"https:\/\/www.fratinardi.it\/blog\/wp-json\/wp\/v2\/comments?post=8200"}],"version-history":[{"count":7,"href":"https:\/\/www.fratinardi.it\/blog\/wp-json\/wp\/v2\/posts\/8200\/revisions"}],"predecessor-version":[{"id":8211,"href":"https:\/\/www.fratinardi.it\/blog\/wp-json\/wp\/v2\/posts\/8200\/revisions\/8211"}],"wp:featuredmedia":[{"embeddable":true,"href":"https:\/\/www.fratinardi.it\/blog\/wp-json\/wp\/v2\/media\/8201"}],"wp:attachment":[{"href":"https:\/\/www.fratinardi.it\/blog\/wp-json\/wp\/v2\/media?parent=8200"}],"wp:term":[{"taxonomy":"category","embeddable":true,"href":"https:\/\/www.fratinardi.it\/blog\/wp-json\/wp\/v2\/categories?post=8200"},{"taxonomy":"post_tag","embeddable":true,"href":"https:\/\/www.fratinardi.it\/blog\/wp-json\/wp\/v2\/tags?post=8200"}],"curies":[{"name":"wp","href":"https:\/\/api.w.org\/{rel}","templated":true}]}}