{"id":7986,"date":"2017-01-05T17:08:29","date_gmt":"2017-01-05T16:08:29","guid":{"rendered":"http:\/\/www.fratinardi.it\/blog\/?p=7986"},"modified":"2017-01-05T17:08:29","modified_gmt":"2017-01-05T16:08:29","slug":"scopri-le-it-bag-della-collezione-primavera-estate-2017","status":"publish","type":"post","link":"https:\/\/www.fratinardi.it\/blog\/scopri-le-it-bag-della-collezione-primavera-estate-2017\/","title":{"rendered":"SCOPRI LE IT BAG DELLA COLLEZIONE PRIMAVERA ESTATE 2017"},"content":{"rendered":"<p style=\"text-align: justify;\">Siete pronte a scoprire le prossime <strong>it bag<\/strong> trendy della <a href=\"http:\/\/www.fratinardi.it\/it\/nuovi-arrivi-pe-2017.html\">collezione primavera estate 2017<\/a>?<\/p>\n<p style=\"text-align: justify;\">Mentre vi immagino ad acquistare, a prezzi vantaggiosi con i <a href=\"http:\/\/www.fratinardi.it\/it\/saldi-collezioni-ai-2016.html\">saldi 2016<\/a>, i must have della collezione autunno inverno, che da sempre avete desiderato possedere nel vostro guardaroba da fashion victim, \u00e8 ora per\u00f2 di guardare alle novit\u00e0 della prossima <em>collezione primavera estate 2017<\/em>.\u00a0<!--more--><\/p>\n<p style=\"text-align: justify;\">Dalle passerelle di tutto il mondo, da New York, Parigi, Milano e Londra arrivano i primi gossip sui look della stagione che tanto amiamo. \u00a0Cambia la prospettiva, si modificano le forme e la nuova parola d\u2019ordine \u00e8 mini: clutch, zaini, tracolle, sacche, shopping bag e pochette da portare a mano o sottobraccio osando sul colore.<\/p>\n<p style=\"text-align: justify;\">Gli stilisti dettano la moda e le borse pi\u00f9 di tendenza per la prossima <em>collezione primavera estate 2017<\/em> sono le mini bag, piccoli scrigni da indossare come una collana o da allacciare alla cintura. Rispetto alle maxi bag della collezione autunno inverno 2016, si registra una inversione di tendenza con un cambio di volumi, mentre i colori sono molto intensi: giallo, rosso rubino e blu cina, nuance perfette per tutte coloro che adorano i colori decisi.<\/p>\n<p style=\"text-align: justify;\">La primavera estate 2017 sar\u00e0 anche la stagione dei contrasti tra shopping bag enormi e clutch minuscole, da borse a tracolla squadrate a piccolissime borse da portare a mano o da portare addirittura in vita strette da cinture, \u00a0modelli cult da dover interpretare mixando gli stili e rendendo l\u2019accessorio protagonista dell\u2019intero look.<\/p>\n<p style=\"text-align: justify;\">Scopri in anteprima sul negozio online <a href=\"http:\/\/www.fratinardi.it\/it\/\">fratinardi.it<\/a> \u00a0le nuove it bag, le borse mania delle sfilate che hanno sin da subito suscitato grande interesse nel panorama modaiolo.<\/p>\n<p style=\"text-align: justify;\">Tantissime <a href=\"http:\/\/www.fratinardi.it\/it\/nuovi-arrivi-pe-2017.html\">collezioni primavera estate 2017<\/a> sono disponibili da Fratinardi: da <em>Guess<\/em>, <em>Liu Jo<\/em> a <em>Gum by Gianni Chiarini<\/em> e tanti altri. Collegati allo shop online per scoprire le borse pi\u00f9 belle viste in passerella. Per qualsiasi informazione di stile, contatta la tua personal shopper al seguente recapito telefonico 0289952415 o invia una emal all\u2019indirizzo\u00a0<a href=\"mailto:assistenza@fratinardi.it\">assistenza@fratinardi.it<\/a><\/p>\n<p>&nbsp;<\/p>\n","protected":false},"excerpt":{"rendered":"<p>Siete pronte a scoprire le prossime it bag trendy della collezione primavera estate 2017? Mentre vi immagino ad acquistare, a prezzi vantaggiosi con i saldi 2016, i must have della collezione autunno inverno, che da sempre avete desiderato possedere nel &hellip; <a href=\"https:\/\/www.fratinardi.it\/blog\/scopri-le-it-bag-della-collezione-primavera-estate-2017\/\">Continue reading <span class=\"meta-nav\">&rarr;<\/span><\/a><\/p>\n","protected":false},"author":2,"featured_media":7987,"comment_status":"open","ping_status":"open","sticky":false,"template":"","format":"standard","meta":{"footnotes":""},"categories":[3],"tags":[1010,8,10,215,85,1009,7],"_links":{"self":[{"href":"https:\/\/www.fratinardi.it\/blog\/wp-json\/wp\/v2\/posts\/7986"}],"collection":[{"href":"https:\/\/www.fratinardi.it\/blog\/wp-json\/wp\/v2\/posts"}],"about":[{"href":"https:\/\/www.fratinardi.it\/blog\/wp-json\/wp\/v2\/types\/post"}],"author":[{"embeddable":true,"href":"https:\/\/www.fratinardi.it\/blog\/wp-json\/wp\/v2\/users\/2"}],"replies":[{"embeddable":true,"href":"https:\/\/www.fratinardi.it\/blog\/wp-json\/wp\/v2\/comments?post=7986"}],"version-history":[{"count":3,"href":"https:\/\/www.fratinardi.it\/blog\/wp-json\/wp\/v2\/posts\/7986\/revisions"}],"predecessor-version":[{"id":7990,"href":"https:\/\/www.fratinardi.it\/blog\/wp-json\/wp\/v2\/posts\/7986\/revisions\/7990"}],"wp:featuredmedia":[{"embeddable":true,"href":"https:\/\/www.fratinardi.it\/blog\/wp-json\/wp\/v2\/media\/7987"}],"wp:attachment":[{"href":"https:\/\/www.fratinardi.it\/blog\/wp-json\/wp\/v2\/media?parent=7986"}],"wp:term":[{"taxonomy":"category","embeddable":true,"href":"https:\/\/www.fratinardi.it\/blog\/wp-json\/wp\/v2\/categories?post=7986"},{"taxonomy":"post_tag","embeddable":true,"href":"https:\/\/www.fratinardi.it\/blog\/wp-json\/wp\/v2\/tags?post=7986"}],"curies":[{"name":"wp","href":"https:\/\/api.w.org\/{rel}","templated":true}]}}