{"id":7544,"date":"2016-11-11T16:59:57","date_gmt":"2016-11-11T15:59:57","guid":{"rendered":"http:\/\/www.fratinardi.it\/blog\/?p=7544"},"modified":"2016-11-11T17:13:13","modified_gmt":"2016-11-11T16:13:13","slug":"ecopelliccia-tendenza-autunno-inverno-2016","status":"publish","type":"post","link":"https:\/\/www.fratinardi.it\/blog\/ecopelliccia-tendenza-autunno-inverno-2016\/","title":{"rendered":"ECOPELLICCIA TENDENZA AUTUNNO INVERNO 2016"},"content":{"rendered":"<p style=\"text-align: justify;\">La <a title=\"Ecopelliccia\" href=\"http:\/\/www.fratinardi.it\/it\/donna\/abbigliamento\/pellicce-e-shearling.html\">pelliccia<\/a> torna di moda, care amiche, soprattutto se \u00e8 ecologica.<\/p>\n<p style=\"text-align: justify;\">Ebbene si, le tendenze ce lo confermano: <em>la pelliccia ecologica o ecopelliccia<\/em>, come desiderate etichettarla, sar\u00e0 il capospalla trendy di questa stagione.\u00a0 Da sempre considerata dall\u2019 immaginario femminile come un\u2019 icona di stile, il regalo perfetto che ciascuna donna desidera ricevere dal proprio uomo, riacquista, oggi, lo splendore di un tempo, ritornando nella lista dei desideri.<\/p>\n<p style=\"text-align: justify;\">Perch\u00e8? Sicuramente possedere una <strong>ecopelliccia<\/strong>, simbolo di autentico glamour, consentir\u00e0 di sfoggiare un look dallo stile originale, permettendo di esaltare al meglio la propria personalit\u00e0.<\/p>\n<p style=\"text-align: justify;\"><em><a href=\"http:\/\/www.fratinardi.it\/it\/donna\/abbigliamento\/pellicce-e-shearling.html\">Ecopelliccia<\/a> cosa vuol dire<\/em>? Riproposta dai vari stilisti, la ecopelliccia, svecchiata dalle solite colorazioni neutre dei modelli classici, assume una nuova veste: <strong>super colorata<\/strong>, dalle\u00a0<strong>fantasie particolari ed ecologica<\/strong>.<\/p>\n<p style=\"text-align: justify;\">Sar\u00e0 stupendo seguire la tendenza di stagione abbinando all\u2019<em>eco fur<\/em>,\u00a0 accessori divertenti per ottenere un look all\u2019insegna dello stile \u201c<strong>fur &amp; fantasy<\/strong>\u201d. Vi state chiedendo come? Giusta osservazione amiche! Vi comunico che la vera novit\u00e0 di stagione \u00e8 che la ecopelliccia che, \u00e8 declinata ormai, su tutto: <em>calzature, borse &amp; accessori<\/em>, purch\u00e8 siano di ecopelliccia, diventano i veri protagonisti del <em>dresscode femminile<\/em>.<\/p>\n\n\t\t<style type=\"text\/css\">\n\t\t\t#gallery-1 {\n\t\t\t\tmargin: auto;\n\t\t\t}\n\t\t\t#gallery-1 .gallery-item {\n\t\t\t\tfloat: left;\n\t\t\t\tmargin-top: 10px;\n\t\t\t\ttext-align: center;\n\t\t\t\twidth: 33%;\n\t\t\t}\n\t\t\t#gallery-1 img {\n\t\t\t\tborder: 2px solid #cfcfcf;\n\t\t\t}\n\t\t\t#gallery-1 .gallery-caption {\n\t\t\t\tmargin-left: 0;\n\t\t\t}\n\t\t\t\/* see gallery_shortcode() in wp-includes\/media.php *\/\n\t\t<\/style>\n\t\t<div id='gallery-1' class='gallery galleryid-7544 gallery-columns-3 gallery-size-thumbnail'><dl class='gallery-item'>\n\t\t\t<dt class='gallery-icon portrait'>\n\t\t\t\t<a href='https:\/\/www.fratinardi.it\/blog\/ecopelliccia-tendenza-autunno-inverno-2016\/fratinardilive-21\/'><img loading=\"lazy\" decoding=\"async\" width=\"150\" height=\"150\" src=\"https:\/\/www.fratinardi.it\/blog\/wp-content\/uploads\/2016\/11\/fratinardilive-21-150x150.jpg\" class=\"attachment-thumbnail size-thumbnail\" alt=\"eco fur\" \/><\/a>\n\t\t\t<\/dt><\/dl><dl class='gallery-item'>\n\t\t\t<dt class='gallery-icon portrait'>\n\t\t\t\t<a href='https:\/\/www.fratinardi.it\/blog\/ecopelliccia-tendenza-autunno-inverno-2016\/fratinardilive-29\/'><img loading=\"lazy\" decoding=\"async\" width=\"150\" height=\"150\" src=\"https:\/\/www.fratinardi.it\/blog\/wp-content\/uploads\/2016\/11\/fratinardilive-29-150x150.jpg\" class=\"attachment-thumbnail size-thumbnail\" alt=\"ecopelliccia\" \/><\/a>\n\t\t\t<\/dt><\/dl><dl class='gallery-item'>\n\t\t\t<dt class='gallery-icon portrait'>\n\t\t\t\t<a href='https:\/\/www.fratinardi.it\/blog\/ecopelliccia-tendenza-autunno-inverno-2016\/fratinardilive-6\/'><img loading=\"lazy\" decoding=\"async\" width=\"150\" height=\"150\" src=\"https:\/\/www.fratinardi.it\/blog\/wp-content\/uploads\/2016\/11\/fratinardilive-6-150x150.jpg\" class=\"attachment-thumbnail size-thumbnail\" alt=\"ecopelliccia\" \/><\/a>\n\t\t\t<\/dt><\/dl><br style=\"clear: both\" \/><dl class='gallery-item'>\n\t\t\t<dt class='gallery-icon landscape'>\n\t\t\t\t<a href='https:\/\/www.fratinardi.it\/blog\/ecopelliccia-tendenza-autunno-inverno-2016\/fratinardilive-9\/'><img loading=\"lazy\" decoding=\"async\" width=\"150\" height=\"150\" src=\"https:\/\/www.fratinardi.it\/blog\/wp-content\/uploads\/2016\/11\/fratinardilive-9-150x150.jpg\" class=\"attachment-thumbnail size-thumbnail\" alt=\"ecopelliccia\" \/><\/a>\n\t\t\t<\/dt><\/dl><dl class='gallery-item'>\n\t\t\t<dt class='gallery-icon portrait'>\n\t\t\t\t<a href='https:\/\/www.fratinardi.it\/blog\/ecopelliccia-tendenza-autunno-inverno-2016\/fratinardilive-19\/'><img loading=\"lazy\" decoding=\"async\" width=\"150\" height=\"150\" src=\"https:\/\/www.fratinardi.it\/blog\/wp-content\/uploads\/2016\/11\/fratinardilive-19-150x150.jpg\" class=\"attachment-thumbnail size-thumbnail\" alt=\"ecopelliccia\" \/><\/a>\n\t\t\t<\/dt><\/dl><dl class='gallery-item'>\n\t\t\t<dt class='gallery-icon portrait'>\n\t\t\t\t<a href='https:\/\/www.fratinardi.it\/blog\/ecopelliccia-tendenza-autunno-inverno-2016\/fratinardilive-20\/'><img loading=\"lazy\" decoding=\"async\" width=\"150\" height=\"150\" src=\"https:\/\/www.fratinardi.it\/blog\/wp-content\/uploads\/2016\/11\/fratinardilive-20-150x150.jpg\" class=\"attachment-thumbnail size-thumbnail\" alt=\"eco fur\" \/><\/a>\n\t\t\t<\/dt><\/dl><br style=\"clear: both\" \/>\n\t\t<\/div>\n\n<p style=\"text-align: justify;\"><!--more-->Sneakers basic con maxi inserti di ecopelliccia a contrasto o in tono, calzature dal tono semplice, mixati a dettagli dal carattere strong che hanno riscosso molto successo non solo in Italia ma anche tra le fashion victims di tutto il mondo.<\/p>\n\n\t\t<style type=\"text\/css\">\n\t\t\t#gallery-2 {\n\t\t\t\tmargin: auto;\n\t\t\t}\n\t\t\t#gallery-2 .gallery-item {\n\t\t\t\tfloat: left;\n\t\t\t\tmargin-top: 10px;\n\t\t\t\ttext-align: center;\n\t\t\t\twidth: 33%;\n\t\t\t}\n\t\t\t#gallery-2 img {\n\t\t\t\tborder: 2px solid #cfcfcf;\n\t\t\t}\n\t\t\t#gallery-2 .gallery-caption {\n\t\t\t\tmargin-left: 0;\n\t\t\t}\n\t\t\t\/* see gallery_shortcode() in wp-includes\/media.php *\/\n\t\t<\/style>\n\t\t<div id='gallery-2' class='gallery galleryid-7544 gallery-columns-3 gallery-size-thumbnail'><dl class='gallery-item'>\n\t\t\t<dt class='gallery-icon portrait'>\n\t\t\t\t<a href='https:\/\/www.fratinardi.it\/blog\/ecopelliccia-tendenza-autunno-inverno-2016\/paloma-barcelo-stringate-fratinardi_8_\/'><img loading=\"lazy\" decoding=\"async\" width=\"150\" height=\"150\" src=\"https:\/\/www.fratinardi.it\/blog\/wp-content\/uploads\/2016\/11\/paloma-barcelo-stringate-fratinardi_8_-150x150.jpg\" class=\"attachment-thumbnail size-thumbnail\" alt=\"ecopelliccia\" \/><\/a>\n\t\t\t<\/dt><\/dl><dl class='gallery-item'>\n\t\t\t<dt class='gallery-icon portrait'>\n\t\t\t\t<a href='https:\/\/www.fratinardi.it\/blog\/ecopelliccia-tendenza-autunno-inverno-2016\/philippe-model-slip-on-nbldvl04-fratinardi_1_\/'><img loading=\"lazy\" decoding=\"async\" width=\"150\" height=\"150\" src=\"https:\/\/www.fratinardi.it\/blog\/wp-content\/uploads\/2016\/11\/philippe-model-slip-on-nbldvl04-fratinardi_1_-150x150.jpg\" class=\"attachment-thumbnail size-thumbnail\" alt=\"\" \/><\/a>\n\t\t\t<\/dt><\/dl><dl class='gallery-item'>\n\t\t\t<dt class='gallery-icon portrait'>\n\t\t\t\t<a href='https:\/\/www.fratinardi.it\/blog\/ecopelliccia-tendenza-autunno-inverno-2016\/dsc_0188\/'><img loading=\"lazy\" decoding=\"async\" width=\"150\" height=\"150\" src=\"https:\/\/www.fratinardi.it\/blog\/wp-content\/uploads\/2016\/11\/dsc_0188-150x150.jpg\" class=\"attachment-thumbnail size-thumbnail\" alt=\"ecopelliccia\" \/><\/a>\n\t\t\t<\/dt><\/dl><br style=\"clear: both\" \/>\n\t\t<\/div>\n\n<p style=\"text-align: justify;\">Da sempre, la pelliccia \u00e8 stata riconosciuta come segno distintivo di un brand di calzature, gli <a href=\"http:\/\/www.fratinardi.it\/it\/brands\/scarpe\/ugg.html\"><strong>UGG<\/strong><\/a>! Comodi, di qualit\u00e0 e capaci di garantirti una sensazione unica. Lo stivaletto Ugg \u00e8 la soluzione fashion per proteggerti dal freddo senza rinunciare allo stile.<\/p>\n\n\t\t<style type=\"text\/css\">\n\t\t\t#gallery-3 {\n\t\t\t\tmargin: auto;\n\t\t\t}\n\t\t\t#gallery-3 .gallery-item {\n\t\t\t\tfloat: left;\n\t\t\t\tmargin-top: 10px;\n\t\t\t\ttext-align: center;\n\t\t\t\twidth: 33%;\n\t\t\t}\n\t\t\t#gallery-3 img {\n\t\t\t\tborder: 2px solid #cfcfcf;\n\t\t\t}\n\t\t\t#gallery-3 .gallery-caption {\n\t\t\t\tmargin-left: 0;\n\t\t\t}\n\t\t\t\/* see gallery_shortcode() in wp-includes\/media.php *\/\n\t\t<\/style>\n\t\t<div id='gallery-3' class='gallery galleryid-7544 gallery-columns-3 gallery-size-thumbnail'><dl class='gallery-item'>\n\t\t\t<dt class='gallery-icon landscape'>\n\t\t\t\t<a href='https:\/\/www.fratinardi.it\/blog\/ecopelliccia-tendenza-autunno-inverno-2016\/fratinardi_ugg_w_classic_short_leather_sabbia-_1\/'><img loading=\"lazy\" decoding=\"async\" width=\"150\" height=\"150\" src=\"https:\/\/www.fratinardi.it\/blog\/wp-content\/uploads\/2016\/11\/fratinardi_ugg_w_classic_short_leather_sabbia-_1-150x150.jpg\" class=\"attachment-thumbnail size-thumbnail\" alt=\"ecopelliccia\" srcset=\"https:\/\/www.fratinardi.it\/blog\/wp-content\/uploads\/2016\/11\/fratinardi_ugg_w_classic_short_leather_sabbia-_1-150x150.jpg 150w, https:\/\/www.fratinardi.it\/blog\/wp-content\/uploads\/2016\/11\/fratinardi_ugg_w_classic_short_leather_sabbia-_1-300x300.jpg 300w, https:\/\/www.fratinardi.it\/blog\/wp-content\/uploads\/2016\/11\/fratinardi_ugg_w_classic_short_leather_sabbia-_1.jpg 1024w\" sizes=\"(max-width: 150px) 100vw, 150px\" \/><\/a>\n\t\t\t<\/dt><\/dl><dl class='gallery-item'>\n\t\t\t<dt class='gallery-icon landscape'>\n\t\t\t\t<a href='https:\/\/www.fratinardi.it\/blog\/ecopelliccia-tendenza-autunno-inverno-2016\/dsc_0466-2\/'><img loading=\"lazy\" decoding=\"async\" width=\"150\" height=\"150\" src=\"https:\/\/www.fratinardi.it\/blog\/wp-content\/uploads\/2016\/11\/dsc_0466-150x150.jpg\" class=\"attachment-thumbnail size-thumbnail\" alt=\"ecopelliccia\" srcset=\"https:\/\/www.fratinardi.it\/blog\/wp-content\/uploads\/2016\/11\/dsc_0466-150x150.jpg 150w, https:\/\/www.fratinardi.it\/blog\/wp-content\/uploads\/2016\/11\/dsc_0466-300x300.jpg 300w, https:\/\/www.fratinardi.it\/blog\/wp-content\/uploads\/2016\/11\/dsc_0466.jpg 1024w\" sizes=\"(max-width: 150px) 100vw, 150px\" \/><\/a>\n\t\t\t<\/dt><\/dl><dl class='gallery-item'>\n\t\t\t<dt class='gallery-icon landscape'>\n\t\t\t\t<a href='https:\/\/www.fratinardi.it\/blog\/ecopelliccia-tendenza-autunno-inverno-2016\/w_bailey_button_bling_grigio_fratinardi_3349-1_1\/'><img loading=\"lazy\" decoding=\"async\" width=\"150\" height=\"150\" src=\"https:\/\/www.fratinardi.it\/blog\/wp-content\/uploads\/2016\/11\/w_bailey_button_bling_grigio_fratinardi_3349-1_1-150x150.jpg\" class=\"attachment-thumbnail size-thumbnail\" alt=\"\" srcset=\"https:\/\/www.fratinardi.it\/blog\/wp-content\/uploads\/2016\/11\/w_bailey_button_bling_grigio_fratinardi_3349-1_1-150x150.jpg 150w, https:\/\/www.fratinardi.it\/blog\/wp-content\/uploads\/2016\/11\/w_bailey_button_bling_grigio_fratinardi_3349-1_1-300x300.jpg 300w, https:\/\/www.fratinardi.it\/blog\/wp-content\/uploads\/2016\/11\/w_bailey_button_bling_grigio_fratinardi_3349-1_1.jpg 1024w\" sizes=\"(max-width: 150px) 100vw, 150px\" \/><\/a>\n\t\t\t<\/dt><\/dl><br style=\"clear: both\" \/>\n\t\t<\/div>\n\n<p style=\"text-align: justify;\">Non solo, e in attesa del grande freddo tantissimi brand\u00a0 hanno lanciato la moda \u00a0di cappelli realizzati interamente in eco fur o arricchiti dai soli dettagli. E come tralasciare le fantastiche borse in ecopelliccia accessoriate dai pon pon in pelo?<\/p>\n\n\t\t<style type=\"text\/css\">\n\t\t\t#gallery-4 {\n\t\t\t\tmargin: auto;\n\t\t\t}\n\t\t\t#gallery-4 .gallery-item {\n\t\t\t\tfloat: left;\n\t\t\t\tmargin-top: 10px;\n\t\t\t\ttext-align: center;\n\t\t\t\twidth: 33%;\n\t\t\t}\n\t\t\t#gallery-4 img {\n\t\t\t\tborder: 2px solid #cfcfcf;\n\t\t\t}\n\t\t\t#gallery-4 .gallery-caption {\n\t\t\t\tmargin-left: 0;\n\t\t\t}\n\t\t\t\/* see gallery_shortcode() in wp-includes\/media.php *\/\n\t\t<\/style>\n\t\t<div id='gallery-4' class='gallery galleryid-7544 gallery-columns-3 gallery-size-thumbnail'><dl class='gallery-item'>\n\t\t\t<dt class='gallery-icon portrait'>\n\t\t\t\t<a href='https:\/\/www.fratinardi.it\/blog\/ecopelliccia-tendenza-autunno-inverno-2016\/cappello2_2\/'><img loading=\"lazy\" decoding=\"async\" width=\"150\" height=\"150\" src=\"https:\/\/www.fratinardi.it\/blog\/wp-content\/uploads\/2016\/11\/cappello2_2-150x150.jpg\" class=\"attachment-thumbnail size-thumbnail\" alt=\"ecopelliccia\" \/><\/a>\n\t\t\t<\/dt><\/dl><dl class='gallery-item'>\n\t\t\t<dt class='gallery-icon portrait'>\n\t\t\t\t<a href='https:\/\/www.fratinardi.it\/blog\/ecopelliccia-tendenza-autunno-inverno-2016\/bs-1740t-gum-flock_rovere_3\/'><img loading=\"lazy\" decoding=\"async\" width=\"150\" height=\"150\" src=\"https:\/\/www.fratinardi.it\/blog\/wp-content\/uploads\/2016\/11\/bs-1740t-gum-flock_rovere_3-150x150.jpg\" class=\"attachment-thumbnail size-thumbnail\" alt=\"ecopelliccia\" \/><\/a>\n\t\t\t<\/dt><\/dl><dl class='gallery-item'>\n\t\t\t<dt class='gallery-icon landscape'>\n\t\t\t\t<a href='https:\/\/www.fratinardi.it\/blog\/ecopelliccia-tendenza-autunno-inverno-2016\/pon_pon_bic_nero-bordo_1\/'><img loading=\"lazy\" decoding=\"async\" width=\"150\" height=\"150\" src=\"https:\/\/www.fratinardi.it\/blog\/wp-content\/uploads\/2016\/11\/pon_pon_bic_nero-bordo_1-150x150.jpg\" class=\"attachment-thumbnail size-thumbnail\" alt=\"ecopelliccia\" \/><\/a>\n\t\t\t<\/dt><\/dl><br style=\"clear: both\" \/>\n\t\t<\/div>\n\n<p style=\"text-align: justify;\">Il must di stagione \u00e8 caratterizzato anche dal gilet o per chi ha uno stile pi\u00f9 sobrio, dalla ecopelliccia con taglio classico arricchita da un bottone gioiello! Vi starete chiedendo, <em>come indossare il gilet in ecopelliccia<\/em>? Benissimo, questo capo deve essere abbinato, ad una maglia a collo alto o ad una casacca con colletto, impreziosito da pietre, e ad una cintura in vita. Il risultato? Sar\u00e0 esplosivo, l\u2019abbinamento ideale per esaltare il vostro punto vita.<\/p>\n\n\t\t<style type=\"text\/css\">\n\t\t\t#gallery-5 {\n\t\t\t\tmargin: auto;\n\t\t\t}\n\t\t\t#gallery-5 .gallery-item {\n\t\t\t\tfloat: left;\n\t\t\t\tmargin-top: 10px;\n\t\t\t\ttext-align: center;\n\t\t\t\twidth: 33%;\n\t\t\t}\n\t\t\t#gallery-5 img {\n\t\t\t\tborder: 2px solid #cfcfcf;\n\t\t\t}\n\t\t\t#gallery-5 .gallery-caption {\n\t\t\t\tmargin-left: 0;\n\t\t\t}\n\t\t\t\/* see gallery_shortcode() in wp-includes\/media.php *\/\n\t\t<\/style>\n\t\t<div id='gallery-5' class='gallery galleryid-7544 gallery-columns-3 gallery-size-thumbnail'><dl class='gallery-item'>\n\t\t\t<dt class='gallery-icon portrait'>\n\t\t\t\t<a href='https:\/\/www.fratinardi.it\/blog\/ecopelliccia-tendenza-autunno-inverno-2016\/amzdg4579_2_copia_\/'><img loading=\"lazy\" decoding=\"async\" width=\"150\" height=\"150\" src=\"https:\/\/www.fratinardi.it\/blog\/wp-content\/uploads\/2016\/11\/amzdg4579_2_copia_-150x150.jpg\" class=\"attachment-thumbnail size-thumbnail\" alt=\"ecopelliccia\" \/><\/a>\n\t\t\t<\/dt><\/dl><dl class='gallery-item'>\n\t\t\t<dt class='gallery-icon portrait'>\n\t\t\t\t<a href='https:\/\/www.fratinardi.it\/blog\/ecopelliccia-tendenza-autunno-inverno-2016\/2l0723_a2ek_k103_1-2\/'><img loading=\"lazy\" decoding=\"async\" width=\"150\" height=\"150\" src=\"https:\/\/www.fratinardi.it\/blog\/wp-content\/uploads\/2016\/11\/2l0723_a2ek_k103_1-150x150.jpeg\" class=\"attachment-thumbnail size-thumbnail\" alt=\"ecopelliccia\" \/><\/a>\n\t\t\t<\/dt><\/dl><dl class='gallery-item'>\n\t\t\t<dt class='gallery-icon portrait'>\n\t\t\t\t<a href='https:\/\/www.fratinardi.it\/blog\/ecopelliccia-tendenza-autunno-inverno-2016\/2l0707_a2ej_h272_1\/'><img loading=\"lazy\" decoding=\"async\" width=\"150\" height=\"150\" src=\"https:\/\/www.fratinardi.it\/blog\/wp-content\/uploads\/2016\/11\/2l0707_a2ej_h272_1-150x150.jpeg\" class=\"attachment-thumbnail size-thumbnail\" alt=\"ecopelliccia\" \/><\/a>\n\t\t\t<\/dt><\/dl><br style=\"clear: both\" \/>\n\t\t<\/div>\n\n<p style=\"text-align: justify;\">Hai gi\u00e0 in mente una ecopelliccia adatta alla tua personalit\u00e0? Su <a href=\"http:\/\/www.fratinardi.it\/it\/\">fratinardi.it<\/a> potrai trovare una fantastica selezione di modelli: <em>lunghi o corti, colorati o in tinta unita, con bottone gioiello o chiusura zip<\/em>. Quindi? Non resta che decidere quale sia il tuo modello perfetto per poter finalmente possedere, nel proprio guardaroba, questo pezzo cult.<\/p>\n<p style=\"text-align: justify;\">L\u2019importante? E\u2019 saper osare, scegli modelli eccentrici e super colorati cos\u00ec come la fashion blogger Alessia Milanese di The Chilicool.<\/p>\n<p><a style=\"font-style: normal; font-weight: 300; text-decoration: underline; text-align: center;\" href=\"http:\/\/www.fratinardi.it\/blog\/wp-content\/uploads\/2016\/11\/image001_ok.jpg\"><img loading=\"lazy\" decoding=\"async\" class=\"size-medium wp-image-7550 aligncenter\" style=\"border-color: #bbbbbb; margin-top: 0.4em; background: #eeeeee;\" alt=\"ecopelliccia\" src=\"http:\/\/www.fratinardi.it\/blog\/wp-content\/uploads\/2016\/11\/image001_ok-300x200.jpg\" width=\"300\" height=\"200\" srcset=\"https:\/\/www.fratinardi.it\/blog\/wp-content\/uploads\/2016\/11\/image001_ok-300x200.jpg 300w, https:\/\/www.fratinardi.it\/blog\/wp-content\/uploads\/2016\/11\/image001_ok-1024x683.jpg 1024w, https:\/\/www.fratinardi.it\/blog\/wp-content\/uploads\/2016\/11\/image001_ok-449x300.jpg 449w, https:\/\/www.fratinardi.it\/blog\/wp-content\/uploads\/2016\/11\/image001_ok.jpg 1181w\" sizes=\"(max-width: 300px) 100vw, 300px\" \/><\/a><\/p>\n<p style=\"text-align: justify;\">Per qualsiasi informazione di stile, contatta la tua personal shopper al seguente recapito telefonico 0289952415 o invia una emal all\u2019indirizzo\u00a0<a href=\"mailto:assistenza@fratinardi.it\">assistenza@fratinardi.it<\/a><\/p>\n","protected":false},"excerpt":{"rendered":"<p>La pelliccia torna di moda, care amiche, soprattutto se \u00e8 ecologica. Ebbene si, le tendenze ce lo confermano: la pelliccia ecologica o ecopelliccia, come desiderate etichettarla, sar\u00e0 il capospalla trendy di questa stagione.\u00a0 Da sempre considerata dall\u2019 immaginario femminile come &hellip; <a href=\"https:\/\/www.fratinardi.it\/blog\/ecopelliccia-tendenza-autunno-inverno-2016\/\">Continue reading <span class=\"meta-nav\">&rarr;<\/span><\/a><\/p>\n","protected":false},"author":2,"featured_media":7545,"comment_status":"open","ping_status":"open","sticky":false,"template":"","format":"standard","meta":{"footnotes":""},"categories":[6],"tags":[990,10,215,85,991],"_links":{"self":[{"href":"https:\/\/www.fratinardi.it\/blog\/wp-json\/wp\/v2\/posts\/7544"}],"collection":[{"href":"https:\/\/www.fratinardi.it\/blog\/wp-json\/wp\/v2\/posts"}],"about":[{"href":"https:\/\/www.fratinardi.it\/blog\/wp-json\/wp\/v2\/types\/post"}],"author":[{"embeddable":true,"href":"https:\/\/www.fratinardi.it\/blog\/wp-json\/wp\/v2\/users\/2"}],"replies":[{"embeddable":true,"href":"https:\/\/www.fratinardi.it\/blog\/wp-json\/wp\/v2\/comments?post=7544"}],"version-history":[{"count":14,"href":"https:\/\/www.fratinardi.it\/blog\/wp-json\/wp\/v2\/posts\/7544\/revisions"}],"predecessor-version":[{"id":7582,"href":"https:\/\/www.fratinardi.it\/blog\/wp-json\/wp\/v2\/posts\/7544\/revisions\/7582"}],"wp:featuredmedia":[{"embeddable":true,"href":"https:\/\/www.fratinardi.it\/blog\/wp-json\/wp\/v2\/media\/7545"}],"wp:attachment":[{"href":"https:\/\/www.fratinardi.it\/blog\/wp-json\/wp\/v2\/media?parent=7544"}],"wp:term":[{"taxonomy":"category","embeddable":true,"href":"https:\/\/www.fratinardi.it\/blog\/wp-json\/wp\/v2\/categories?post=7544"},{"taxonomy":"post_tag","embeddable":true,"href":"https:\/\/www.fratinardi.it\/blog\/wp-json\/wp\/v2\/tags?post=7544"}],"curies":[{"name":"wp","href":"https:\/\/api.w.org\/{rel}","templated":true}]}}