{"id":7417,"date":"2016-11-02T16:11:08","date_gmt":"2016-11-02T15:11:08","guid":{"rendered":"http:\/\/www.fratinardi.it\/blog\/?p=7417"},"modified":"2016-11-11T11:19:29","modified_gmt":"2016-11-11T10:19:29","slug":"scarpe-in-velluto-la-tendenza-moda-per-l-autunno-inverno-2016","status":"publish","type":"post","link":"https:\/\/www.fratinardi.it\/blog\/scarpe-in-velluto-la-tendenza-moda-per-l-autunno-inverno-2016\/","title":{"rendered":"SCARPE IN VELLUTO: LA TENDENZA MODA PER L&#8217; AUTUNNO \/ INVERNO 2016"},"content":{"rendered":"<p style=\"text-align: justify;\">Che il <strong>velluto<\/strong> faccia tendenza, care amiche, \u00e8 un dato di fatto ma mai come per questa stagione.\u00a0Per essere davvero cool, \u00e8 necessario, infatti, per l\u2019<em>inverno 2016<\/em>, optare per un look con questo tessuto, che elegante, moderno e lussuoso, torna nuovamente di moda.<\/p>\n<p style=\"text-align: justify;\">Ebbene si, il <span style=\"text-decoration: underline;\"><em>velluto \u00e8 il grande ritorno dell&#8217;autunno \/ inverno 2016<\/em><\/span>: dallo street style alle passerelle, abbiamo visto sfoggiare tantissimi outfit che mettevano in risalto questo must have di stagione.\u00a0<!--more--><\/p>\n<p style=\"text-align: justify;\">Il velluto \u00e8 delicato e seducente, ricco e prezioso ed \u00e8 perfetto sia per la sera per uno stile elegante e raffinato sia per le giornate in citt\u00e0. \u00a0Il velluto \u00e8 un tessuto a prova di carezza ed \u00e8 adatto sia sia per proposte pi\u00f9 casual come i tronchetti che per scarpe eleganti come decollet\u00e8 e sandali invernali.<\/p>\n<p style=\"text-align: justify;\">Essendo diventata una tendenza assoluta, anche il negozio online <a href=\"http:\/\/www.fratinardi.it\/\">fratinardi.it<\/a> propone alle sue clienti una selezione di scarpe realizzate in velluto per seguire questa moda che ci accompagner\u00e0 per tutto l\u2019autunno inverno 2016.<\/p>\n<ul style=\"text-align: justify;\">\n<li>I sandali invernali del brand <a style=\"font-weight: 300; text-align: justify;\" href=\"http:\/\/www.fratinardi.it\/it\/brands\/scarpe\/jeannot.html\"><strong>Jeannot<\/strong><\/a><span style=\"font-weight: 300; text-align: justify;\"> sono realizzati in pelle e velluto con applicazioni\u00a0di maxi castoni. Perfetti per una una cena o un&#8217;occasione special, dona al tuo look un allure glamour con questi sandali in velluto. I <em>sandali invernali<\/em> del brand <em>Jeannot<\/em> sono disponibili sia nel colore <a href=\"http:\/\/www.fratinardi.it\/it\/brands\/scarpe\/jeannot\/jeannot-sandali-velluto-nero.html\">nero<\/a> che <a href=\"http:\/\/www.fratinardi.it\/it\/brands\/scarpe\/jeannot\/jeannot-sandali-velluto-bordeaux.html\">bordeaux<\/a>.\u00a0<\/span><\/li>\n<\/ul>\n\n\t\t<style type=\"text\/css\">\n\t\t\t#gallery-1 {\n\t\t\t\tmargin: auto;\n\t\t\t}\n\t\t\t#gallery-1 .gallery-item {\n\t\t\t\tfloat: left;\n\t\t\t\tmargin-top: 10px;\n\t\t\t\ttext-align: center;\n\t\t\t\twidth: 50%;\n\t\t\t}\n\t\t\t#gallery-1 img {\n\t\t\t\tborder: 2px solid #cfcfcf;\n\t\t\t}\n\t\t\t#gallery-1 .gallery-caption {\n\t\t\t\tmargin-left: 0;\n\t\t\t}\n\t\t\t\/* see gallery_shortcode() in wp-includes\/media.php *\/\n\t\t<\/style>\n\t\t<div id='gallery-1' class='gallery galleryid-7417 gallery-columns-2 gallery-size-thumbnail'><dl class='gallery-item'>\n\t\t\t<dt class='gallery-icon portrait'>\n\t\t\t\t<a href='https:\/\/www.fratinardi.it\/blog\/scarpe-in-velluto-la-tendenza-moda-per-l-autunno-inverno-2016\/velluto\/'><img loading=\"lazy\" decoding=\"async\" width=\"150\" height=\"150\" src=\"https:\/\/www.fratinardi.it\/blog\/wp-content\/uploads\/2016\/11\/0-150x150.jpg\" class=\"attachment-thumbnail size-thumbnail\" alt=\"velvet\" \/><\/a>\n\t\t\t<\/dt><\/dl><dl class='gallery-item'>\n\t\t\t<dt class='gallery-icon portrait'>\n\t\t\t\t<a href='https:\/\/www.fratinardi.it\/blog\/scarpe-in-velluto-la-tendenza-moda-per-l-autunno-inverno-2016\/jeannot-sandali-autunno-inverno-fratinardi_7_\/'><img loading=\"lazy\" decoding=\"async\" width=\"150\" height=\"150\" src=\"https:\/\/www.fratinardi.it\/blog\/wp-content\/uploads\/2016\/11\/jeannot-sandali-autunno-inverno-fratinardi_7_-150x150.jpg\" class=\"attachment-thumbnail size-thumbnail\" alt=\"velvet\" \/><\/a>\n\t\t\t<\/dt><\/dl><br style=\"clear: both\" \/>\n\t\t<\/div>\n\n<ul style=\"text-align: justify;\">\n<li style=\"text-align: justify;\">I sandali del brand <a href=\"http:\/\/www.fratinardi.it\/it\/brands\/scarpe\/aldo-castagna.html\"><strong>Aldo Castagna<\/strong><\/a> sono perfetti per le tue serate invernali <span style=\"font-weight: 300;\">formali, con cinturino alla caviglia, plateau e tacco doppio esalteranno il tuo outfit. Le scarpe in velluto sono disponibili nel colore nero, blu e nell&#8217;iconico rosso. Per ottenere un look ancora pi\u00f9 chic con i <em>sandali in velluto<\/em>, vi consiglio di abbinarli a dei calzettoni o parigine, con tonalit\u00e0 a contrasto.\u00a0<\/span><\/li>\n<\/ul>\n\n\t\t<style type=\"text\/css\">\n\t\t\t#gallery-2 {\n\t\t\t\tmargin: auto;\n\t\t\t}\n\t\t\t#gallery-2 .gallery-item {\n\t\t\t\tfloat: left;\n\t\t\t\tmargin-top: 10px;\n\t\t\t\ttext-align: center;\n\t\t\t\twidth: 33%;\n\t\t\t}\n\t\t\t#gallery-2 img {\n\t\t\t\tborder: 2px solid #cfcfcf;\n\t\t\t}\n\t\t\t#gallery-2 .gallery-caption {\n\t\t\t\tmargin-left: 0;\n\t\t\t}\n\t\t\t\/* see gallery_shortcode() in wp-includes\/media.php *\/\n\t\t<\/style>\n\t\t<div id='gallery-2' class='gallery galleryid-7417 gallery-columns-3 gallery-size-thumbnail'><dl class='gallery-item'>\n\t\t\t<dt class='gallery-icon portrait'>\n\t\t\t\t<a href='https:\/\/www.fratinardi.it\/blog\/scarpe-in-velluto-la-tendenza-moda-per-l-autunno-inverno-2016\/blu\/'><img loading=\"lazy\" decoding=\"async\" width=\"150\" height=\"150\" src=\"https:\/\/www.fratinardi.it\/blog\/wp-content\/uploads\/2016\/11\/blu-150x150.jpg\" class=\"attachment-thumbnail size-thumbnail\" alt=\"velvet\" \/><\/a>\n\t\t\t<\/dt><\/dl><dl class='gallery-item'>\n\t\t\t<dt class='gallery-icon portrait'>\n\t\t\t\t<a href='https:\/\/www.fratinardi.it\/blog\/scarpe-in-velluto-la-tendenza-moda-per-l-autunno-inverno-2016\/nero\/'><img loading=\"lazy\" decoding=\"async\" width=\"150\" height=\"150\" src=\"https:\/\/www.fratinardi.it\/blog\/wp-content\/uploads\/2016\/11\/nero-150x150.jpg\" class=\"attachment-thumbnail size-thumbnail\" alt=\"velvet\" \/><\/a>\n\t\t\t<\/dt><\/dl><dl class='gallery-item'>\n\t\t\t<dt class='gallery-icon portrait'>\n\t\t\t\t<a href='https:\/\/www.fratinardi.it\/blog\/scarpe-in-velluto-la-tendenza-moda-per-l-autunno-inverno-2016\/rosso\/'><img loading=\"lazy\" decoding=\"async\" width=\"150\" height=\"150\" src=\"https:\/\/www.fratinardi.it\/blog\/wp-content\/uploads\/2016\/11\/rosso-150x150.jpg\" class=\"attachment-thumbnail size-thumbnail\" alt=\"velvet\" \/><\/a>\n\t\t\t<\/dt><\/dl><br style=\"clear: both\" \/>\n\t\t<\/div>\n\n<p style=\"text-align: justify;\">Lasciati travolgere dalla <strong>velluto &#8211; mania<\/strong> e scegli i tuoi <a href=\"http:\/\/www.fratinardi.it\/it\/nuove-collezioni-ai-2016.html\"><em>sandali in velluto<\/em><\/a> sul negozio online <a href=\"http:\/\/www.fratinardi.it\/\">fratinardi.it<\/a>, ce n&#8217;\u00e8 davvero per tutti i gusti!<\/p>\n<p style=\"text-align: justify;\">Per qualsiasi informazione di stile, contatta la tua personal shopper al seguente recapito telefonico 0289952415 o invia una emal all\u2019indirizzo\u00a0<a href=\"mailto:assistenza@fratinardi.it\">assistenza@fratinardi.it<\/a><\/p>\n","protected":false},"excerpt":{"rendered":"<p>Che il velluto faccia tendenza, care amiche, \u00e8 un dato di fatto ma mai come per questa stagione.\u00a0Per essere davvero cool, \u00e8 necessario, infatti, per l\u2019inverno 2016, optare per un look con questo tessuto, che elegante, moderno e lussuoso, torna &hellip; <a href=\"https:\/\/www.fratinardi.it\/blog\/scarpe-in-velluto-la-tendenza-moda-per-l-autunno-inverno-2016\/\">Continue reading <span class=\"meta-nav\">&rarr;<\/span><\/a><\/p>\n","protected":false},"author":2,"featured_media":7427,"comment_status":"closed","ping_status":"closed","sticky":false,"template":"","format":"standard","meta":{"footnotes":""},"categories":[3],"tags":[980,8,10,215,85,981,7,983,982],"_links":{"self":[{"href":"https:\/\/www.fratinardi.it\/blog\/wp-json\/wp\/v2\/posts\/7417"}],"collection":[{"href":"https:\/\/www.fratinardi.it\/blog\/wp-json\/wp\/v2\/posts"}],"about":[{"href":"https:\/\/www.fratinardi.it\/blog\/wp-json\/wp\/v2\/types\/post"}],"author":[{"embeddable":true,"href":"https:\/\/www.fratinardi.it\/blog\/wp-json\/wp\/v2\/users\/2"}],"replies":[{"embeddable":true,"href":"https:\/\/www.fratinardi.it\/blog\/wp-json\/wp\/v2\/comments?post=7417"}],"version-history":[{"count":13,"href":"https:\/\/www.fratinardi.it\/blog\/wp-json\/wp\/v2\/posts\/7417\/revisions"}],"predecessor-version":[{"id":7435,"href":"https:\/\/www.fratinardi.it\/blog\/wp-json\/wp\/v2\/posts\/7417\/revisions\/7435"}],"wp:featuredmedia":[{"embeddable":true,"href":"https:\/\/www.fratinardi.it\/blog\/wp-json\/wp\/v2\/media\/7427"}],"wp:attachment":[{"href":"https:\/\/www.fratinardi.it\/blog\/wp-json\/wp\/v2\/media?parent=7417"}],"wp:term":[{"taxonomy":"category","embeddable":true,"href":"https:\/\/www.fratinardi.it\/blog\/wp-json\/wp\/v2\/categories?post=7417"},{"taxonomy":"post_tag","embeddable":true,"href":"https:\/\/www.fratinardi.it\/blog\/wp-json\/wp\/v2\/tags?post=7417"}],"curies":[{"name":"wp","href":"https:\/\/api.w.org\/{rel}","templated":true}]}}