{"id":7391,"date":"2016-10-28T14:06:31","date_gmt":"2016-10-28T12:06:31","guid":{"rendered":"http:\/\/www.fratinardi.it\/blog\/?p=7391"},"modified":"2016-11-11T11:19:38","modified_gmt":"2016-11-11T10:19:38","slug":"il-cappotto-lideale-per-lo-stile-urban-elegance","status":"publish","type":"post","link":"https:\/\/www.fratinardi.it\/blog\/il-cappotto-lideale-per-lo-stile-urban-elegance\/","title":{"rendered":"Il CAPPOTTO: l&#8217;ideale per lo stile urban elegance!"},"content":{"rendered":"<p style=\"text-align: justify;\">Il <a href=\"http:\/\/www.fratinardi.it\/it\/donna\/abbigliamento\/cappotti.html\"><strong>cappotto<\/strong><\/a> \u00e8 la tendenza del momento, care amiche.<\/p>\n<p style=\"text-align: justify;\">Per quest\u2019inverno non scegliete il solito <em>cappotto<\/em> ma puntate sui modelli che hanno calcato le passerelle delle ultime sfilate. <em>Cappotto oversize<\/em>, <em>di lana<\/em>, <em>extra lungo<\/em> o <em>sbottonato<\/em>, gli stilisti si sono sbizzarriti con silhoutte e tonalit\u00e0 diverse.\u00a0Quindi \u00e8 arrivato, il momento di capire con il cambio di stagione, quali siano i cappotti delle tendenze moda per l\u2019<em>autunno inverno 2016<\/em>, perch\u00e8 non \u00e8 da sottovalutare l\u2019importanza che possa rivestire non solo dal punto vista stilistico ma anche funzionale.<\/p>\n<p style=\"text-align: justify;\">Un cappotto conferisce una sensazione di protezione tenendoci caldi durante i primi freddi e rendendoci, grazie al taglio sartoriale, uniche stilisticamente e perfette per qualsiasi occasione. Al contrario dei modelli del passato, che riproponevano un taglio mascolino trascurando l\u2019importanza della shiloutte femminile, oggi i cappotti proposti nel panaroma fashion sono pi\u00f9 intriganti con versioni classiche che attirano maggiormente l\u2019 attenzione.<\/p>\n<p style=\"text-align: justify;\">D\u2019altronde, il <em>cappotto<\/em> \u00e8 una capo d\u2019abbigliamento che le donne indossano sin da bambine, subendo una normale evoluzione di gusti nel corso degli anni, dal taglio impero, al taglio maschile nella fase giovanile al modello vestaglia nella fase pi\u00f9 sofisticata.\u00a0<!--more--><\/p>\n<p style=\"text-align: justify;\"><a href=\"http:\/\/www.fratinardi.it\/blog\/wp-content\/uploads\/2016\/10\/p.pepe_.jpg\"><img loading=\"lazy\" decoding=\"async\" class=\" wp-image-7405 alignleft\" alt=\"cappotto\" src=\"http:\/\/www.fratinardi.it\/blog\/wp-content\/uploads\/2016\/10\/p.pepe_-300x236.jpg\" width=\"240\" height=\"189\" srcset=\"https:\/\/www.fratinardi.it\/blog\/wp-content\/uploads\/2016\/10\/p.pepe_-300x236.jpg 300w, https:\/\/www.fratinardi.it\/blog\/wp-content\/uploads\/2016\/10\/p.pepe_-380x300.jpg 380w, https:\/\/www.fratinardi.it\/blog\/wp-content\/uploads\/2016\/10\/p.pepe_.jpg 760w\" sizes=\"(max-width: 240px) 100vw, 240px\" \/><\/a>Un cappotto classico e intramontabile \u00e8 il \u201c<a title=\"PATRIZIA PEPE CAPPOTTO LUNGO MONOPETTO IN PANNO DI LANA E CACHEMIRE\" href=\"http:\/\/www.fratinardi.it\/it\/donna\/abbigliamento\/cappotti\/patrizia-pepe-cappotto-lungo-monopetto-in-panno-di-lana-e-cachemire-beige-8s0100-a104b254.html\" target=\"_blank\"><em>camel coat<\/em><\/a>\u201d proposto da <a href=\"http:\/\/www.fratinardi.it\/it\/brands\/abbigliamento\/patrizia-pepe.html\"><strong>Patrizia Pepe<\/strong><\/a>, lungo, monopetto in panno di lana e cashmere con bottoni a contrasto. La fodera interna \u00e8 realizzata in georgette di viscosa con stampa animalier per essere in linea con tutte le tendenze moda.<\/p>\n<p><a style=\"font-style: normal; font-weight: 300; text-decoration: underline; text-align: justify;\" href=\"http:\/\/www.fratinardi.it\/blog\/wp-content\/uploads\/2016\/10\/p.pepe2_.jpg\"><img loading=\"lazy\" decoding=\"async\" class=\" wp-image-7406 alignright\" style=\"border-color: #bbbbbb; margin-top: 0.4em; background: #eeeeee;\" alt=\"cappotto \" src=\"http:\/\/www.fratinardi.it\/blog\/wp-content\/uploads\/2016\/10\/p.pepe2_-300x236.jpg\" width=\"270\" height=\"212\" srcset=\"https:\/\/www.fratinardi.it\/blog\/wp-content\/uploads\/2016\/10\/p.pepe2_-300x236.jpg 300w, https:\/\/www.fratinardi.it\/blog\/wp-content\/uploads\/2016\/10\/p.pepe2_-380x300.jpg 380w, https:\/\/www.fratinardi.it\/blog\/wp-content\/uploads\/2016\/10\/p.pepe2_.jpg 760w\" sizes=\"(max-width: 270px) 100vw, 270px\" \/><\/a><\/p>\n<p style=\"text-align: justify;\">Per uno stile differente, scegli un cappotto con dettagli in pelliccia, lavorazione jacquard e il retro in panna di lana con tasche invisibili e cintura staccabile. Il collo pu\u00f2 essere sollevato e la lunghezza \u00e8 sopra il ginocchio. Il <a title=\"PATRIZIA PEPE CAPPOTTO MAXI GILET IN PELLICCIA SINTETICA\" href=\"http:\/\/www.fratinardi.it\/it\/brands\/abbigliamento\/patrizia-pepe\/patrizia-pepe-cappotto-maxi-giletin-pelliccia-sintetica-2l0704-a2ejh272.html\" target=\"_blank\">cappotto Maxi Gilet di Patrizia Pepe<\/a> \u00e8 l\u2019ideale per un look intrigante.<\/p>\n<p style=\"text-align: justify;\">Per dare un tocco di colore al proprio guardaroba invernale, puntate su un cappotto dalle tonalit\u00e0 accese, il brand <a href=\"http:\/\/www.fratinardi.it\/it\/brands\/abbigliamento\/ottod-ame.html\"><strong>Ottod\u2019ame<\/strong> <\/a>propone il <a title=\"OTTOD' AME CAPPOTTO IN BOUCL\u00c9 DI LANA\" href=\"http:\/\/www.fratinardi.it\/it\/brands\/abbigliamento\/ottod-ame\/ottod-ame-cappotto-in-boucle-di-lana-senape-gio-dg4609giacca-cappotto.html\" target=\"_blank\">cappotto in boucl\u00e8 di lana<\/a> dalla tonalit\u00e0 giallo, caldo e morbido come un abbraccio. Dalle forme over con giromanica leggermente scesa e collo sciallato, il cappotto \u00e8 completo di tasche a filo sui fianchi e grossi bottoni a contrasti. \u00a0E per indossarlo? Il must da seguire \u00e8 tono su tono, gli stilisti lo vogliono in cordinato al proprio look o in alternativa con pantaloni slim e top in lana.<\/p>\n<p style=\"text-align: center;\"><a href=\"http:\/\/www.fratinardi.it\/blog\/wp-content\/uploads\/2016\/10\/ottodame.jpg\"><img loading=\"lazy\" decoding=\"async\" class=\"size-medium wp-image-7407 aligncenter\" alt=\"cappotto \" src=\"http:\/\/www.fratinardi.it\/blog\/wp-content\/uploads\/2016\/10\/ottodame-300x236.jpg\" width=\"300\" height=\"236\" srcset=\"https:\/\/www.fratinardi.it\/blog\/wp-content\/uploads\/2016\/10\/ottodame-300x236.jpg 300w, https:\/\/www.fratinardi.it\/blog\/wp-content\/uploads\/2016\/10\/ottodame-380x300.jpg 380w, https:\/\/www.fratinardi.it\/blog\/wp-content\/uploads\/2016\/10\/ottodame.jpg 760w\" sizes=\"(max-width: 300px) 100vw, 300px\" \/><\/a><\/p>\n<p style=\"text-align: justify;\">Un altro modello da possedere a tutti i costi, \u00e8 il <a href=\"http:\/\/www.fratinardi.it\/it\/donna\/abbigliamento\/cappotti\/ottod-ame-cappotto-in-tessuto-misto-lana-multicolor-blu-als-dg4596giacca-cappotto.html\"><em>cappotto con stampa plaid<\/em><\/a> realizzato in tessuto misto lana multicolor con tasche a toppa e rever dentellati. Il cappotto del brand <em>Ottod\u2019ame<\/em> \u00e8 indicato per un look urban style da abbinare a pantaloni alla caviglia e sandali preziosi in velluto (guarda i <a title=\"JEANNOT SANDALI\" href=\"http:\/\/www.fratinardi.it\/it\/brands\/scarpe\/jeannot\/jeannot-sandali-velluto-nero.html\" target=\"_blank\">sandali del brand Jeannot<\/a>, trend dell\u2019inverno 2016) \u00e8 inoltre rifinito all\u2019interno con cuciture bordate tono su tono.<\/p>\n<p style=\"text-align: justify;\"><a href=\"http:\/\/www.fratinardi.it\/blog\/wp-content\/uploads\/2016\/10\/marella-cappa.jpg\"><img loading=\"lazy\" decoding=\"async\" class=\" wp-image-7403 alignleft\" alt=\"cappotto \" src=\"http:\/\/www.fratinardi.it\/blog\/wp-content\/uploads\/2016\/10\/marella-cappa-300x236.jpg\" width=\"240\" height=\"189\" srcset=\"https:\/\/www.fratinardi.it\/blog\/wp-content\/uploads\/2016\/10\/marella-cappa-300x236.jpg 300w, https:\/\/www.fratinardi.it\/blog\/wp-content\/uploads\/2016\/10\/marella-cappa-380x300.jpg 380w, https:\/\/www.fratinardi.it\/blog\/wp-content\/uploads\/2016\/10\/marella-cappa.jpg 760w\" sizes=\"(max-width: 240px) 100vw, 240px\" \/><\/a>Altro trend della stagione, \u00e8 la cappa, sopra o sotto il ginocchio non importa, ma \u00e8 fondamentale che abbia due tagli al posto delle maniche. La <a title=\"MARELLA CAPPA TARTAN ALDINA\" href=\"http:\/\/www.fratinardi.it\/it\/marella-cappa-tartan-bianco-nero-63760665000-aldina.html\" target=\"_blank\">cappa Aldina<\/a> del brand <a href=\"http:\/\/www.fratinardi.it\/it\/brands\/abbigliamento\/marella.html\"><strong>Marella<\/strong><\/a> \u00e8 realizzata in tessuto fantasia tartan, altro must di stagione con collo in pelliccia e un motivo di frange sul fondo. \u00a0La cappa pu\u00f2 essere chiusa tramite ganci e presenta una linea ampia sul fondo.<\/p>\n<p><a style=\"font-style: normal; font-weight: 300; text-decoration: underline; text-align: justify;\" href=\"http:\/\/www.fratinardi.it\/blog\/wp-content\/uploads\/2016\/10\/marella-pepe.jpg\"><img loading=\"lazy\" decoding=\"async\" class=\" wp-image-7404 alignright\" style=\"border-color: #bbbbbb; margin-top: 0.4em; background: #eeeeee;\" alt=\"cappotto \" src=\"http:\/\/www.fratinardi.it\/blog\/wp-content\/uploads\/2016\/10\/marella-pepe-300x236.jpg\" width=\"270\" height=\"212\" srcset=\"https:\/\/www.fratinardi.it\/blog\/wp-content\/uploads\/2016\/10\/marella-pepe-300x236.jpg 300w, https:\/\/www.fratinardi.it\/blog\/wp-content\/uploads\/2016\/10\/marella-pepe-380x300.jpg 380w, https:\/\/www.fratinardi.it\/blog\/wp-content\/uploads\/2016\/10\/marella-pepe.jpg 760w\" sizes=\"(max-width: 270px) 100vw, 270px\" \/><\/a><\/p>\n<p style=\"text-align: justify;\">E &#8230; nel nostro guardaroba lo sappiamo, non potr\u00e0 mai mancare il cappotto nero, a doppiopetto o sfasato ma \u00e8 fondamentale sfoggiarlo, perch\u00e8 trendy per qualsiasi evento.\u00a0Il <a title=\"PATRIZIA PEPE CAPPOTTO LUNGO MONOPETTO IN PANNO DI LANA E CACHEMIRE\" href=\"http:\/\/www.fratinardi.it\/it\/donna\/abbigliamento\/cappotti\/patrizia-pepe-cappotto-lungo-monopetto-in-panno-di-lana-e-cachemire-8s0100-a104k103.html\" target=\"_blank\">cappotto lungo di Patrizia Pepe<\/a> \u00e8 monopetto in panno di Lana e Cachemire oppure potrai optare per Ira, il <a title=\"MARELLA CAPPOTTO IRA\" href=\"http:\/\/www.fratinardi.it\/it\/donna\/abbigliamento\/marella-cappotto-nero-30862066000-ira.html\" target=\"_blank\">cappotto lungo del brand Marella<\/a> con chiusura bottoni, tasche finte frontali e maniche lunghe.<\/p>\n<p style=\"text-align: justify;\">A voi la scelta e ad ognuna il suo cappotto da sfoggiare per ogni look e ad ogni occasione. Perch\u00e8 ?\u00a0Perch\u00e8 il cappotto \u00e8 un must da possedere ad ogni costo.<\/p>\n<p style=\"text-align: justify;\">Non ci credete? Allora seguite il consiglio della stilista pi\u00f9 importante di ogni tempo, Coco Chanel: \u00abNessun uomo ti far\u00e0 sentire protetta e al sicuro come un cappotto di cachemire e un paio di occhiali scuri\u00bb cit.<\/p>\n<p style=\"text-align: justify;\">Lo shop online <a href=\"http:\/\/www.fratinardi.it\/it\/\" target=\"_blank\">fratinardi.it<\/a> propone alle sue clienti una vasta selezione di cappotti dei pi\u00f9 importanti fashion designer, collegati al sito e scopri la sezione dedicata al must di stagione. Perch\u00e8 acquistarlo su <a href=\"http:\/\/www.fratinardi.it\/it\/\" target=\"_blank\">fratinardi.it<\/a>? La spedizione \u00e8 gratuita e i tempi di spedizione sono stimati in 24 \/ 48 h e poi se vorrai cambiare taglia, potrai effettuare il reso.<\/p>\n<p style=\"text-align: justify;\">Per qualsiasi informazione di stile, contatta la tua personal shopper al seguente recapito telefonico 0289952415 o invia una emal all\u2019indirizzo\u00a0<a href=\"mailto:assistenza@fratinardi.it\">assistenza@fratinardi.it<\/a><\/p>\n","protected":false},"excerpt":{"rendered":"<p>Il cappotto \u00e8 la tendenza del momento, care amiche. Per quest\u2019inverno non scegliete il solito cappotto ma puntate sui modelli che hanno calcato le passerelle delle ultime sfilate. Cappotto oversize, di lana, extra lungo o sbottonato, gli stilisti si sono &hellip; <a href=\"https:\/\/www.fratinardi.it\/blog\/il-cappotto-lideale-per-lo-stile-urban-elegance\/\">Continue reading <span class=\"meta-nav\">&rarr;<\/span><\/a><\/p>\n","protected":false},"author":2,"featured_media":7402,"comment_status":"closed","ping_status":"closed","sticky":false,"template":"","format":"standard","meta":{"footnotes":""},"categories":[6],"tags":[979,8,10,215,85,880,7,978,863],"_links":{"self":[{"href":"https:\/\/www.fratinardi.it\/blog\/wp-json\/wp\/v2\/posts\/7391"}],"collection":[{"href":"https:\/\/www.fratinardi.it\/blog\/wp-json\/wp\/v2\/posts"}],"about":[{"href":"https:\/\/www.fratinardi.it\/blog\/wp-json\/wp\/v2\/types\/post"}],"author":[{"embeddable":true,"href":"https:\/\/www.fratinardi.it\/blog\/wp-json\/wp\/v2\/users\/2"}],"replies":[{"embeddable":true,"href":"https:\/\/www.fratinardi.it\/blog\/wp-json\/wp\/v2\/comments?post=7391"}],"version-history":[{"count":18,"href":"https:\/\/www.fratinardi.it\/blog\/wp-json\/wp\/v2\/posts\/7391\/revisions"}],"predecessor-version":[{"id":7414,"href":"https:\/\/www.fratinardi.it\/blog\/wp-json\/wp\/v2\/posts\/7391\/revisions\/7414"}],"wp:featuredmedia":[{"embeddable":true,"href":"https:\/\/www.fratinardi.it\/blog\/wp-json\/wp\/v2\/media\/7402"}],"wp:attachment":[{"href":"https:\/\/www.fratinardi.it\/blog\/wp-json\/wp\/v2\/media?parent=7391"}],"wp:term":[{"taxonomy":"category","embeddable":true,"href":"https:\/\/www.fratinardi.it\/blog\/wp-json\/wp\/v2\/categories?post=7391"},{"taxonomy":"post_tag","embeddable":true,"href":"https:\/\/www.fratinardi.it\/blog\/wp-json\/wp\/v2\/tags?post=7391"}],"curies":[{"name":"wp","href":"https:\/\/api.w.org\/{rel}","templated":true}]}}