{"id":7358,"date":"2016-10-21T16:41:06","date_gmt":"2016-10-21T14:41:06","guid":{"rendered":"http:\/\/www.fratinardi.it\/blog\/?p=7358"},"modified":"2016-11-11T11:19:45","modified_gmt":"2016-11-11T10:19:45","slug":"il-black-friday-2016-scopri-tutto-su-fratinardi-it","status":"publish","type":"post","link":"https:\/\/www.fratinardi.it\/blog\/il-black-friday-2016-scopri-tutto-su-fratinardi-it\/","title":{"rendered":"Black Friday 2016? Scopri tutto su fratinardi.it"},"content":{"rendered":"<p style=\"text-align: justify;\">L\u2019evento pi\u00f9 atteso dell\u2019anno? Il <a href=\"http:\/\/www.fratinardi.it\/it\/black-friday-2016.html\">Black Friday 2016<\/a> e manca poco pi\u00f9 di un mese al suo inizio.\u00a0Nonostante non sia un giorno festivo, il <strong>Black Friday 2016<\/strong> \u00e8 davvero molto importante per l\u2019aspetto commerciale del paese poich\u00e9 d\u00e0 il via al consueto shopping natalizio divenendo un valido indicatore sociale sia sulla predisposizione agli acquisti che sulla reale capacit\u00e0 di spesa dei consumatori.<\/p>\n<p style=\"text-align: justify;\"><a href=\"http:\/\/www.fratinardi.it\/blog\/wp-content\/uploads\/2016\/10\/shoponline.jpg\"><img loading=\"lazy\" decoding=\"async\" class=\"size-medium wp-image-7361 alignleft\" alt=\"Black Friday 2016\" src=\"http:\/\/www.fratinardi.it\/blog\/wp-content\/uploads\/2016\/10\/shoponline-300x125.jpg\" width=\"300\" height=\"125\" srcset=\"https:\/\/www.fratinardi.it\/blog\/wp-content\/uploads\/2016\/10\/shoponline-300x125.jpg 300w, https:\/\/www.fratinardi.it\/blog\/wp-content\/uploads\/2016\/10\/shoponline-500x208.jpg 500w, https:\/\/www.fratinardi.it\/blog\/wp-content\/uploads\/2016\/10\/shoponline.jpg 960w\" sizes=\"(max-width: 300px) 100vw, 300px\" \/><\/a><\/p>\n<p style=\"text-align: justify;\">Il <a href=\"http:\/\/www.fratinardi.it\/it\/black-friday-2016.html\"><em>Black Friday<\/em><\/a>, conosciuto come il venerd\u00ec nero degli acquisti, \u00e8 nato in America ed \u00e8 celebrato il giorno successivo al \u201cGiorno del Ringraziamento\u201d, un evento in cui \u00e8 possibile lasciarsi andare allo shopping, comprando prodotti a prezzi davvero vantaggiosi.\u00a0Infatti, le grandi catene commerciali offrono in questa occasione diverse promozioni al fine di poter aumentare le proprie vendite, spingendo le persone a fare shopping e a voler approfittare delle grandi occasioni proposte, tanto da trascorrere l\u2019intera notte fuori dal negozio, per poter essere, il giorno successivo, \u00a0i primi ad approfittarne.<!--more--><\/p>\n<p style=\"text-align: justify;\"><a href=\"http:\/\/www.fratinardi.it\/blog\/wp-content\/uploads\/2016\/10\/shoponline_2.jpg\"><img loading=\"lazy\" decoding=\"async\" class=\"size-medium wp-image-7362 alignright\" alt=\"Black Friday 2016\" src=\"http:\/\/www.fratinardi.it\/blog\/wp-content\/uploads\/2016\/10\/shoponline_2-300x125.jpg\" width=\"300\" height=\"125\" srcset=\"https:\/\/www.fratinardi.it\/blog\/wp-content\/uploads\/2016\/10\/shoponline_2-300x125.jpg 300w, https:\/\/www.fratinardi.it\/blog\/wp-content\/uploads\/2016\/10\/shoponline_2-500x208.jpg 500w, https:\/\/www.fratinardi.it\/blog\/wp-content\/uploads\/2016\/10\/shoponline_2.jpg 960w\" sizes=\"(max-width: 300px) 100vw, 300px\" \/><\/a>Il <em>Black Friday 2016<\/em>, nonostante non si celebri in tutto il mondo, \u00e8 divenuto negli anni un evento tanto atteso in molti Paesi come anche in Italia e quest\u2019anno le offerte del Black Friday avverranno il <em>venerd\u00ec 25 Novembre<\/em> dando seguito il primo luned\u00ec successivo, al <em>Cyber Monday<\/em>, l\u2019altro evento tanto atteso, divenendo l\u2019occasione per poter approfittare dei grandi sconti nei tantissimi negozi online.<\/p>\n<p style=\"text-align: justify;\">Lo shop online <a href=\"http:\/\/www.fratinardi.it\/\"><em>fratinardi.it<\/em><\/a> dedica a tutti i clienti del mondo virtuale tantissime promozioni su una selezione di prodotti dei pi\u00f9 importanti fashion designer. E tu cosa aspetti? Non perderti le ultime tendenze del mondo patinato della moda disponibili sullo shop online fratinardi.it e ricordati di fare una lista su tutto ci\u00f2 che desideri acquistare per l&#8217; evento tanto atteso dai fashion victims.<\/p>\n<p style=\"text-align: justify;\">Sullo shop online fratinardi.it <a href=\"http:\/\/www.fratinardi.it\/it\/saldi.html\"><span style=\"text-decoration: underline;\">il black Friday 2016 \u00e8 gi\u00e0 iniziato, scopri le promozioni di oggi<\/span><\/a>.\u00a0Per qualsiasi informazione di stile, contatta la tua personal shopper al seguente recapito telefonico 0289952415 o invia una emal all\u2019indirizzo\u00a0<a href=\"mailto:assistenza@fratinardi.it\">assistenza@fratinardi.it<\/a><\/p>\n","protected":false},"excerpt":{"rendered":"<p>L\u2019evento pi\u00f9 atteso dell\u2019anno? Il Black Friday 2016 e manca poco pi\u00f9 di un mese al suo inizio.\u00a0Nonostante non sia un giorno festivo, il Black Friday 2016 \u00e8 davvero molto importante per l\u2019aspetto commerciale del paese poich\u00e9 d\u00e0 il via &hellip; <a href=\"https:\/\/www.fratinardi.it\/blog\/il-black-friday-2016-scopri-tutto-su-fratinardi-it\/\">Continue reading <span class=\"meta-nav\">&rarr;<\/span><\/a><\/p>\n","protected":false},"author":2,"featured_media":7360,"comment_status":"closed","ping_status":"closed","sticky":false,"template":"","format":"standard","meta":{"footnotes":""},"categories":[3],"tags":[976,8,10,215,85],"_links":{"self":[{"href":"https:\/\/www.fratinardi.it\/blog\/wp-json\/wp\/v2\/posts\/7358"}],"collection":[{"href":"https:\/\/www.fratinardi.it\/blog\/wp-json\/wp\/v2\/posts"}],"about":[{"href":"https:\/\/www.fratinardi.it\/blog\/wp-json\/wp\/v2\/types\/post"}],"author":[{"embeddable":true,"href":"https:\/\/www.fratinardi.it\/blog\/wp-json\/wp\/v2\/users\/2"}],"replies":[{"embeddable":true,"href":"https:\/\/www.fratinardi.it\/blog\/wp-json\/wp\/v2\/comments?post=7358"}],"version-history":[{"count":12,"href":"https:\/\/www.fratinardi.it\/blog\/wp-json\/wp\/v2\/posts\/7358\/revisions"}],"predecessor-version":[{"id":7371,"href":"https:\/\/www.fratinardi.it\/blog\/wp-json\/wp\/v2\/posts\/7358\/revisions\/7371"}],"wp:featuredmedia":[{"embeddable":true,"href":"https:\/\/www.fratinardi.it\/blog\/wp-json\/wp\/v2\/media\/7360"}],"wp:attachment":[{"href":"https:\/\/www.fratinardi.it\/blog\/wp-json\/wp\/v2\/media?parent=7358"}],"wp:term":[{"taxonomy":"category","embeddable":true,"href":"https:\/\/www.fratinardi.it\/blog\/wp-json\/wp\/v2\/categories?post=7358"},{"taxonomy":"post_tag","embeddable":true,"href":"https:\/\/www.fratinardi.it\/blog\/wp-json\/wp\/v2\/tags?post=7358"}],"curies":[{"name":"wp","href":"https:\/\/api.w.org\/{rel}","templated":true}]}}