{"id":6106,"date":"2016-06-10T17:00:52","date_gmt":"2016-06-10T15:00:52","guid":{"rendered":"http:\/\/www.fratinardi.it\/blog\/?p=6106"},"modified":"2016-07-06T11:23:26","modified_gmt":"2016-07-06T09:23:26","slug":"sandali-con-zeppa-i-modelli-di-tendenza-dellestate-2016","status":"publish","type":"post","link":"https:\/\/www.fratinardi.it\/blog\/sandali-con-zeppa-i-modelli-di-tendenza-dellestate-2016\/","title":{"rendered":"SANDALI CON ZEPPA: I MODELLI DI TENDENZA DELL&#8217;ESTATE 2016"},"content":{"rendered":"<p style=\"text-align: justify;\">I tacchi? Che passione ma che sofferenza. Camminare sui tacchi, non \u00e8 semplice, richiede un portamento naturale ma sono fondamentali per coloro che hanno la necessit\u00e0 di apparire pi\u00f9 alte, slanciando, in questo modo, con qualche centimetro in pi\u00f9, la propria silhoutte. I <a href=\"http:\/\/www.fratinardi.it\/it\/donna\/scarpe\/sandali\/sandali-con-zeppa.html\"><em>sandali con zeppa<\/em><\/a>, invece sono divenuti ormai l\u2019espediente perfetto, ben noto, ad ogni donna. Sono tra gli accessori pi\u00f9 trendy da possedere nel proprio guardaroba e variano da modelli con una zeppa abbastanza alta ad altri che sono provvisti di plateau, a calzature con un\u2019altezza media e ragionevole.\u00a0Care amiche, non temete, lo shop online <a href=\"http:\/\/www.fratinardi.it\/\">fratinardi.it<\/a> vi presenta una delle tendenze moda pi\u00f9 belle per l\u2019estate 2016, tocca solo a voi scoprire quali siano i <a href=\"http:\/\/www.fratinardi.it\/it\/donna\/scarpe\/sandali\/sandali-con-zeppa.html\"><em>sandali con zeppa<\/em> <\/a>pi\u00f9 giusti per il vostro stile.<\/p>\n<p style=\"text-align: justify;\"><!--more--><\/p>\n<p><a style=\"text-align: justify;\" href=\"http:\/\/www.fratinardi.it\/blog\/wp-content\/uploads\/2016\/05\/ALBANO.jpg\"><img loading=\"lazy\" decoding=\"async\" class=\"size-medium wp-image-6121 alignleft\" alt=\"sandali con zeppa\" src=\"http:\/\/www.fratinardi.it\/blog\/wp-content\/uploads\/2016\/05\/ALBANO-300x114.jpg\" width=\"300\" height=\"114\" srcset=\"https:\/\/www.fratinardi.it\/blog\/wp-content\/uploads\/2016\/05\/ALBANO-300x114.jpg 300w, https:\/\/www.fratinardi.it\/blog\/wp-content\/uploads\/2016\/05\/ALBANO.jpg 810w\" sizes=\"(max-width: 300px) 100vw, 300px\" \/><\/a><\/p>\n<p style=\"text-align: justify;\">La scelta dei sandali con zeppa, disponibili sullo store online <a href=\"http:\/\/www.fratinardi.it\/\">fratinardi.it<\/a>, varia in base al proprio evento. Per una serata glamour, decidi di essere elegante e trendy con i <em>sandali Albano<\/em>. La scarpa con zeppa \u00e8 realizzata in pelle, con un inserto centrale, disponibile sia nel colore <a href=\"http:\/\/www.fratinardi.it\/it\/donna\/scarpe\/sandali\/sandali-con-zeppa\/albano-sandali-zeppa-donna-pelle-platino-oro.html\">oro<\/a> che <a href=\"http:\/\/www.fratinardi.it\/it\/donna\/scarpe\/sandali\/sandali-con-zeppa\/albano-sandali-zeppa-donna-pelle-platino-nero.html\">nero<\/a>. Oppure potete optare per un sandalo con zeppa Marlene del brand Liu Jo, realizzato in pelle con effetto vernice, inserto oro e cinturino alla caviglia. La zeppa di questo sandalo \u00e8 rivestita ed \u00e8 disponibile sia nel colore <a href=\"http:\/\/www.fratinardi.it\/it\/brands\/scarpe\/liu-jo\/liu-jo-sandali-zeppa-marlene-corallo.html\">corallo<\/a> che <a href=\"http:\/\/www.fratinardi.it\/it\/brands\/scarpe\/liu-jo\/liu-jo-sandali-zeppa-marlene-neri.html\">nero<\/a>.\u00a0Per essere in linea con la tendenza corda, must have dell&#8217;estate, lo shop fratinardi.it vi consiglia di optare per un sandalo con\u00a0<a href=\"http:\/\/www.fratinardi.it\/it\/brands\/scarpe\/tommy-hilfiger\/tommy-hilfiger-sandali-zeppa-intreccio-fungi.html\">zeppa del brand Tommy Hilfiger<\/a>\u00a0realizzato in tessuto con effetto intrecciato e finiture sia in pelle che vernice. Oppure \u00e8 possibile scegliere un sandalo con zeppa del brand\u00a0<a href=\"http:\/\/www.fratinardi.it\/it\/donna\/scarpe\/sandali\/ugg-sandali-con-zeppa-pelle-scamosciata-corda-beige.html\">Ugg australia<\/a>\u00a0realizzato in camoscio con finiture in corda intrecciata.<\/p>\n<p style=\"text-align: center;\"><a href=\"http:\/\/www.fratinardi.it\/blog\/wp-content\/uploads\/2016\/05\/TOMMY+UGG1.jpg\"><img loading=\"lazy\" decoding=\"async\" class=\"size-medium wp-image-6128 aligncenter\" alt=\"sandali con zeppa\" src=\"http:\/\/www.fratinardi.it\/blog\/wp-content\/uploads\/2016\/05\/TOMMY+UGG1-300x120.jpg\" width=\"300\" height=\"120\" srcset=\"https:\/\/www.fratinardi.it\/blog\/wp-content\/uploads\/2016\/05\/TOMMY+UGG1-300x120.jpg 300w, https:\/\/www.fratinardi.it\/blog\/wp-content\/uploads\/2016\/05\/TOMMY+UGG1.jpg 810w\" sizes=\"(max-width: 300px) 100vw, 300px\" \/><\/a><\/p>\n<p><a href=\"http:\/\/www.fratinardi.it\/blog\/wp-content\/uploads\/2016\/05\/LIUJO.jpg\"><img loading=\"lazy\" decoding=\"async\" class=\"wp-image-6122 alignleft\" alt=\"sandali con zeppa\" src=\"http:\/\/www.fratinardi.it\/blog\/wp-content\/uploads\/2016\/05\/LIUJO-300x274.jpg\" width=\"210\" height=\"192\" srcset=\"https:\/\/www.fratinardi.it\/blog\/wp-content\/uploads\/2016\/05\/LIUJO-300x274.jpg 300w, https:\/\/www.fratinardi.it\/blog\/wp-content\/uploads\/2016\/05\/LIUJO.jpg 332w\" sizes=\"(max-width: 210px) 100vw, 210px\" \/><\/a><\/p>\n<p><a href=\"http:\/\/www.fratinardi.it\/blog\/wp-content\/uploads\/2016\/05\/NEROG.jpg\"><img loading=\"lazy\" decoding=\"async\" class=\" wp-image-6126 alignright\" alt=\"sandali con zeppa\" src=\"http:\/\/www.fratinardi.it\/blog\/wp-content\/uploads\/2016\/05\/NEROG-297x300.jpg\" width=\"238\" height=\"240\" srcset=\"https:\/\/www.fratinardi.it\/blog\/wp-content\/uploads\/2016\/05\/NEROG-297x300.jpg 297w, https:\/\/www.fratinardi.it\/blog\/wp-content\/uploads\/2016\/05\/NEROG-150x150.jpg 150w, https:\/\/www.fratinardi.it\/blog\/wp-content\/uploads\/2016\/05\/NEROG-300x302.jpg 300w, https:\/\/www.fratinardi.it\/blog\/wp-content\/uploads\/2016\/05\/NEROG.jpg 322w\" sizes=\"(max-width: 238px) 100vw, 238px\" \/><\/a><\/p>\n<p style=\"text-align: justify;\">Il sandalo con zeppa\u00a0<a href=\"http:\/\/www.fratinardi.it\/it\/donna\/scarpe\/sandali\/sandali-con-zeppa\/hogan-sandali-donna-pelle-vernice-beige.html\">Hogan H266<\/a>\u00a0\u00e8 destinato, invece ad una donna moderna dallo stile sobrio che desidera apparire elegante in ogni momento della giornata. Il sandalo con zeppa presenta due listini incrociati sulla punta, realizzati rispettivamente in vernice e pelle. Come must dell\u2019estate, vi segnaliamo anche i\u00a0<a href=\"http:\/\/www.fratinardi.it\/it\/brands\/scarpe\/nero-giardini.html\">sandali con zeppa<\/a>\u00a0del brand <em>Nero Giardini,<\/em>\u00a0rivestiti in corda, con listini in pelle bicolor e dettaglio cuciture logo su zeppa. Il sandalo con zeppa \u00e8 disponibile sia nel colore sabbia che blu.<\/p>\n<p style=\"text-align: justify;\">Quindi, cosa aspettate? Quali sono le\u00a0<em>scarpe con zeppa dell\u2019estate 2016<\/em>\u00a0che vorreste infilare ai vostri piedi per sfoggiare un look da urlo?\u00a0Vi aspettiamo sul negozio online <a href=\"http:\/\/www.fratinardi.it\/\">fratinardi.it<\/a> per scoprire l\u2019intera collezione di <em>sandali con zeppa<\/em>.\u00a0Per qualsiasi informazione contattate l\u2019assistenza clienti al numero 0289952415 o all\u2019indirizzo email assistenza@fratinardi.it<\/p>\n","protected":false},"excerpt":{"rendered":"<p>I tacchi? Che passione ma che sofferenza. Camminare sui tacchi, non \u00e8 semplice, richiede un portamento naturale ma sono fondamentali per coloro che hanno la necessit\u00e0 di apparire pi\u00f9 alte, slanciando, in questo modo, con qualche centimetro in pi\u00f9, la &hellip; <a href=\"https:\/\/www.fratinardi.it\/blog\/sandali-con-zeppa-i-modelli-di-tendenza-dellestate-2016\/\">Continue reading <span class=\"meta-nav\">&rarr;<\/span><\/a><\/p>\n","protected":false},"author":2,"featured_media":6524,"comment_status":"closed","ping_status":"closed","sticky":false,"template":"","format":"standard","meta":{"footnotes":""},"categories":[6],"tags":[64,8,10,215,85,149,7,637,840,559],"_links":{"self":[{"href":"https:\/\/www.fratinardi.it\/blog\/wp-json\/wp\/v2\/posts\/6106"}],"collection":[{"href":"https:\/\/www.fratinardi.it\/blog\/wp-json\/wp\/v2\/posts"}],"about":[{"href":"https:\/\/www.fratinardi.it\/blog\/wp-json\/wp\/v2\/types\/post"}],"author":[{"embeddable":true,"href":"https:\/\/www.fratinardi.it\/blog\/wp-json\/wp\/v2\/users\/2"}],"replies":[{"embeddable":true,"href":"https:\/\/www.fratinardi.it\/blog\/wp-json\/wp\/v2\/comments?post=6106"}],"version-history":[{"count":40,"href":"https:\/\/www.fratinardi.it\/blog\/wp-json\/wp\/v2\/posts\/6106\/revisions"}],"predecessor-version":[{"id":6526,"href":"https:\/\/www.fratinardi.it\/blog\/wp-json\/wp\/v2\/posts\/6106\/revisions\/6526"}],"wp:featuredmedia":[{"embeddable":true,"href":"https:\/\/www.fratinardi.it\/blog\/wp-json\/wp\/v2\/media\/6524"}],"wp:attachment":[{"href":"https:\/\/www.fratinardi.it\/blog\/wp-json\/wp\/v2\/media?parent=6106"}],"wp:term":[{"taxonomy":"category","embeddable":true,"href":"https:\/\/www.fratinardi.it\/blog\/wp-json\/wp\/v2\/categories?post=6106"},{"taxonomy":"post_tag","embeddable":true,"href":"https:\/\/www.fratinardi.it\/blog\/wp-json\/wp\/v2\/tags?post=6106"}],"curies":[{"name":"wp","href":"https:\/\/api.w.org\/{rel}","templated":true}]}}