{"id":5662,"date":"2016-05-13T15:00:26","date_gmt":"2016-05-13T13:00:26","guid":{"rendered":"http:\/\/www.fratinardi.it\/blog\/?p=5662"},"modified":"2016-07-06T11:34:54","modified_gmt":"2016-07-06T09:34:54","slug":"total-blu-style-primavera-estate-2016","status":"publish","type":"post","link":"https:\/\/www.fratinardi.it\/blog\/total-blu-style-primavera-estate-2016\/","title":{"rendered":"TOTAL BLU STYLE  &#8211; PRIMAVERA ESTATE 2016"},"content":{"rendered":"<p style=\"text-align: justify;\">Il denim, negli ultimi anni \u00e8 diventato il protagonista delle passerelle, amato e desiderato da tutte le fashion icons. Se tanti adorano sfoggiare un total look in tema denim con un mini abito per uno stile femminile o con un jumpsuit e una salopette per lo stile workwear, la combinazione pi\u00f9 amata dai fashion victims \u00e8 sicuramente dettata dalla camicia e dal jeans, mixata al massimo con uno shorts, per l\u2019effetto denim al denim.\u00a0 Al contrario molti fashion addicted preferiscono sfoggiare un look in cui ad accompagnare il jeans ci siano altri capi di tendenza.<\/p>\n<p style=\"text-align: justify;\">Lo shop online <a href=\"http:\/\/www.fratinardi.it\/\">fratinardi.it<\/a> propone alle sue clienti, un outfit perfetto che interpreta il look denim in una chiave iperfemminile conquistando un appeal sempre pi\u00f9 irresistibile. \u00a0<!--more--><\/p>\n<p style=\"text-align: justify;\"><img loading=\"lazy\" decoding=\"async\" class=\"size-medium wp-image-5680 alignleft\" alt=\"blu\" src=\"http:\/\/www.fratinardi.it\/blog\/wp-content\/uploads\/2016\/05\/31-300x210.jpg\" width=\"300\" height=\"210\" srcset=\"https:\/\/www.fratinardi.it\/blog\/wp-content\/uploads\/2016\/05\/31-300x210.jpg 300w, https:\/\/www.fratinardi.it\/blog\/wp-content\/uploads\/2016\/05\/31.jpg 463w\" sizes=\"(max-width: 300px) 100vw, 300px\" \/><\/p>\n<p style=\"text-align: justify;\">L\u2019outfit \u00e8 composto dal <a href=\"http:\/\/www.fratinardi.it\/it\/brands\/abbigliamento\/patrizia-pepe\/patrizia-pepe-jeans-stone-wash.html\">jeans Patrizia Pepe<\/a> in denim stretch con effetto stone wash con strappi. La vestibilit\u00e0 \u00e8 a sigaretta mentre la lunghezza arriva alla caviglia. Il denim \u00e8 perfetto se abbinato alla <a href=\"http:\/\/www.fratinardi.it\/it\/brands\/abbigliamento\/marella\/marella-blusa-in-seta-blu-nabulus.html\">blusa in seta del brand Marella<\/a>, che con la sua fantasia a righe, bianco e blu, segue perfettamente il trend dell\u2019estate 2016. La blusa \u00e8 realizzata in crepe de chine di seta stampata, con una linea morbida e il collo incrociato con le maniche ad aletta. I jeans sono perfetti se abbinati a sandali con tacchi, ideali per slanciare la linea di ogni donna.<\/p>\n<p style=\"text-align: justify;\">I <a href=\"http:\/\/www.fratinardi.it\/it\/brands\/scarpe\/aldo-castagna\/aldo-castagna-donna-sandali-open-toe-pelle-bluette.html\">sandali Aldo Castagna<\/a> nel colore blu, perfettamente made in italy, che lo shop online <a href=\"http:\/\/www.fratinardi.it\/\">fratinardi.it<\/a> vi propone, sono realizzati in pelle con un tacco dalla forma quadrata, must have dell&#8217;estate 2016, conferendo un allure raffinata ma sicuramente pi\u00f9 comoda. Completate il vostro outfit aggiungendo una borsa dallo stile casual chic, il modello proposto dallo shop online \u00e8 il bauletto <a href=\"http:\/\/www.fratinardi.it\/it\/brands\/borse-e-accessori\/furla\/furla-bauletto-metropolis-blu.html\">Furla metropolis<\/a> con chiusura a meccanismo, tasca interna con zip e tracolla removibile.<\/p>\n<p style=\"text-align: justify;\"><img loading=\"lazy\" decoding=\"async\" class=\"wp-image-5681 alignright\" alt=\"blu\" src=\"http:\/\/www.fratinardi.it\/blog\/wp-content\/uploads\/2016\/05\/1-300x159.jpg\" width=\"300\" height=\"159\" srcset=\"https:\/\/www.fratinardi.it\/blog\/wp-content\/uploads\/2016\/05\/1-300x159.jpg 300w, https:\/\/www.fratinardi.it\/blog\/wp-content\/uploads\/2016\/05\/1.jpg 610w\" sizes=\"(max-width: 300px) 100vw, 300px\" \/><\/p>\n<p style=\"text-align: justify;\">Per scoprire tutte le novit\u00e0 del panoroma moda, vi aspettiamo sul negozio online <a href=\"http:\/\/www.fratinardi.it\/\">fratinardi.it<\/a><\/p>\n<p style=\"text-align: justify;\">Per qualsiasi informazione, inoltre, \u00e8 possibile contattare il servizio clienti utilizzando l\u2019indirizzo email <a href=\"mailto:assistenza@fratinardi.it\">assistenza@fratinardi.it<\/a> o al seguente recapito telefonico 0289952415.<\/p>\n","protected":false},"excerpt":{"rendered":"<p>Il denim, negli ultimi anni \u00e8 diventato il protagonista delle passerelle, amato e desiderato da tutte le fashion icons. Se tanti adorano sfoggiare un total look in tema denim con un mini abito per uno stile femminile o con un &hellip; <a href=\"https:\/\/www.fratinardi.it\/blog\/total-blu-style-primavera-estate-2016\/\">Continue reading <span class=\"meta-nav\">&rarr;<\/span><\/a><\/p>\n","protected":false},"author":2,"featured_media":6541,"comment_status":"closed","ping_status":"closed","sticky":false,"template":"","format":"standard","meta":{"footnotes":""},"categories":[6],"tags":[8,10,215,85,7],"_links":{"self":[{"href":"https:\/\/www.fratinardi.it\/blog\/wp-json\/wp\/v2\/posts\/5662"}],"collection":[{"href":"https:\/\/www.fratinardi.it\/blog\/wp-json\/wp\/v2\/posts"}],"about":[{"href":"https:\/\/www.fratinardi.it\/blog\/wp-json\/wp\/v2\/types\/post"}],"author":[{"embeddable":true,"href":"https:\/\/www.fratinardi.it\/blog\/wp-json\/wp\/v2\/users\/2"}],"replies":[{"embeddable":true,"href":"https:\/\/www.fratinardi.it\/blog\/wp-json\/wp\/v2\/comments?post=5662"}],"version-history":[{"count":27,"href":"https:\/\/www.fratinardi.it\/blog\/wp-json\/wp\/v2\/posts\/5662\/revisions"}],"predecessor-version":[{"id":5690,"href":"https:\/\/www.fratinardi.it\/blog\/wp-json\/wp\/v2\/posts\/5662\/revisions\/5690"}],"wp:featuredmedia":[{"embeddable":true,"href":"https:\/\/www.fratinardi.it\/blog\/wp-json\/wp\/v2\/media\/6541"}],"wp:attachment":[{"href":"https:\/\/www.fratinardi.it\/blog\/wp-json\/wp\/v2\/media?parent=5662"}],"wp:term":[{"taxonomy":"category","embeddable":true,"href":"https:\/\/www.fratinardi.it\/blog\/wp-json\/wp\/v2\/categories?post=5662"},{"taxonomy":"post_tag","embeddable":true,"href":"https:\/\/www.fratinardi.it\/blog\/wp-json\/wp\/v2\/tags?post=5662"}],"curies":[{"name":"wp","href":"https:\/\/api.w.org\/{rel}","templated":true}]}}