{"id":534,"date":"2013-07-15T18:44:33","date_gmt":"2013-07-15T16:44:33","guid":{"rendered":"http:\/\/www.fratinardi.it\/blog\/?p=534"},"modified":"2013-07-15T18:47:44","modified_gmt":"2013-07-15T16:47:44","slug":"la-moda-tradizionale-di-antonio-derrico","status":"publish","type":"post","link":"https:\/\/www.fratinardi.it\/blog\/la-moda-tradizionale-di-antonio-derrico\/","title":{"rendered":"Il Made in Italy di Antonio D&#8217;errico"},"content":{"rendered":"<p>La presenza di alcuni stilisti sul territorio campano rendono la nostra terra fiorente anche nel settore tessile, conquistando \u00a0l&#8217;etichetta di &#8220;made in italy&#8221;, davvero ambita e facendo sentire meno l&#8217;enorme distanza che vige con le passerelle milanesi.<\/p>\n<p>Un marchio che \u00e8 sicuramente emerso, divenendo una realt\u00e0 molto solida nel mondo della moda italiana \u00e8 quello di Antonio D&#8217;Errico.<!--more--><\/p>\n\n\t\t<style type=\"text\/css\">\n\t\t\t#gallery-1 {\n\t\t\t\tmargin: auto;\n\t\t\t}\n\t\t\t#gallery-1 .gallery-item {\n\t\t\t\tfloat: left;\n\t\t\t\tmargin-top: 10px;\n\t\t\t\ttext-align: center;\n\t\t\t\twidth: 33%;\n\t\t\t}\n\t\t\t#gallery-1 img {\n\t\t\t\tborder: 2px solid #cfcfcf;\n\t\t\t}\n\t\t\t#gallery-1 .gallery-caption {\n\t\t\t\tmargin-left: 0;\n\t\t\t}\n\t\t\t\/* see gallery_shortcode() in wp-includes\/media.php *\/\n\t\t<\/style>\n\t\t<div id='gallery-1' class='gallery galleryid-534 gallery-columns-3 gallery-size-thumbnail'><dl class='gallery-item'>\n\t\t\t<dt class='gallery-icon landscape'>\n\t\t\t\t<a href='https:\/\/www.fratinardi.it\/blog\/la-moda-tradizionale-di-antonio-derrico\/img_9872\/'><img loading=\"lazy\" decoding=\"async\" width=\"150\" height=\"150\" src=\"https:\/\/www.fratinardi.it\/blog\/wp-content\/uploads\/2013\/07\/img_9872-150x150.jpg\" class=\"attachment-thumbnail size-thumbnail\" alt=\"made in italy\" srcset=\"https:\/\/www.fratinardi.it\/blog\/wp-content\/uploads\/2013\/07\/img_9872-150x150.jpg 150w, https:\/\/www.fratinardi.it\/blog\/wp-content\/uploads\/2013\/07\/img_9872-300x300.jpg 300w, https:\/\/www.fratinardi.it\/blog\/wp-content\/uploads\/2013\/07\/img_9872-195x195.jpg 195w, https:\/\/www.fratinardi.it\/blog\/wp-content\/uploads\/2013\/07\/img_9872.jpg 400w\" sizes=\"(max-width: 150px) 100vw, 150px\" \/><\/a>\n\t\t\t<\/dt><\/dl><dl class='gallery-item'>\n\t\t\t<dt class='gallery-icon landscape'>\n\t\t\t\t<a href='https:\/\/www.fratinardi.it\/blog\/la-moda-tradizionale-di-antonio-derrico\/fratinardi_antonio_d_errico_tubino_4_\/'><img loading=\"lazy\" decoding=\"async\" width=\"150\" height=\"150\" src=\"https:\/\/www.fratinardi.it\/blog\/wp-content\/uploads\/2013\/07\/fratinardi_antonio_d_errico_tubino_4_-150x150.jpg\" class=\"attachment-thumbnail size-thumbnail\" alt=\"made in italy\" srcset=\"https:\/\/www.fratinardi.it\/blog\/wp-content\/uploads\/2013\/07\/fratinardi_antonio_d_errico_tubino_4_-150x150.jpg 150w, https:\/\/www.fratinardi.it\/blog\/wp-content\/uploads\/2013\/07\/fratinardi_antonio_d_errico_tubino_4_-300x300.jpg 300w, https:\/\/www.fratinardi.it\/blog\/wp-content\/uploads\/2013\/07\/fratinardi_antonio_d_errico_tubino_4_-195x195.jpg 195w, https:\/\/www.fratinardi.it\/blog\/wp-content\/uploads\/2013\/07\/fratinardi_antonio_d_errico_tubino_4_.jpg 400w\" sizes=\"(max-width: 150px) 100vw, 150px\" \/><\/a>\n\t\t\t<\/dt><\/dl>\n\t\t\t<br style='clear: both' \/>\n\t\t<\/div>\n\n<p>&nbsp;<\/p>\n<p>L&#8217;azienda campana nasce nel 1977, nel mese di settembre, facendosi portatrice dei principi fondamentali della tradizione artigianale italiana. Se si parla di moda, infatti, \u00e8 bene farlo descrivendo il vero settore del fashion, in cui si susseguono sul nostro territorio tutte le fasi di produzione, partendo dalla materia prima fino ad arrivare alla lavorazione e poi al controllo. Non \u00e8 un processo da sottovalutare, considerando la questione del &#8220;Made in Italy&#8221;, ricordando che molte grandi aziende tendono a produrre i loro capi all&#8217;estero, non preoccupandosi pi\u00f9 del vero valore della moda italiana. \u00a0Produrre un capo, quindi rispettando tutte le fasi di lavorazione rende molto orgogliosi che questo avvenga sul nostro territorio.\u00a0L&#8217;azienda a gestione familiare nel portare dinanzi l&#8217;obiettivo di produrre collezioni,\u00a0\u00e8 alla continua ricerca, curando particolarmente\u00a0<span style=\"font-size: 13px;line-height: 19px\">sia la fase di ideazione e creazione che quella di produzione, investendo in strumenti tecnologici che possano garantire l&#8217;ottimo livello qualitativo per cui si \u00e8 sempre distinta sul mercato.<\/span><\/p>\n<p>L&#8217;azienda propone un total look che sia originale, vivace e di tendenza nei tessuti scelti, una linea morbida e raffinata per la propria donna. Uno spirito innovativo che per\u00f2 \u00e8 sempre legato alle proprie tradizioni.<\/p>\n<p>Visitate lo store online <a href=\"http:\/\/fratinardi.it\">fratinardi.it<\/a>, tante novit\u00e0 vi aspettano!<\/p>\n<p>G.G<\/p>\n","protected":false},"excerpt":{"rendered":"<p>La presenza di alcuni stilisti sul territorio campano rendono la nostra terra fiorente anche nel settore tessile, conquistando \u00a0l&#8217;etichetta di &#8220;made in italy&#8221;, davvero ambita e facendo sentire meno l&#8217;enorme distanza che vige con le passerelle milanesi. Un marchio che &hellip; <a href=\"https:\/\/www.fratinardi.it\/blog\/la-moda-tradizionale-di-antonio-derrico\/\">Continue reading <span class=\"meta-nav\">&rarr;<\/span><\/a><\/p>\n","protected":false},"author":3,"featured_media":0,"comment_status":"open","ping_status":"open","sticky":false,"template":"","format":"standard","meta":{"footnotes":""},"categories":[6],"tags":[41,42,8,43,7],"_links":{"self":[{"href":"https:\/\/www.fratinardi.it\/blog\/wp-json\/wp\/v2\/posts\/534"}],"collection":[{"href":"https:\/\/www.fratinardi.it\/blog\/wp-json\/wp\/v2\/posts"}],"about":[{"href":"https:\/\/www.fratinardi.it\/blog\/wp-json\/wp\/v2\/types\/post"}],"author":[{"embeddable":true,"href":"https:\/\/www.fratinardi.it\/blog\/wp-json\/wp\/v2\/users\/3"}],"replies":[{"embeddable":true,"href":"https:\/\/www.fratinardi.it\/blog\/wp-json\/wp\/v2\/comments?post=534"}],"version-history":[{"count":19,"href":"https:\/\/www.fratinardi.it\/blog\/wp-json\/wp\/v2\/posts\/534\/revisions"}],"predecessor-version":[{"id":553,"href":"https:\/\/www.fratinardi.it\/blog\/wp-json\/wp\/v2\/posts\/534\/revisions\/553"}],"wp:attachment":[{"href":"https:\/\/www.fratinardi.it\/blog\/wp-json\/wp\/v2\/media?parent=534"}],"wp:term":[{"taxonomy":"category","embeddable":true,"href":"https:\/\/www.fratinardi.it\/blog\/wp-json\/wp\/v2\/categories?post=534"},{"taxonomy":"post_tag","embeddable":true,"href":"https:\/\/www.fratinardi.it\/blog\/wp-json\/wp\/v2\/tags?post=534"}],"curies":[{"name":"wp","href":"https:\/\/api.w.org\/{rel}","templated":true}]}}