{"id":5125,"date":"2016-03-25T17:06:27","date_gmt":"2016-03-25T16:06:27","guid":{"rendered":"http:\/\/www.fratinardi.it\/blog\/?p=5125"},"modified":"2016-07-06T11:42:24","modified_gmt":"2016-07-06T09:42:24","slug":"racine-carree-e-le-scarpe-made-in-italy","status":"publish","type":"post","link":"https:\/\/www.fratinardi.it\/blog\/racine-carree-e-le-scarpe-made-in-italy\/","title":{"rendered":"Racine Carr\u00e8e e le scarpe Made in Italy"},"content":{"rendered":"<p style=\"text-align: center;\"><img loading=\"lazy\" decoding=\"async\" class=\"size-medium wp-image-5126 aligncenter\" alt=\"Racine Carr\u00e8e\" src=\"http:\/\/www.fratinardi.it\/blog\/wp-content\/uploads\/2016\/03\/racine-300x113.jpg\" width=\"300\" height=\"113\" srcset=\"https:\/\/www.fratinardi.it\/blog\/wp-content\/uploads\/2016\/03\/racine-300x113.jpg 300w, https:\/\/www.fratinardi.it\/blog\/wp-content\/uploads\/2016\/03\/racine.jpg 860w\" sizes=\"(max-width: 300px) 100vw, 300px\" \/><\/p>\n<p style=\"text-align: justify;\"><strong>Racine Carr\u00e8e<\/strong>, il brand Made in Italy disponibile su <a href=\"http:\/\/www.fratinardi.it\">fratinardi.it<\/a>, \u00e8 un marchio guidato dalla fashion designer Viviana Vignola, e incarna perfettamente il connubio tra arte e moda.\u00a0Infatti, le calzature del brand Racine Carr\u00e8e sono delle vere e proprie opere d\u2019arte ed in ogni collezione, si evince come ogni scarpa sia curata in ogni minimo dettaglio, dalle linee alle forme, sino alla scelta dei colori di tendenza, rispecchiando attraverso i vari particolari, le svariate sfaccettature della sensualit\u00e0 femminile.\u00a0Ogni calzatura del brand <strong>Racine Carr\u00e8e<\/strong> \u00e8 realizzata attraverso l\u2019utilizzo di pellami pregiati e levigati, per ottenere linee sofisticate e accogliere il piede di ogni donna in una struttura sensuale e innovativa.<\/p>\n<p style=\"text-align: justify;\"><!--more--><\/p>\n<p style=\"text-align: justify;\">La <a href=\"http:\/\/www.fratinardi.it\/it\/nuove-collezioni-pe-2016.html\">collezione primavera estate 2016<\/a> nasce dalla continua ricerca di modelli originali con elementi di tendenza per rispondere ad un unica esigenza: far sentire speciale ogni donna.\u00a0Perch\u00e8 scegliere le calzature del marchio <strong>Racine Carr\u00e8e<\/strong>? Le scarpe rispondono al desiderio di colei che \u00e8 alla ricerca di quell\u2019oggetto, accessorio o capo d\u2019abbigliamento che la faccia sentire bene con se stessa, pi\u00f9 bella, pi\u00f9 sexy, pi\u00f9 sicura e coraggiosa.\u00a0Ogni scarpa Racine Carr\u00e8e \u00e8 caratterizzata da tratti sinuosi con l\u2019elemento distintivo della coda a balena, che slanciando la silhouette diventa il punto chiave di ogni outfit.<\/p>\n<p style=\"text-align: justify;\"><img loading=\"lazy\" decoding=\"async\" class=\" wp-image-5131 alignright\" alt=\"Racine Carr\u00e8e\" src=\"http:\/\/www.fratinardi.it\/blog\/wp-content\/uploads\/2016\/03\/racine2-300x234.jpg\" width=\"270\" height=\"211\" srcset=\"https:\/\/www.fratinardi.it\/blog\/wp-content\/uploads\/2016\/03\/racine2-300x234.jpg 300w, https:\/\/www.fratinardi.it\/blog\/wp-content\/uploads\/2016\/03\/racine2.jpg 416w\" sizes=\"(max-width: 270px) 100vw, 270px\" \/><\/p>\n<p style=\"text-align: justify;\">Il modello di tendenza di <em>Racine Carr\u00e8e della collezione primavera estate 2016<\/em>? Le <em>ghillies<\/em>: calzature lace-up che si presentano con un incrocio di lacci e laccetti, il modello pi\u00f9 fashion di tutta la stagione! Le ghillies sono di origine celtica e derivano dalle flat a punta, utilizzate nei balli irlandesi.\u00a0Le ghilles sono le <em>it shoes<\/em> del momento, una vera e propria tendenza che cingendo il piede o la caviglia, a seconda del modello, conferiscono una grande sensualit\u00e0 ad ogni donna.<\/p>\n<p style=\"text-align: justify;\">Se desideri una scarpa che esalti la tua sensualit\u00e0, diventando un vero e proprio gioiello adatto ad ogni occasione scegli una scarpa firmata <em>Racine Carr\u00e8e<\/em>, uno\u00a0 scintillio tra eleganza e stile.<\/p>\n<p style=\"text-align: justify;\">Lo shop online propone alle sue clienti una vasta selezione di modelli, tra cui vi selezioniamo una calzatura davvero glamour che potrete trovare anche su <a href=\"http:\/\/www.elle.it\/Moda\/scarpe-ballerine-lacci-primavera-estate-2016#10\">Elle.it<\/a><\/p>\n<p style=\"text-align: justify;\">Cosa aspetti? \u00a0Visita lo shop online <a href=\"http:\/\/www.fratinardi.it\/\">fratinardi.it<\/a> e seleziona la tua scarpa.<\/p>\n<p>&nbsp;<\/p>\n","protected":false},"excerpt":{"rendered":"<p>Racine Carr\u00e8e, il brand Made in Italy disponibile su fratinardi.it, \u00e8 un marchio guidato dalla fashion designer Viviana Vignola, e incarna perfettamente il connubio tra arte e moda.\u00a0Infatti, le calzature del brand Racine Carr\u00e8e sono delle vere e proprie opere &hellip; <a href=\"https:\/\/www.fratinardi.it\/blog\/racine-carree-e-le-scarpe-made-in-italy\/\">Continue reading <span class=\"meta-nav\">&rarr;<\/span><\/a><\/p>\n","protected":false},"author":2,"featured_media":6559,"comment_status":"open","ping_status":"open","sticky":false,"template":"","format":"standard","meta":{"footnotes":""},"categories":[6],"tags":[8,10,215,85,882,881],"_links":{"self":[{"href":"https:\/\/www.fratinardi.it\/blog\/wp-json\/wp\/v2\/posts\/5125"}],"collection":[{"href":"https:\/\/www.fratinardi.it\/blog\/wp-json\/wp\/v2\/posts"}],"about":[{"href":"https:\/\/www.fratinardi.it\/blog\/wp-json\/wp\/v2\/types\/post"}],"author":[{"embeddable":true,"href":"https:\/\/www.fratinardi.it\/blog\/wp-json\/wp\/v2\/users\/2"}],"replies":[{"embeddable":true,"href":"https:\/\/www.fratinardi.it\/blog\/wp-json\/wp\/v2\/comments?post=5125"}],"version-history":[{"count":19,"href":"https:\/\/www.fratinardi.it\/blog\/wp-json\/wp\/v2\/posts\/5125\/revisions"}],"predecessor-version":[{"id":5141,"href":"https:\/\/www.fratinardi.it\/blog\/wp-json\/wp\/v2\/posts\/5125\/revisions\/5141"}],"wp:featuredmedia":[{"embeddable":true,"href":"https:\/\/www.fratinardi.it\/blog\/wp-json\/wp\/v2\/media\/6559"}],"wp:attachment":[{"href":"https:\/\/www.fratinardi.it\/blog\/wp-json\/wp\/v2\/media?parent=5125"}],"wp:term":[{"taxonomy":"category","embeddable":true,"href":"https:\/\/www.fratinardi.it\/blog\/wp-json\/wp\/v2\/categories?post=5125"},{"taxonomy":"post_tag","embeddable":true,"href":"https:\/\/www.fratinardi.it\/blog\/wp-json\/wp\/v2\/tags?post=5125"}],"curies":[{"name":"wp","href":"https:\/\/api.w.org\/{rel}","templated":true}]}}