{"id":4894,"date":"2016-02-09T16:11:53","date_gmt":"2016-02-09T15:11:53","guid":{"rendered":"http:\/\/www.fratinardi.it\/blog\/?p=4894"},"modified":"2016-07-06T11:47:45","modified_gmt":"2016-07-06T09:47:45","slug":"borse-furla-primavera-estate-2016","status":"publish","type":"post","link":"https:\/\/www.fratinardi.it\/blog\/borse-furla-primavera-estate-2016\/","title":{"rendered":"BORSE FURLA PRIMAVERA ESTATE 2016"},"content":{"rendered":"<p style=\"text-align: justify;\"><img loading=\"lazy\" decoding=\"async\" class=\"size-medium wp-image-4900 aligncenter\" alt=\"furla\" src=\"http:\/\/www.fratinardi.it\/blog\/wp-content\/uploads\/2016\/02\/12509853_10153805999590460_7631071242089183343_n-300x111.jpg\" width=\"300\" height=\"111\" srcset=\"https:\/\/www.fratinardi.it\/blog\/wp-content\/uploads\/2016\/02\/12509853_10153805999590460_7631071242089183343_n-300x111.jpg 300w, https:\/\/www.fratinardi.it\/blog\/wp-content\/uploads\/2016\/02\/12509853_10153805999590460_7631071242089183343_n.jpg 851w\" sizes=\"(max-width: 300px) 100vw, 300px\" \/><\/p>\n<p style=\"text-align: justify;\">Un viaggio all\u2019 insegna dell\u2019essenza italiana, quello del brand <a href=\"http:\/\/www.fratinardi.it\/it\/brands\/borse-e-accessori\/furla.html\">Furla<\/a> che anche per quest\u2019anno, non ha deluso le aspettative presentando la campagna pubblicitaria primavera estate 2016, con una connotazione vivace e gioiosa e con prodotti pensati a soddisfare qualsiasi esigenza in ogni occasione.<\/p>\n<p style=\"text-align: justify;\">Una continua ricerca di luci, colori e riflessi trasmessi dalle istantanee del talentuoso fotografo di moda Mario Testino. La collaborazione che ormai dura da anni, \u00e8 sempre pi\u00f9 solida e generatrice di pubblicit\u00e0 spettacolari come la nuova campagna Joyfulness Contemporanea: elegante, spontanea e serena in cui la versatilit\u00e0 delle celebri borse furla \u00e8 mostrata.<\/p>\n<p style=\"text-align: justify;\">Per la collezione primavera estate 2016, il brand Furla sviluppa il concetto di genderless, in cui il confine tra universo maschile e femminile si assottiglia sempre di pi\u00f9, con la realizzazione di \u00a0accessori eclettici e multifunzionali, che possano soffisfare ogni tipo di esigenza.\u00a0<!--more--><\/p>\n<p style=\"text-align: justify;\">Nella campagna Joyfulness Contemporanea by Mario Testino, ad assistere la protagonista che in questo caso \u00e8 una borsa Furla ci sono i due modelli Aurelien Muller e Ines Neefs, il nuovo volto del brand. La bellissima top model sfoggia nelle campagna pubblictaria diverse borse:<\/p>\n<p style=\"text-align: justify;\"><img loading=\"lazy\" decoding=\"async\" class=\"wp-image-4901 alignleft\" alt=\"furla\" src=\"http:\/\/www.fratinardi.it\/blog\/wp-content\/uploads\/2016\/02\/12592770_10153833590975460_352022489935216077_n-Copia-300x229.jpg\" width=\"180\" height=\"137\" srcset=\"https:\/\/www.fratinardi.it\/blog\/wp-content\/uploads\/2016\/02\/12592770_10153833590975460_352022489935216077_n-Copia-300x229.jpg 300w, https:\/\/www.fratinardi.it\/blog\/wp-content\/uploads\/2016\/02\/12592770_10153833590975460_352022489935216077_n-Copia.jpg 1002w\" sizes=\"(max-width: 180px) 100vw, 180px\" \/><\/p>\n<p style=\"text-align: justify;\">&#8211;\u00a0\u00a0\u00a0\u00a0\u00a0\u00a0\u00a0\u00a0\u00a0 <em>Furla Metropolis<\/em>: la it bag Furla, un autentica icona con fantasie geometriche stampate e impreziosite da un contenuto di artigianalit\u00e0 \u2013 la patella intrecciata e i bordi annotati. Un made in italy realizzato praticamente a mano.<\/p>\n<p style=\"text-align: justify;\">&#8211;\u00a0\u00a0\u00a0\u00a0\u00a0\u00a0\u00a0\u00a0\u00a0 <em>Furla Artesia<\/em> \u00e8 la borsa ideale per coloro che necessitano di tanto spazio. E\u2019 provvista di un pannello interno removibile completo di scompartimenti porta smartphone, portafoglio e altri oggetti.<\/p>\n<p style=\"text-align: justify;\">&#8211;\u00a0\u00a0\u00a0\u00a0\u00a0\u00a0\u00a0\u00a0\u00a0 <em>Furla Fantasia<\/em> \u00a0\u00e8 una maxi bauletto con una maxi pochette\u00a0 al quale \u00e8 possibile applicare la mini Furla Metropolis che pu\u00f2 essere utilizzata come elegante scomparto aggiuntivo o da sola per una serata davvero speciale.<\/p>\n<p><a style=\"text-align: justify;\" href=\"http:\/\/www.fratinardi.it\/blog\/wp-content\/uploads\/2016\/02\/12642485_10153835411310460_3860388414418060795_n-Copia.jpg\"><img loading=\"lazy\" decoding=\"async\" class=\"wp-image-4905 alignright\" alt=\"furla\" src=\"http:\/\/www.fratinardi.it\/blog\/wp-content\/uploads\/2016\/02\/12642485_10153835411310460_3860388414418060795_n-Copia-300x300.jpg\" width=\"108\" height=\"108\" srcset=\"https:\/\/www.fratinardi.it\/blog\/wp-content\/uploads\/2016\/02\/12642485_10153835411310460_3860388414418060795_n-Copia-300x300.jpg 300w, https:\/\/www.fratinardi.it\/blog\/wp-content\/uploads\/2016\/02\/12642485_10153835411310460_3860388414418060795_n-Copia-150x150.jpg 150w, https:\/\/www.fratinardi.it\/blog\/wp-content\/uploads\/2016\/02\/12642485_10153835411310460_3860388414418060795_n-Copia-195x195.jpg 195w, https:\/\/www.fratinardi.it\/blog\/wp-content\/uploads\/2016\/02\/12642485_10153835411310460_3860388414418060795_n-Copia.jpg 768w\" sizes=\"(max-width: 108px) 100vw, 108px\" \/><\/a><\/p>\n<p style=\"text-align: justify;\">&#8211;\u00a0\u00a0\u00a0\u00a0\u00a0\u00a0\u00a0\u00a0\u00a0 <em>Work bag Argo<\/em>, la modular bag realizzata in versione camouflage<\/p>\n<p style=\"text-align: justify;\">&#8211;\u00a0\u00a0\u00a0\u00a0\u00a0\u00a0\u00a0\u00a0<em>Furla zafiro<\/em> \u00e8 una funzionale work bag 24 ore che pu\u00f2 essere impreziosita dallo stile di una mini Metropolis bag applicata sulla patella esterna.<\/p>\n<p style=\"text-align: justify;\">Per questa collezione primavera estate 2016 le shopping bag <em>Furla<\/em> sono ancora pi\u00f9 cool e realizzate nelle versioni vitello effetto stampato o cervo martellato, con l\u2019introduzione di pratiche tasche a doppio scomparto. A fare da contorno alle borse, il settore accessori gioielli che sta riscuotendo molto successo.<\/p>\n<p style=\"text-align: justify;\">La collezione primavera estate del brand <a href=\"http:\/\/www.fratinardi.it\/it\/brands\/borse-e-accessori\/furla.html\">Furla<\/a> \u00e8 online, collegati allo shop <a href=\"http:\/\/www.fratinardi.it\/\">www.fratinardi.it<\/a> e scegli il tuo prodotto Furla.<\/p>\n","protected":false},"excerpt":{"rendered":"<p>Un viaggio all\u2019 insegna dell\u2019essenza italiana, quello del brand Furla che anche per quest\u2019anno, non ha deluso le aspettative presentando la campagna pubblicitaria primavera estate 2016, con una connotazione vivace e gioiosa e con prodotti pensati a soddisfare qualsiasi esigenza &hellip; <a href=\"https:\/\/www.fratinardi.it\/blog\/borse-furla-primavera-estate-2016\/\">Continue reading <span class=\"meta-nav\">&rarr;<\/span><\/a><\/p>\n","protected":false},"author":2,"featured_media":6575,"comment_status":"open","ping_status":"open","sticky":false,"template":"","format":"standard","meta":{"footnotes":""},"categories":[6],"tags":[8,10,215,85,9,7],"_links":{"self":[{"href":"https:\/\/www.fratinardi.it\/blog\/wp-json\/wp\/v2\/posts\/4894"}],"collection":[{"href":"https:\/\/www.fratinardi.it\/blog\/wp-json\/wp\/v2\/posts"}],"about":[{"href":"https:\/\/www.fratinardi.it\/blog\/wp-json\/wp\/v2\/types\/post"}],"author":[{"embeddable":true,"href":"https:\/\/www.fratinardi.it\/blog\/wp-json\/wp\/v2\/users\/2"}],"replies":[{"embeddable":true,"href":"https:\/\/www.fratinardi.it\/blog\/wp-json\/wp\/v2\/comments?post=4894"}],"version-history":[{"count":12,"href":"https:\/\/www.fratinardi.it\/blog\/wp-json\/wp\/v2\/posts\/4894\/revisions"}],"predecessor-version":[{"id":4911,"href":"https:\/\/www.fratinardi.it\/blog\/wp-json\/wp\/v2\/posts\/4894\/revisions\/4911"}],"wp:featuredmedia":[{"embeddable":true,"href":"https:\/\/www.fratinardi.it\/blog\/wp-json\/wp\/v2\/media\/6575"}],"wp:attachment":[{"href":"https:\/\/www.fratinardi.it\/blog\/wp-json\/wp\/v2\/media?parent=4894"}],"wp:term":[{"taxonomy":"category","embeddable":true,"href":"https:\/\/www.fratinardi.it\/blog\/wp-json\/wp\/v2\/categories?post=4894"},{"taxonomy":"post_tag","embeddable":true,"href":"https:\/\/www.fratinardi.it\/blog\/wp-json\/wp\/v2\/tags?post=4894"}],"curies":[{"name":"wp","href":"https:\/\/api.w.org\/{rel}","templated":true}]}}