{"id":2477,"date":"2014-06-27T11:14:54","date_gmt":"2014-06-27T09:14:54","guid":{"rendered":"http:\/\/www.fratinardi.it\/blog\/?p=2477"},"modified":"2014-06-27T11:14:54","modified_gmt":"2014-06-27T09:14:54","slug":"79a-edizione-del-pitti-bimbo-2014-colori-fluo-e-stile-sporty-chic","status":"publish","type":"post","link":"https:\/\/www.fratinardi.it\/blog\/79a-edizione-del-pitti-bimbo-2014-colori-fluo-e-stile-sporty-chic\/","title":{"rendered":"79a edizione del Pitti bimbo 2014: colori fluo e stile sporty chic"},"content":{"rendered":"<p><a href=\"http:\/\/www.fratinardi.it\/blog\/wp-content\/uploads\/2014\/06\/Pitti-bimbo-2014-fratinardi.jpg\"><img loading=\"lazy\" decoding=\"async\" class=\"size-medium wp-image-2480 alignleft\" style=\"margin: 5px\" alt=\"Pitti bimbo 2014 fratinardi\" src=\"http:\/\/www.fratinardi.it\/blog\/wp-content\/uploads\/2014\/06\/Pitti-bimbo-2014-fratinardi-236x300.jpg\" width=\"236\" height=\"300\" srcset=\"https:\/\/www.fratinardi.it\/blog\/wp-content\/uploads\/2014\/06\/Pitti-bimbo-2014-fratinardi-236x300.jpg 236w, https:\/\/www.fratinardi.it\/blog\/wp-content\/uploads\/2014\/06\/Pitti-bimbo-2014-fratinardi.jpg 757w\" sizes=\"(max-width: 236px) 100vw, 236px\" \/><\/a>Moda baby&amp;junior in passerella, in questo weekend di fine giugno, per la\u00a079\u00b0 edizione di<strong> Pitti bimbo 2014 <\/strong>con le collezioni per l&#8217;infanzia primavera\/estate 2015!<\/p>\n<p>Il salone organizzato da Pitti alla Fortezza da Basso della capitale toscana si conferma un punto di riferimento di levatura internazionale per il settore.<strong> Cento ottanta<\/strong> espositori arrivano dall&#8217;estero e nei vari stand si puntano i riflettori sui compratori in arrivo dai nuovi paesi ricchi, interessati ed attenti all&#8217;eccellenza del\u00a0<em>made in Italy<\/em>.<\/p>\n<p>Anche al<strong> Pitti bimbo 2014<\/strong> il tema resta quello del <em>Ping Pong<\/em>, dello stile sporty chich e dai colori fluo.<br \/>\nMolti i marchi disegnati dagli stilisti: da\u00a0<strong>Ermanno Scervino<\/strong>\u00a0con le sue linee Junior a\u00a0<strong>Laura Biagiotti Dolls<\/strong>\u00a0e agli abiti baby di\u00a0<strong>Roberto Cavalli<\/strong>, da\u00a0<strong>Jean Paul Gaultier<\/strong>\u00a0a\u00a0<strong>Moschino Kids<\/strong>, da\u00a0<strong>Miss Blumarine<\/strong>\u00a0a\u00a0<strong>Monnalisa<\/strong>.\u00a0<strong>Imelde Bronzieri<\/strong>\u00a0che disegna la linea Mimisol ha invitato a <strong>Pitti bimbo 2014<\/strong> i cinquanta bambini del Coro dell&#8217;Antoniano di Bologna.\u00a0<strong><br \/>\n<\/strong><\/p>\n<p>In questa settantanovesima edizione del<strong> Pitti bimbo 2014<\/strong>\u00a0debutta<strong> Kid Evolution<\/strong>, il nuovo progetto realizzato in collaborazione con &#8216;Vogue Bambini&#8217; \u00a0e nato da un&#8217;idea di Alessandro Enriquez che porta al <strong>Pitti bimbo 2014<\/strong> una selezione di designers di moda uomo e donna che per la prima volta si confrontano con l&#8217;universo kids: saranno presentate speciali lineee firmate da\u00a0<strong>Benedetta Bruzzichesm Anitaliantheory, SuperDuper Hats, Stella Jean, Vivetta e Studiopretzel<\/strong>.<\/p>\n<p>In prima linea per\u00a0<strong>Pitti bimbo 2014<\/strong>,\u00a0Diesel Kid che celebra 30 anni di attivit\u00e0 con una Tribute Collecton. Ma c&#8217;\u00e8 anche spazio agli eventi dedicati alla solidariet\u00e0 in questa edizione del <strong>Pitti bimbo 2014<\/strong>, come quello in favore di\u00a0<strong>Sos Villaggi Dei Bambini<\/strong>, ci sar\u00e0 infatti una T-shirt a sostegno dell&#8217;associazione brasiliana Vida a\u00a0<strong>Pititinga Onlus<\/strong>.<\/p>\n<p>Debuttano al\u00a0<strong>Pitti Bimbo 2014 <\/strong>anche le linee children di\u00a0<strong>Michael Kors, Little Marc Jacobs, Chlo\u00e9, Kenzo, Timberland, Stuart Weitzman, Invicta, Department 5, Dolfie, Emile ed Ida<\/strong>.<\/p>\n<p>&nbsp;<\/p>\n","protected":false},"excerpt":{"rendered":"<p>Moda baby&amp;junior in passerella, in questo weekend di fine giugno, per la\u00a079\u00b0 edizione di Pitti bimbo 2014 con le collezioni per l&#8217;infanzia primavera\/estate 2015! Il salone organizzato da Pitti alla Fortezza da Basso della capitale toscana si conferma un punto &hellip; <a href=\"https:\/\/www.fratinardi.it\/blog\/79a-edizione-del-pitti-bimbo-2014-colori-fluo-e-stile-sporty-chic\/\">Continue reading <span class=\"meta-nav\">&rarr;<\/span><\/a><\/p>\n","protected":false},"author":2,"featured_media":0,"comment_status":"open","ping_status":"open","sticky":false,"template":"","format":"standard","meta":{"footnotes":""},"categories":[6,3],"tags":[398,393,403,407,404,391,405,395,406,402,410,399,408,397,396,412,413,411,390,394,409,392,401,400],"_links":{"self":[{"href":"https:\/\/www.fratinardi.it\/blog\/wp-json\/wp\/v2\/posts\/2477"}],"collection":[{"href":"https:\/\/www.fratinardi.it\/blog\/wp-json\/wp\/v2\/posts"}],"about":[{"href":"https:\/\/www.fratinardi.it\/blog\/wp-json\/wp\/v2\/types\/post"}],"author":[{"embeddable":true,"href":"https:\/\/www.fratinardi.it\/blog\/wp-json\/wp\/v2\/users\/2"}],"replies":[{"embeddable":true,"href":"https:\/\/www.fratinardi.it\/blog\/wp-json\/wp\/v2\/comments?post=2477"}],"version-history":[{"count":3,"href":"https:\/\/www.fratinardi.it\/blog\/wp-json\/wp\/v2\/posts\/2477\/revisions"}],"predecessor-version":[{"id":2481,"href":"https:\/\/www.fratinardi.it\/blog\/wp-json\/wp\/v2\/posts\/2477\/revisions\/2481"}],"wp:attachment":[{"href":"https:\/\/www.fratinardi.it\/blog\/wp-json\/wp\/v2\/media?parent=2477"}],"wp:term":[{"taxonomy":"category","embeddable":true,"href":"https:\/\/www.fratinardi.it\/blog\/wp-json\/wp\/v2\/categories?post=2477"},{"taxonomy":"post_tag","embeddable":true,"href":"https:\/\/www.fratinardi.it\/blog\/wp-json\/wp\/v2\/tags?post=2477"}],"curies":[{"name":"wp","href":"https:\/\/api.w.org\/{rel}","templated":true}]}}