{"id":2306,"date":"2014-06-03T19:06:27","date_gmt":"2014-06-03T17:06:27","guid":{"rendered":"http:\/\/www.fratinardi.it\/blog\/?p=2306"},"modified":"2014-06-03T19:09:07","modified_gmt":"2014-06-03T17:09:07","slug":"voglia-di-pizzo-scopri-tutte-le-declinazioni-delle-ballerine-pluspartout-su-fratinardi-it","status":"publish","type":"post","link":"https:\/\/www.fratinardi.it\/blog\/voglia-di-pizzo-scopri-tutte-le-declinazioni-delle-ballerine-pluspartout-su-fratinardi-it\/","title":{"rendered":"Voglia di pizzo? Scopri le ballerine Pluspartout su Fratinardi.it"},"content":{"rendered":"<p style=\"text-align: left\"><a href=\"http:\/\/www.fratinardi.it\/blog\/wp-content\/uploads\/2014\/06\/ballerine-Pluspartout-Fratinardi1.jpg\"><img loading=\"lazy\" decoding=\"async\" class=\" wp-image-2318 alignleft\" alt=\"ballerine Pluspartout Fratinardi\" src=\"http:\/\/www.fratinardi.it\/blog\/wp-content\/uploads\/2014\/06\/ballerine-Pluspartout-Fratinardi1-300x145.jpg\" width=\"300\" height=\"145\" srcset=\"https:\/\/www.fratinardi.it\/blog\/wp-content\/uploads\/2014\/06\/ballerine-Pluspartout-Fratinardi1-300x145.jpg 300w, https:\/\/www.fratinardi.it\/blog\/wp-content\/uploads\/2014\/06\/ballerine-Pluspartout-Fratinardi1.jpg 640w\" sizes=\"(max-width: 300px) 100vw, 300px\" \/><\/a>Il sole, il profumo d&#8217;estate, la voglia di colore&#8230; \u00e8 tempo di scoprire le nuove\u00a0<strong>ballerine Pluspartout<\/strong>! L&#8217;azienda parigina ha lanciato, per la collezione primavera estate 2014, in collaborazione con l&#8217;azienda Suprem, una vasta gamma di coloratissime ballerine in <strong>macram\u00e9<\/strong>.<\/p>\n<p style=\"text-align: left\"><strong>Pizzo<\/strong> e macram\u00e9 sono un must have per questa primavera estate 2014! E le <strong>ballerine Pluspartout<\/strong> ne sono l&#8217;esempio: la comodit\u00e0 della ballerina si sposa perfettamente con l&#8217;eleganza del macram\u00e8, con la praticit\u00e0 della suola di gomma antiscivolo e della punta tonda, con la vistosit\u00e0 frizzante dei colori classici o sgargianti. Scopri tutte le varianti di colore nel nostro shop on line Fratinardi.it!<\/p>\n<p>Troverai tutte le declinazioni delle <strong>ballerine Pluspartout<\/strong> nella sezione scarpe donna del nostro shop on line Fratinardi.it.\u00a0Sei un tipo classico che ama i colori basic? Oppure ami osare e non ti spaventa indossare calzature dai colori vivaci? Allora non aspettare!Nello shop on line Fratinardi.it troverai le\u00a0<strong>ballerine Pluspartout<\/strong> che fanno al caso tuo!<\/p>\n<p>E non solo! Se ami il pizzo ma le ballerine proprio non ti fanno impazzire, nel nostro shop on line troverai un&#8217;ampia scelta di scarpe in pizzo e macram\u00e9: dalle sneakers alle decollet\u00e9, dal classico allo sbarazzino, per grandi e piccine. Calzature sportive, in questa <strong>primavera estate 2014<\/strong>, vengono impreziosite da pizzo e macram\u00e8 diventando un vero e proprio accessorio moda. Scarpe preziose, proprio come la collezione di <strong>ballerine Pluspartout<\/strong> tutta da scoprire su Fratinardi.it!<\/p>\n","protected":false},"excerpt":{"rendered":"<p>Il sole, il profumo d&#8217;estate, la voglia di colore&#8230; \u00e8 tempo di scoprire le nuove\u00a0ballerine Pluspartout! L&#8217;azienda parigina ha lanciato, per la collezione primavera estate 2014, in collaborazione con l&#8217;azienda Suprem, una vasta gamma di coloratissime ballerine in macram\u00e9. Pizzo &hellip; <a href=\"https:\/\/www.fratinardi.it\/blog\/voglia-di-pizzo-scopri-tutte-le-declinazioni-delle-ballerine-pluspartout-su-fratinardi-it\/\">Continue reading <span class=\"meta-nav\">&rarr;<\/span><\/a><\/p>\n","protected":false},"author":2,"featured_media":0,"comment_status":"open","ping_status":"open","sticky":false,"template":"","format":"standard","meta":{"footnotes":""},"categories":[6],"tags":[230,224,225,227,234,85,229,228,232,231,226,233,57],"_links":{"self":[{"href":"https:\/\/www.fratinardi.it\/blog\/wp-json\/wp\/v2\/posts\/2306"}],"collection":[{"href":"https:\/\/www.fratinardi.it\/blog\/wp-json\/wp\/v2\/posts"}],"about":[{"href":"https:\/\/www.fratinardi.it\/blog\/wp-json\/wp\/v2\/types\/post"}],"author":[{"embeddable":true,"href":"https:\/\/www.fratinardi.it\/blog\/wp-json\/wp\/v2\/users\/2"}],"replies":[{"embeddable":true,"href":"https:\/\/www.fratinardi.it\/blog\/wp-json\/wp\/v2\/comments?post=2306"}],"version-history":[{"count":6,"href":"https:\/\/www.fratinardi.it\/blog\/wp-json\/wp\/v2\/posts\/2306\/revisions"}],"predecessor-version":[{"id":2322,"href":"https:\/\/www.fratinardi.it\/blog\/wp-json\/wp\/v2\/posts\/2306\/revisions\/2322"}],"wp:attachment":[{"href":"https:\/\/www.fratinardi.it\/blog\/wp-json\/wp\/v2\/media?parent=2306"}],"wp:term":[{"taxonomy":"category","embeddable":true,"href":"https:\/\/www.fratinardi.it\/blog\/wp-json\/wp\/v2\/categories?post=2306"},{"taxonomy":"post_tag","embeddable":true,"href":"https:\/\/www.fratinardi.it\/blog\/wp-json\/wp\/v2\/tags?post=2306"}],"curies":[{"name":"wp","href":"https:\/\/api.w.org\/{rel}","templated":true}]}}