{"id":137,"date":"2013-07-01T16:59:44","date_gmt":"2013-07-01T14:59:44","guid":{"rendered":"http:\/\/www.fratinardi.it\/blog\/?p=137"},"modified":"2016-07-06T16:47:02","modified_gmt":"2016-07-06T14:47:02","slug":"fashion_collar","status":"publish","type":"post","link":"https:\/\/www.fratinardi.it\/blog\/fashion_collar\/","title":{"rendered":"Dagli anni &#8217;50 ad oggi! Il nuovo fashion collar"},"content":{"rendered":"<div id=\"attachment_155\" style=\"width: 310px\" class=\"wp-caption alignright\"><a href=\"http:\/\/www.fratinardi.it\/donna\/accessori\/gioielli-moda\/vintage-epoque-colletto-gioiello.html\"><img loading=\"lazy\" decoding=\"async\" aria-describedby=\"caption-attachment-155\" class=\"size-medium wp-image-155  \" title=\"Fashion collar\" alt=\"Fashion collar on fratinardi.it\" src=\"http:\/\/www.fratinardi.it\/blog\/wp-content\/uploads\/2013\/07\/fashion-collar-on-fratinardi.it_-300x300.jpg\" width=\"300\" height=\"300\" srcset=\"https:\/\/www.fratinardi.it\/blog\/wp-content\/uploads\/2013\/07\/fashion-collar-on-fratinardi.it_-300x300.jpg 300w, https:\/\/www.fratinardi.it\/blog\/wp-content\/uploads\/2013\/07\/fashion-collar-on-fratinardi.it_-150x150.jpg 150w, https:\/\/www.fratinardi.it\/blog\/wp-content\/uploads\/2013\/07\/fashion-collar-on-fratinardi.it_-195x195.jpg 195w, https:\/\/www.fratinardi.it\/blog\/wp-content\/uploads\/2013\/07\/fashion-collar-on-fratinardi.it_.jpg 1024w\" sizes=\"(max-width: 300px) 100vw, 300px\" \/><\/a><p id=\"caption-attachment-155\" class=\"wp-caption-text\">Fashion collar<\/p><\/div>\n<p>&nbsp;<\/p>\n<p>&nbsp;<\/p>\n<p style=\"text-align: justify;\">Il moderno invecchia: il vecchio torna di moda, solo un aforisma o un dato di fatto?\u00a0Nella moda tutto ritorna, ogni prodotto \u00e8 riformulato e adattato ai nuovi usi e costumi diventando pi\u00f9 bello di prima.<\/p>\n<p><!--more--><\/p>\n<p style=\"text-align: justify;\">Per questa stagione chi segue le tendenze della moda non potr\u00e0 esimersi dall&#8217; indossare il &#8220;fashion collar&#8221;, un must utile per arricchire il proprio look. Sul collo nudo al posto della classic<\/p>\n<p style=\"text-align: justify;\">a collana, da sovrapporre a maglie girocollo e sia su abiti eleganti che casual, il colletto \u00e8 ormai un accessorio immancabile, in grado di dare quel tocco retr\u00f2 e vintage tanto amato in questi ultimi anni. Il colletto staccabile \u00e8 un trend portato in auge direttamente dagli anni &#8217;50, subendo enormi trasformazioni da quando per la prima volta Audrey Hepburn lo indoss\u00f2 per la famosa maison di moda Givenchy. Esistono diversi tipi di fashion collar: bianchi, decorati con pietre, con paillettes e borchie, in cotone e seta. Insomma, sono stati realizzati diversi tipi per rispondere ad ogni esigenza e gusto. E tu scegli il tuo fashion collar, puoi trovarli anche sul negozio online: www.fratinardi.it<\/p>\n<p style=\"text-align: justify;\">\n<p>&nbsp;<\/p>\n<p>&nbsp;<\/p>\n","protected":false},"excerpt":{"rendered":"<p>&nbsp; &nbsp; Il moderno invecchia: il vecchio torna di moda, solo un aforisma o un dato di fatto?\u00a0Nella moda tutto ritorna, ogni prodotto \u00e8 riformulato e adattato ai nuovi usi e costumi diventando pi\u00f9 bello di prima.<\/p>\n","protected":false},"author":3,"featured_media":0,"comment_status":"open","ping_status":"open","sticky":false,"template":"","format":"standard","meta":{"footnotes":""},"categories":[6],"tags":[14,13,8,15],"_links":{"self":[{"href":"https:\/\/www.fratinardi.it\/blog\/wp-json\/wp\/v2\/posts\/137"}],"collection":[{"href":"https:\/\/www.fratinardi.it\/blog\/wp-json\/wp\/v2\/posts"}],"about":[{"href":"https:\/\/www.fratinardi.it\/blog\/wp-json\/wp\/v2\/types\/post"}],"author":[{"embeddable":true,"href":"https:\/\/www.fratinardi.it\/blog\/wp-json\/wp\/v2\/users\/3"}],"replies":[{"embeddable":true,"href":"https:\/\/www.fratinardi.it\/blog\/wp-json\/wp\/v2\/comments?post=137"}],"version-history":[{"count":15,"href":"https:\/\/www.fratinardi.it\/blog\/wp-json\/wp\/v2\/posts\/137\/revisions"}],"predecessor-version":[{"id":6675,"href":"https:\/\/www.fratinardi.it\/blog\/wp-json\/wp\/v2\/posts\/137\/revisions\/6675"}],"wp:attachment":[{"href":"https:\/\/www.fratinardi.it\/blog\/wp-json\/wp\/v2\/media?parent=137"}],"wp:term":[{"taxonomy":"category","embeddable":true,"href":"https:\/\/www.fratinardi.it\/blog\/wp-json\/wp\/v2\/categories?post=137"},{"taxonomy":"post_tag","embeddable":true,"href":"https:\/\/www.fratinardi.it\/blog\/wp-json\/wp\/v2\/tags?post=137"}],"curies":[{"name":"wp","href":"https:\/\/api.w.org\/{rel}","templated":true}]}}