{"id":12723,"date":"2024-09-25T11:50:10","date_gmt":"2024-09-25T09:50:10","guid":{"rendered":"https:\/\/www.fratinardi.it\/blog\/?p=12723"},"modified":"2026-01-16T14:09:56","modified_gmt":"2026-01-16T13:09:56","slug":"trench-il-capo-intramontabile-e-trendy-per-lautunno-inverno-2024-25","status":"publish","type":"post","link":"https:\/\/www.fratinardi.it\/blog\/trench-il-capo-intramontabile-e-trendy-per-lautunno-inverno-2024-25\/","title":{"rendered":"Trench: Il Capo Intramontabile e Trendy per l&#8217;Autunno\/Inverno 2024-25"},"content":{"rendered":"\n<p>Tra i capispalla pi\u00f9 iconici e versatili, il <strong>trench<\/strong> si conferma anche per l\u2019<strong>Autunno\/Inverno 2024-25<\/strong> un capo immancabile nel guardaroba di chi cerca eleganza e praticit\u00e0. Intramontabile nella sua estetica, questo capospalla attraversa le epoche senza mai perdere la sua allure, evolvendosi stagione dopo stagione con nuove interpretazioni e abbinamenti moderni.<\/p>\n\n\n<div class=\"wp-block-image\">\n<figure class=\"aligncenter size-full is-resized\"><a href=\"https:\/\/www.fratinardi.it\/blog\/wp-content\/uploads\/2024\/09\/trench-storia-fratinardi-blog.jpg\"><img loading=\"lazy\" decoding=\"async\" width=\"500\" height=\"607\" src=\"https:\/\/www.fratinardi.it\/blog\/wp-content\/uploads\/2024\/09\/trench-storia-fratinardi-blog.jpg\" alt=\"\" class=\"wp-image-12725\" style=\"width:371px;height:auto\" srcset=\"https:\/\/www.fratinardi.it\/blog\/wp-content\/uploads\/2024\/09\/trench-storia-fratinardi-blog.jpg 500w, https:\/\/www.fratinardi.it\/blog\/wp-content\/uploads\/2024\/09\/trench-storia-fratinardi-blog-247x300.jpg 247w\" sizes=\"(max-width: 500px) 100vw, 500px\" \/><\/a><\/figure><\/div>\n\n\n<h2 class=\"wp-block-heading\"><strong>Le Origini del Trench: Da Capo Militare a Simbolo di Eleganza<\/strong><\/h2>\n\n\n\n<p>Il <strong>trench <\/strong><em>coat <\/em>nasce agli inizi del XX secolo come capo funzionale per l\u2019esercito britannico durante la Prima Guerra Mondiale. Disegnato da <strong>Thomas Burberry<\/strong>, creatore del famoso gabardine, il trench venne progettato per proteggere i soldati dalle intemperie e garantire libert\u00e0 di movimento. Con il passare del tempo, questo capospalla \u00e8 uscito dalle trincee (da cui prende il nome &#8220;trench&#8221;) per entrare nel mondo della moda, diventando un simbolo di raffinatezza e stile senza tempo.<\/p>\n\n\n<div class=\"wp-block-image\">\n<figure class=\"aligncenter size-full is-resized\"><a href=\"https:\/\/www.fratinardi.it\/blog\/wp-content\/uploads\/2024\/09\/storia-trench-blog-fratinardi.it_.jpg\"><img loading=\"lazy\" decoding=\"async\" width=\"255\" height=\"382\" src=\"https:\/\/www.fratinardi.it\/blog\/wp-content\/uploads\/2024\/09\/storia-trench-blog-fratinardi.it_.jpg\" alt=\"\" class=\"wp-image-12724\" style=\"width:279px;height:auto\" srcset=\"https:\/\/www.fratinardi.it\/blog\/wp-content\/uploads\/2024\/09\/storia-trench-blog-fratinardi.it_.jpg 255w, https:\/\/www.fratinardi.it\/blog\/wp-content\/uploads\/2024\/09\/storia-trench-blog-fratinardi.it_-200x300.jpg 200w\" sizes=\"(max-width: 255px) 100vw, 255px\" \/><\/a><\/figure><\/div>\n\n\n<h2 class=\"wp-block-heading\"><strong>Il Trench per l\u2019Autunno\/Inverno 2024-25: Nuovi Dettagli e Tendenze<\/strong><\/h2>\n\n\n\n<p>Nella stagione <strong><a href=\"https:\/\/www.fratinardi.it\/blog\/tendenze-moda-autunno-inverno-2024-25-stivali-scarpe-accessori-e-abbigliamento-donna\/\" data-type=\"link\" data-id=\"https:\/\/www.fratinardi.it\/blog\/tendenze-moda-autunno-inverno-2024-25-stivali-scarpe-accessori-e-abbigliamento-donna\/\" target=\"_blank\" rel=\"noreferrer noopener\">Autunno\/Inverno 2024-25<\/a><\/strong>, il trench si conferma uno dei capi pi\u00f9 trendy, rivisitato dai principali brand in chiave moderna ma fedele alla sua struttura essenziale. I materiali si fanno pi\u00f9 ricchi e avvolgenti, spaziando dalla classica gabardine di cotone ai tessuti pi\u00f9 pesanti come la lana o il misto cachemire. Non mancano poi i dettagli in pelle, cinture in vita per definire la silhouette e chiusure a bottoni doppi, che aggiungono un tocco contemporaneo.<\/p>\n\n\n\n<p>Tra i colori dominanti per questa stagione, troviamo le tonalit\u00e0 neutre e calde come beige, cammello e grigio antracite, ma anche varianti pi\u00f9 audaci come verde oliva, bordeaux e black, perfette per dare un twist al look.<\/p>\n\n\n<div class=\"wp-block-image\">\n<figure class=\"aligncenter size-large is-resized\"><a href=\"https:\/\/www.fratinardi.it\/blog\/wp-content\/uploads\/2024\/09\/trench-storia-fratinardi-blog-marella-scaled.jpg\"><img loading=\"lazy\" decoding=\"async\" width=\"681\" height=\"1024\" src=\"https:\/\/www.fratinardi.it\/blog\/wp-content\/uploads\/2024\/09\/trench-storia-fratinardi-blog-marella-681x1024.jpg\" alt=\"\" class=\"wp-image-12726\" style=\"width:402px;height:auto\" srcset=\"https:\/\/www.fratinardi.it\/blog\/wp-content\/uploads\/2024\/09\/trench-storia-fratinardi-blog-marella-681x1024.jpg 681w, https:\/\/www.fratinardi.it\/blog\/wp-content\/uploads\/2024\/09\/trench-storia-fratinardi-blog-marella-199x300.jpg 199w, https:\/\/www.fratinardi.it\/blog\/wp-content\/uploads\/2024\/09\/trench-storia-fratinardi-blog-marella-768x1155.jpg 768w, https:\/\/www.fratinardi.it\/blog\/wp-content\/uploads\/2024\/09\/trench-storia-fratinardi-blog-marella-1021x1536.jpg 1021w, https:\/\/www.fratinardi.it\/blog\/wp-content\/uploads\/2024\/09\/trench-storia-fratinardi-blog-marella-1362x2048.jpg 1362w, https:\/\/www.fratinardi.it\/blog\/wp-content\/uploads\/2024\/09\/trench-storia-fratinardi-blog-marella-640x963.jpg 640w, https:\/\/www.fratinardi.it\/blog\/wp-content\/uploads\/2024\/09\/trench-storia-fratinardi-blog-marella-scaled.jpg 1702w\" sizes=\"(max-width: 681px) 100vw, 681px\" \/><\/a><\/figure><\/div>\n\n\n<h2 class=\"wp-block-heading\"><strong>Come Abbinare il Trench per un Look Perfetto<\/strong><\/h2>\n\n\n\n<p>Il trench \u00e8 un capo estremamente versatile, facile da abbinare per creare look che spaziano dal casual all\u2019elegante, senza mai sbagliare. Ecco alcuni suggerimenti per abbinarlo al meglio:<\/p>\n\n\n\n<ol>\n<li><strong>Look Classico e Chic<\/strong><br>Il <strong>trench <\/strong>beige abbinato a una camicia bianca e pantaloni sartoriali \u00e8 il perfetto mix di eleganza e semplicit\u00e0. Aggiungi un paio di d\u00e9collet\u00e9 nude o stivaletti in pelle e una borsa a mano strutturata per un outfit ideale per il lavoro o per una cena formale.<\/li>\n\n\n\n<li><strong>Stile Urban e Casual<\/strong><br>Per un look pi\u00f9 rilassato, abbina un <strong>trench <\/strong>oversize con un maglione morbido, jeans skinny o boyfriend e <a href=\"https:\/\/www.fratinardi.it\/it\/donna\/scarpe\/sneakers.html\" data-type=\"link\" data-id=\"https:\/\/www.fratinardi.it\/it\/donna\/scarpe\/sneakers.html\" target=\"_blank\" rel=\"noreferrer noopener\">sneakers <\/a>bianche. Aggiungi una borsa crossbody e occhiali da sole per completare l&#8217;outfit. Perfetto per una passeggiata in citt\u00e0 o un brunch con amici.<\/li>\n\n\n\n<li><strong>Eleganza in Vernice o Pelle<\/strong><br>I <strong>trench <\/strong>in tessuti lucidi come la vernice o il vinile sono un must per chi ama osare. Perfetti da abbinare a <a href=\"https:\/\/www.fratinardi.it\/it\/donna\/abbigliamento\/vestiti.html\" data-type=\"link\" data-id=\"https:\/\/www.fratinardi.it\/it\/donna\/abbigliamento\/vestiti.html\" target=\"_blank\" rel=\"noreferrer noopener\">vestiti in seta<\/a> o velluto per un look serale. Una cintura in vita valorizzer\u00e0 la silhouette, mentre stivali alti e accessori metallici completeranno un look da passerella.<\/li>\n\n\n\n<li><strong>Layering per l\u2019Inverno<\/strong><br>In inverno, il trench diventa il capo ideale per il layering. Indossalo sopra un dolcevita a coste o un cardigan in lana e aggiungi un foulard in cashmere per un tocco di calore extra. Puoi scegliere un trench imbottito per le giornate pi\u00f9 fredde, mantenendo comunque un look sofisticato.<\/li>\n<\/ol>\n\n\n\n<h2 class=\"wp-block-heading\"><strong>Perch\u00e9 il Trench Resta un Must-Have di Stagione<\/strong><\/h2>\n\n\n\n<p>Il <strong>trench <\/strong>rimane un capo irrinunciabile per il suo mix di praticit\u00e0 e stile senza tempo. Si adatta a tutte le occasioni, dalle giornate di pioggia alle serate formali, e riesce a donare un\u2019eleganza immediata a qualsiasi look. \u00c8 anche un capo adatto a tutte le stagioni: leggero in primavera e autunno, pu\u00f2 diventare pi\u00f9 caldo con l&#8217;aggiunta di tessuti pesanti per l&#8217;inverno.<\/p>\n\n\n\n<p>Il <strong>trench<\/strong> \u00e8 e rimane uno dei capi pi\u00f9 amati nella moda femminile e maschile, capace di reinventarsi anno dopo anno. Per l\u2019<strong><a href=\"https:\/\/www.fratinardi.it\/it\/nuova-collezione-ai-2024-25.html\" data-type=\"link\" data-id=\"https:\/\/www.fratinardi.it\/it\/nuova-collezione-ai-2024-25.html\" target=\"_blank\" rel=\"noreferrer noopener\">Autunno\/Inverno 2024-25<\/a><\/strong>, le nuove tendenze lo vedono protagonista di look minimal ma raffinati, perfetto per chi cerca un capo funzionale ma sempre alla moda. Investire in un trench significa assicurarsi un capo intramontabile che, grazie alla sua versatilit\u00e0, pu\u00f2 essere indossato stagione dopo stagione, restando sempre attuale.<\/p>\n\n\n\n<p>Scopri le nuove collezioni e lasciati ispirare dagli abbinamenti con il <strong>trench <\/strong>per affrontare la stagione con stile!<\/p>\n","protected":false},"excerpt":{"rendered":"<p>Tra i capispalla pi\u00f9 iconici e versatili, il trench si conferma anche per l\u2019Autunno\/Inverno 2024-25 un capo immancabile nel guardaroba di chi cerca eleganza e praticit\u00e0. Intramontabile nella sua estetica, questo capospalla attraversa le epoche senza mai perdere la sua &hellip; <a href=\"https:\/\/www.fratinardi.it\/blog\/trench-il-capo-intramontabile-e-trendy-per-lautunno-inverno-2024-25\/\">Continue reading <span class=\"meta-nav\">&rarr;<\/span><\/a><\/p>\n","protected":false},"author":2,"featured_media":12727,"comment_status":"open","ping_status":"open","sticky":false,"template":"","format":"standard","meta":{"footnotes":""},"categories":[6,4],"tags":[8,215,85,7,1318,148],"_links":{"self":[{"href":"https:\/\/www.fratinardi.it\/blog\/wp-json\/wp\/v2\/posts\/12723"}],"collection":[{"href":"https:\/\/www.fratinardi.it\/blog\/wp-json\/wp\/v2\/posts"}],"about":[{"href":"https:\/\/www.fratinardi.it\/blog\/wp-json\/wp\/v2\/types\/post"}],"author":[{"embeddable":true,"href":"https:\/\/www.fratinardi.it\/blog\/wp-json\/wp\/v2\/users\/2"}],"replies":[{"embeddable":true,"href":"https:\/\/www.fratinardi.it\/blog\/wp-json\/wp\/v2\/comments?post=12723"}],"version-history":[{"count":2,"href":"https:\/\/www.fratinardi.it\/blog\/wp-json\/wp\/v2\/posts\/12723\/revisions"}],"predecessor-version":[{"id":13044,"href":"https:\/\/www.fratinardi.it\/blog\/wp-json\/wp\/v2\/posts\/12723\/revisions\/13044"}],"wp:featuredmedia":[{"embeddable":true,"href":"https:\/\/www.fratinardi.it\/blog\/wp-json\/wp\/v2\/media\/12727"}],"wp:attachment":[{"href":"https:\/\/www.fratinardi.it\/blog\/wp-json\/wp\/v2\/media?parent=12723"}],"wp:term":[{"taxonomy":"category","embeddable":true,"href":"https:\/\/www.fratinardi.it\/blog\/wp-json\/wp\/v2\/categories?post=12723"},{"taxonomy":"post_tag","embeddable":true,"href":"https:\/\/www.fratinardi.it\/blog\/wp-json\/wp\/v2\/tags?post=12723"}],"curies":[{"name":"wp","href":"https:\/\/api.w.org\/{rel}","templated":true}]}}