{"id":12521,"date":"2024-05-23T14:27:59","date_gmt":"2024-05-23T12:27:59","guid":{"rendered":"https:\/\/www.fratinardi.it\/blog\/?p=12521"},"modified":"2024-05-23T14:28:00","modified_gmt":"2024-05-23T12:28:00","slug":"abiti-da-cerimonia-consigli-per-tutte-le-donne-della-famiglia","status":"publish","type":"post","link":"https:\/\/www.fratinardi.it\/blog\/abiti-da-cerimonia-consigli-per-tutte-le-donne-della-famiglia\/","title":{"rendered":"Abiti da Cerimonia: Consigli per tutte le donne della Famiglia"},"content":{"rendered":"\n<p>Quando si tratta di partecipare a una <strong><a href=\"https:\/\/www.fratinardi.it\/it\/collezioni-cerimonia.html\" target=\"_blank\" rel=\"noreferrer noopener\">cerimonia<\/a><\/strong>, come un matrimonio, una <a href=\"https:\/\/www.fratinardi.it\/it\/collezioni-cerimonia\/prima-comunione.html?utm_redirect=category_cerimonia&amp;utm_medium=category_cerimonia&amp;utm_term=category_cerimonia-comunione\" target=\"_blank\" rel=\"noreferrer noopener\">comunione<\/a> o un <a href=\"https:\/\/www.fratinardi.it\/it\/collezioni-cerimonia\/battesimo.html?utm_redirect=category_cerimonia&amp;utm_medium=category_cerimonia&amp;utm_term=category_cerimonia-battesimo\" target=\"_blank\" rel=\"noreferrer noopener\">battesimo<\/a>, ogni componente della famiglia desidera apparire al meglio. In questo articolo, esploreremo i suggerimenti per gli abiti da cerimonia donna, suddivisi per ruolo: mamma, zia, sorella e amica.<\/p>\n\n\n<div class=\"wp-block-image\">\n<figure class=\"aligncenter size-full is-resized\"><a href=\"https:\/\/www.fratinardi.it\/blog\/wp-content\/uploads\/2024\/05\/Immagine-copertina-abiti-cerimonia-pe-2024-fratinardi.it-1-1.jpg\"><img loading=\"lazy\" decoding=\"async\" width=\"721\" height=\"411\" src=\"https:\/\/www.fratinardi.it\/blog\/wp-content\/uploads\/2024\/05\/Immagine-copertina-abiti-cerimonia-pe-2024-fratinardi.it-1-1.jpg\" alt=\"\" class=\"wp-image-12542\" style=\"width:666px;height:auto\" srcset=\"https:\/\/www.fratinardi.it\/blog\/wp-content\/uploads\/2024\/05\/Immagine-copertina-abiti-cerimonia-pe-2024-fratinardi.it-1-1.jpg 721w, https:\/\/www.fratinardi.it\/blog\/wp-content\/uploads\/2024\/05\/Immagine-copertina-abiti-cerimonia-pe-2024-fratinardi.it-1-1-300x171.jpg 300w, https:\/\/www.fratinardi.it\/blog\/wp-content\/uploads\/2024\/05\/Immagine-copertina-abiti-cerimonia-pe-2024-fratinardi.it-1-1-640x365.jpg 640w, https:\/\/www.fratinardi.it\/blog\/wp-content\/uploads\/2024\/05\/Immagine-copertina-abiti-cerimonia-pe-2024-fratinardi.it-1-1-500x285.jpg 500w\" sizes=\"(max-width: 721px) 100vw, 721px\" \/><\/a><\/figure><\/div>\n\n\n<h2 class=\"wp-block-heading\">Abiti da Cerimonia per la Mamma<\/h2>\n\n\n\n<p>La <strong><a href=\"https:\/\/www.fratinardi.it\/it\/collezioni-cerimonia\/madre-della-sposa.html\" target=\"_blank\" rel=\"noreferrer noopener\">mamma della sposa<\/a><\/strong> o dello sposo ha un ruolo di grande rilievo durante la cerimonia. Il suo <a href=\"https:\/\/www.fratinardi.it\/it\/donna\/abbigliamento\/vestiti.html\" target=\"_blank\" rel=\"noreferrer noopener\">abito<\/a> deve esprimere eleganza, raffinatezza e sobriet\u00e0. <\/p>\n\n\n\n<p>Le tonalit\u00e0 neutre come il blu navy, il grigio perla e il beige sono scelte in gran voga per il loro fascino senza tempo. Tuttavia, colori pastello come il rosa cipria o il verde menta, e tonalit\u00e0 gioiello come il bordeaux o il verde smeraldo, possono aggiungere un tocco di eleganza. <strong>Abiti<\/strong> con un taglio impero o a tubino valorizzano la figura. Tessuti come il raso, la seta e il pizzo offrono un aspetto raffinato. Per le cerimonie serali, un abito lungo con dettagli in pizzo o perline \u00e8 ideale.<\/p>\n\n\n\n<p> <strong>E gli accessori?<\/strong> Un bolero o una stola abbinata all&#8217;abito aggiunge classe. <a href=\"https:\/\/www.fratinardi.it\/it\/donna\/scarpe\/sandali.html\" target=\"_blank\" rel=\"noreferrer noopener\">Scarpe comode<\/a> ma eleganti e una <a href=\"https:\/\/www.fratinardi.it\/it\/donna\/accessori\/borse.html\" target=\"_blank\" rel=\"noreferrer noopener\">borsa<\/a> da sera completano il look.<\/p>\n\n\n\n<figure class=\"wp-block-gallery has-nested-images columns-default is-cropped wp-block-gallery-1 is-layout-flex wp-block-gallery-is-layout-flex\">\n<figure class=\"wp-block-image size-large\"><a href=\"https:\/\/www.fratinardi.it\/blog\/wp-content\/uploads\/2024\/05\/fq23sd3001w53601q80-abito-fracomina-nuova-collezione-p-e-2023-fratinardi.it-4.jpg\" target=\"_blank\" rel=\"noreferrer noopener\"><img loading=\"lazy\" decoding=\"async\" width=\"739\" height=\"1024\" data-id=\"12526\" src=\"https:\/\/www.fratinardi.it\/blog\/wp-content\/uploads\/2024\/05\/fq23sd3001w53601q80-abito-fracomina-nuova-collezione-p-e-2023-fratinardi.it-4-739x1024.jpg\" alt=\"\" class=\"wp-image-12526\" srcset=\"https:\/\/www.fratinardi.it\/blog\/wp-content\/uploads\/2024\/05\/fq23sd3001w53601q80-abito-fracomina-nuova-collezione-p-e-2023-fratinardi.it-4-739x1024.jpg 739w, https:\/\/www.fratinardi.it\/blog\/wp-content\/uploads\/2024\/05\/fq23sd3001w53601q80-abito-fracomina-nuova-collezione-p-e-2023-fratinardi.it-4-217x300.jpg 217w, https:\/\/www.fratinardi.it\/blog\/wp-content\/uploads\/2024\/05\/fq23sd3001w53601q80-abito-fracomina-nuova-collezione-p-e-2023-fratinardi.it-4-768x1064.jpg 768w, https:\/\/www.fratinardi.it\/blog\/wp-content\/uploads\/2024\/05\/fq23sd3001w53601q80-abito-fracomina-nuova-collezione-p-e-2023-fratinardi.it-4-640x887.jpg 640w, https:\/\/www.fratinardi.it\/blog\/wp-content\/uploads\/2024\/05\/fq23sd3001w53601q80-abito-fracomina-nuova-collezione-p-e-2023-fratinardi.it-4.jpg 866w\" sizes=\"(max-width: 739px) 100vw, 739px\" \/><\/a><\/figure>\n\n\n\n<figure class=\"wp-block-image size-large\"><a href=\"https:\/\/www.fratinardi.it\/blog\/wp-content\/uploads\/2024\/05\/se19110lilla-abito-silvia-ernesti-p-e-donna-fratinardi.it_.jpg\" target=\"_blank\" rel=\"noreferrer noopener\"><img loading=\"lazy\" decoding=\"async\" width=\"739\" height=\"1024\" data-id=\"12524\" src=\"https:\/\/www.fratinardi.it\/blog\/wp-content\/uploads\/2024\/05\/se19110lilla-abito-silvia-ernesti-p-e-donna-fratinardi.it_-739x1024.jpg\" alt=\"\" class=\"wp-image-12524\" srcset=\"https:\/\/www.fratinardi.it\/blog\/wp-content\/uploads\/2024\/05\/se19110lilla-abito-silvia-ernesti-p-e-donna-fratinardi.it_-739x1024.jpg 739w, https:\/\/www.fratinardi.it\/blog\/wp-content\/uploads\/2024\/05\/se19110lilla-abito-silvia-ernesti-p-e-donna-fratinardi.it_-217x300.jpg 217w, https:\/\/www.fratinardi.it\/blog\/wp-content\/uploads\/2024\/05\/se19110lilla-abito-silvia-ernesti-p-e-donna-fratinardi.it_-768x1064.jpg 768w, https:\/\/www.fratinardi.it\/blog\/wp-content\/uploads\/2024\/05\/se19110lilla-abito-silvia-ernesti-p-e-donna-fratinardi.it_-640x887.jpg 640w, https:\/\/www.fratinardi.it\/blog\/wp-content\/uploads\/2024\/05\/se19110lilla-abito-silvia-ernesti-p-e-donna-fratinardi.it_.jpg 866w\" sizes=\"(max-width: 739px) 100vw, 739px\" \/><\/a><\/figure>\n\n\n\n<figure class=\"wp-block-image size-large\"><a href=\"https:\/\/www.fratinardi.it\/blog\/wp-content\/uploads\/2024\/05\/208272pinksil-abito-frank-lyman-a-i-2023-24-fratinardi.it_.jpg\" target=\"_blank\" rel=\"noreferrer noopener\"><img loading=\"lazy\" decoding=\"async\" width=\"853\" height=\"1024\" data-id=\"12525\" src=\"https:\/\/www.fratinardi.it\/blog\/wp-content\/uploads\/2024\/05\/208272pinksil-abito-frank-lyman-a-i-2023-24-fratinardi.it_-853x1024.jpg\" alt=\"\" class=\"wp-image-12525\" srcset=\"https:\/\/www.fratinardi.it\/blog\/wp-content\/uploads\/2024\/05\/208272pinksil-abito-frank-lyman-a-i-2023-24-fratinardi.it_-853x1024.jpg 853w, https:\/\/www.fratinardi.it\/blog\/wp-content\/uploads\/2024\/05\/208272pinksil-abito-frank-lyman-a-i-2023-24-fratinardi.it_-250x300.jpg 250w, https:\/\/www.fratinardi.it\/blog\/wp-content\/uploads\/2024\/05\/208272pinksil-abito-frank-lyman-a-i-2023-24-fratinardi.it_-768x922.jpg 768w, https:\/\/www.fratinardi.it\/blog\/wp-content\/uploads\/2024\/05\/208272pinksil-abito-frank-lyman-a-i-2023-24-fratinardi.it_-640x768.jpg 640w, https:\/\/www.fratinardi.it\/blog\/wp-content\/uploads\/2024\/05\/208272pinksil-abito-frank-lyman-a-i-2023-24-fratinardi.it_.jpg 1000w\" sizes=\"(max-width: 853px) 100vw, 853px\" \/><\/a><\/figure>\n<\/figure>\n\n\n\n<h2 class=\"wp-block-heading\">Abiti da Cerimonia per la Zia<\/h2>\n\n\n\n<p>La zia pu\u00f2 permettersi di giocare un po&#8217; di pi\u00f9 con il proprio stile, mantenendo comunque un look sofisticato. Le zie possono optare per colori vivaci come il rosso, il viola, il verde oliva o tonalit\u00e0 metallizzate. Anche motivi floreali o geometrici possono essere appropriati, purch\u00e9 non troppo vistosi. <strong>Ma quale taglio indossare per non sbagliare?<\/strong> <strong>Abiti<\/strong> a trapezio o a linea A sono molto lusinghieri in tessuti come il chiffon, la seta e il crepe offrono comfort e movimento. Un vestito midi \u00e8 una scelta versatile, adatta sia per il giorno che per la sera. Una <a href=\"https:\/\/www.fratinardi.it\/it\/donna\/accessori\/borse\/pochette.html\" target=\"_blank\" rel=\"noreferrer noopener\">pochette<\/a> coordinata e gioielli <em>statement<\/em>, come orecchini pendenti o una collana importante, aggiungono un tocco di personalit\u00e0 al look.<\/p>\n\n\n\n<figure class=\"wp-block-gallery has-nested-images columns-default is-cropped wp-block-gallery-2 is-layout-flex wp-block-gallery-is-layout-flex\">\n<figure class=\"wp-block-image size-large\"><a href=\"https:\/\/www.fratinardi.it\/blog\/wp-content\/uploads\/2024\/05\/229016blk-abito-frank-lyman-a-i-2023-24-fratinardi.it_.jpg\" target=\"_blank\" rel=\"noreferrer noopener\"><img loading=\"lazy\" decoding=\"async\" width=\"853\" height=\"1024\" data-id=\"12528\" src=\"https:\/\/www.fratinardi.it\/blog\/wp-content\/uploads\/2024\/05\/229016blk-abito-frank-lyman-a-i-2023-24-fratinardi.it_-853x1024.jpg\" alt=\"\" class=\"wp-image-12528\" srcset=\"https:\/\/www.fratinardi.it\/blog\/wp-content\/uploads\/2024\/05\/229016blk-abito-frank-lyman-a-i-2023-24-fratinardi.it_-853x1024.jpg 853w, https:\/\/www.fratinardi.it\/blog\/wp-content\/uploads\/2024\/05\/229016blk-abito-frank-lyman-a-i-2023-24-fratinardi.it_-250x300.jpg 250w, https:\/\/www.fratinardi.it\/blog\/wp-content\/uploads\/2024\/05\/229016blk-abito-frank-lyman-a-i-2023-24-fratinardi.it_-768x922.jpg 768w, https:\/\/www.fratinardi.it\/blog\/wp-content\/uploads\/2024\/05\/229016blk-abito-frank-lyman-a-i-2023-24-fratinardi.it_-640x768.jpg 640w, https:\/\/www.fratinardi.it\/blog\/wp-content\/uploads\/2024\/05\/229016blk-abito-frank-lyman-a-i-2023-24-fratinardi.it_.jpg 1000w\" sizes=\"(max-width: 853px) 100vw, 853px\" \/><\/a><\/figure>\n\n\n\n<figure class=\"wp-block-image size-large\"><a href=\"https:\/\/www.fratinardi.it\/blog\/wp-content\/uploads\/2024\/05\/tenore-24132212822001-marella-abito-pe-2024-fratinardi.it_.jpg\" target=\"_blank\" rel=\"noreferrer noopener\"><img loading=\"lazy\" decoding=\"async\" width=\"739\" height=\"1024\" data-id=\"12529\" src=\"https:\/\/www.fratinardi.it\/blog\/wp-content\/uploads\/2024\/05\/tenore-24132212822001-marella-abito-pe-2024-fratinardi.it_-739x1024.jpg\" alt=\"\" class=\"wp-image-12529\" srcset=\"https:\/\/www.fratinardi.it\/blog\/wp-content\/uploads\/2024\/05\/tenore-24132212822001-marella-abito-pe-2024-fratinardi.it_-739x1024.jpg 739w, https:\/\/www.fratinardi.it\/blog\/wp-content\/uploads\/2024\/05\/tenore-24132212822001-marella-abito-pe-2024-fratinardi.it_-217x300.jpg 217w, https:\/\/www.fratinardi.it\/blog\/wp-content\/uploads\/2024\/05\/tenore-24132212822001-marella-abito-pe-2024-fratinardi.it_-768x1064.jpg 768w, https:\/\/www.fratinardi.it\/blog\/wp-content\/uploads\/2024\/05\/tenore-24132212822001-marella-abito-pe-2024-fratinardi.it_-640x887.jpg 640w, https:\/\/www.fratinardi.it\/blog\/wp-content\/uploads\/2024\/05\/tenore-24132212822001-marella-abito-pe-2024-fratinardi.it_.jpg 866w\" sizes=\"(max-width: 739px) 100vw, 739px\" \/><\/a><\/figure>\n\n\n\n<figure class=\"wp-block-image size-large\"><a href=\"https:\/\/www.fratinardi.it\/blog\/wp-content\/uploads\/2024\/05\/gm2165uni-abito-gai-mattiolo-p-e-2024-fratinardi.it-1.jpg\" target=\"_blank\" rel=\"noreferrer noopener\"><img loading=\"lazy\" decoding=\"async\" width=\"739\" height=\"1024\" data-id=\"12530\" src=\"https:\/\/www.fratinardi.it\/blog\/wp-content\/uploads\/2024\/05\/gm2165uni-abito-gai-mattiolo-p-e-2024-fratinardi.it-1-739x1024.jpg\" alt=\"\" class=\"wp-image-12530\" srcset=\"https:\/\/www.fratinardi.it\/blog\/wp-content\/uploads\/2024\/05\/gm2165uni-abito-gai-mattiolo-p-e-2024-fratinardi.it-1-739x1024.jpg 739w, https:\/\/www.fratinardi.it\/blog\/wp-content\/uploads\/2024\/05\/gm2165uni-abito-gai-mattiolo-p-e-2024-fratinardi.it-1-217x300.jpg 217w, https:\/\/www.fratinardi.it\/blog\/wp-content\/uploads\/2024\/05\/gm2165uni-abito-gai-mattiolo-p-e-2024-fratinardi.it-1-768x1064.jpg 768w, https:\/\/www.fratinardi.it\/blog\/wp-content\/uploads\/2024\/05\/gm2165uni-abito-gai-mattiolo-p-e-2024-fratinardi.it-1-640x887.jpg 640w, https:\/\/www.fratinardi.it\/blog\/wp-content\/uploads\/2024\/05\/gm2165uni-abito-gai-mattiolo-p-e-2024-fratinardi.it-1.jpg 866w\" sizes=\"(max-width: 739px) 100vw, 739px\" \/><\/a><\/figure>\n<\/figure>\n\n\n\n<h2 class=\"wp-block-heading\">Abiti da Cerimonia per la Sorella<\/h2>\n\n\n\n<p>La sorella della sposa o dello sposo pu\u00f2 scegliere abiti pi\u00f9 alla moda, mantenendo comunque un livello di eleganza adeguato all&#8217;evento. Le sorelle possono optare per tonalit\u00e0 moderne come il rosa cipria, l&#8217;azzurro cielo o il giallo senape. Stampe delicate, dettagli scintillanti e colori accesi sono benvenuti, a patto che non eclissino la sposa. <strong>Abiti a sirena<\/strong>, a <strong>vestaglia<\/strong> o con spacco laterale sono chic e alla moda. Tessuti come il velluto, il tulle e il satin aggiungono un tocco glamour. Per una cerimonia serale, un abito lungo con scollatura particolare \u00e8 una scelta audace e appropriata. Accessori giovanili e alla moda, come una <a href=\"https:\/\/www.fratinardi.it\/it\/donna\/accessori\/cinture.html\" target=\"_blank\" rel=\"noreferrer noopener\">cintura<\/a> in vita o <a href=\"https:\/\/www.fratinardi.it\/it\/donna\/scarpe\/sandali\/sandali-gioiello.html\" target=\"_blank\" rel=\"noreferrer noopener\">sandali con tacco gioiello<\/a>, arricchiscono l&#8217;outfit. Una clutch colorata e gioielli moderni, come braccialetti a pi\u00f9 strati o orecchini a cerchio, completano il look.<\/p>\n\n\n\n<figure class=\"wp-block-gallery has-nested-images columns-default is-cropped wp-block-gallery-3 is-layout-flex wp-block-gallery-is-layout-flex\">\n<figure class=\"wp-block-image size-large\"><a href=\"https:\/\/www.fratinardi.it\/blog\/wp-content\/uploads\/2024\/05\/24092660161437-abito-relish-pe-2024-fratinardi.it-4.jpg\" target=\"_blank\" rel=\"noreferrer noopener\"><img loading=\"lazy\" decoding=\"async\" width=\"683\" height=\"1024\" data-id=\"12533\" src=\"https:\/\/www.fratinardi.it\/blog\/wp-content\/uploads\/2024\/05\/24092660161437-abito-relish-pe-2024-fratinardi.it-4-683x1024.jpg\" alt=\"\" class=\"wp-image-12533\" srcset=\"https:\/\/www.fratinardi.it\/blog\/wp-content\/uploads\/2024\/05\/24092660161437-abito-relish-pe-2024-fratinardi.it-4-683x1024.jpg 683w, https:\/\/www.fratinardi.it\/blog\/wp-content\/uploads\/2024\/05\/24092660161437-abito-relish-pe-2024-fratinardi.it-4-200x300.jpg 200w, https:\/\/www.fratinardi.it\/blog\/wp-content\/uploads\/2024\/05\/24092660161437-abito-relish-pe-2024-fratinardi.it-4-768x1152.jpg 768w, https:\/\/www.fratinardi.it\/blog\/wp-content\/uploads\/2024\/05\/24092660161437-abito-relish-pe-2024-fratinardi.it-4-640x960.jpg 640w, https:\/\/www.fratinardi.it\/blog\/wp-content\/uploads\/2024\/05\/24092660161437-abito-relish-pe-2024-fratinardi.it-4.jpg 800w\" sizes=\"(max-width: 683px) 100vw, 683px\" \/><\/a><\/figure>\n\n\n\n<figure class=\"wp-block-image size-large\"><a href=\"https:\/\/www.fratinardi.it\/blog\/wp-content\/uploads\/2024\/05\/24090060081772-relish-abito-pe-2024-fratinardi.it_.jpg\" target=\"_blank\" rel=\"noreferrer noopener\"><img loading=\"lazy\" decoding=\"async\" width=\"683\" height=\"1024\" data-id=\"12532\" src=\"https:\/\/www.fratinardi.it\/blog\/wp-content\/uploads\/2024\/05\/24090060081772-relish-abito-pe-2024-fratinardi.it_-683x1024.jpg\" alt=\"\" class=\"wp-image-12532\" srcset=\"https:\/\/www.fratinardi.it\/blog\/wp-content\/uploads\/2024\/05\/24090060081772-relish-abito-pe-2024-fratinardi.it_-683x1024.jpg 683w, https:\/\/www.fratinardi.it\/blog\/wp-content\/uploads\/2024\/05\/24090060081772-relish-abito-pe-2024-fratinardi.it_-200x300.jpg 200w, https:\/\/www.fratinardi.it\/blog\/wp-content\/uploads\/2024\/05\/24090060081772-relish-abito-pe-2024-fratinardi.it_-768x1152.jpg 768w, https:\/\/www.fratinardi.it\/blog\/wp-content\/uploads\/2024\/05\/24090060081772-relish-abito-pe-2024-fratinardi.it_-640x960.jpg 640w, https:\/\/www.fratinardi.it\/blog\/wp-content\/uploads\/2024\/05\/24090060081772-relish-abito-pe-2024-fratinardi.it_.jpg 800w\" sizes=\"(max-width: 683px) 100vw, 683px\" \/><\/a><\/figure>\n\n\n\n<figure class=\"wp-block-image size-large\"><a href=\"https:\/\/www.fratinardi.it\/blog\/wp-content\/uploads\/2024\/05\/24094760101744-abito-relish-pe-2024-fratinardi.it-3.jpg\" target=\"_blank\" rel=\"noreferrer noopener\"><img loading=\"lazy\" decoding=\"async\" width=\"683\" height=\"1024\" data-id=\"12534\" src=\"https:\/\/www.fratinardi.it\/blog\/wp-content\/uploads\/2024\/05\/24094760101744-abito-relish-pe-2024-fratinardi.it-3-683x1024.jpg\" alt=\"\" class=\"wp-image-12534\" srcset=\"https:\/\/www.fratinardi.it\/blog\/wp-content\/uploads\/2024\/05\/24094760101744-abito-relish-pe-2024-fratinardi.it-3-683x1024.jpg 683w, https:\/\/www.fratinardi.it\/blog\/wp-content\/uploads\/2024\/05\/24094760101744-abito-relish-pe-2024-fratinardi.it-3-200x300.jpg 200w, https:\/\/www.fratinardi.it\/blog\/wp-content\/uploads\/2024\/05\/24094760101744-abito-relish-pe-2024-fratinardi.it-3-768x1152.jpg 768w, https:\/\/www.fratinardi.it\/blog\/wp-content\/uploads\/2024\/05\/24094760101744-abito-relish-pe-2024-fratinardi.it-3-640x960.jpg 640w, https:\/\/www.fratinardi.it\/blog\/wp-content\/uploads\/2024\/05\/24094760101744-abito-relish-pe-2024-fratinardi.it-3.jpg 800w\" sizes=\"(max-width: 683px) 100vw, 683px\" \/><\/a><\/figure>\n<\/figure>\n\n\n\n<h2 class=\"wp-block-heading\">Abiti da Cerimonia per l&#8217;Amica<\/h2>\n\n\n\n<p>L&#8217;amica della sposa o dello sposo ha la libert\u00e0 di sperimentare con stili pi\u00f9 creativi e di tendenza, pur mantenendo il decoro richiesto dall&#8217;occasione. Le amiche possono optare per una vasta gamma di colori, dai pastelli ai toni pi\u00f9 vivaci come il corallo, il verde acqua o il giallo limone. Anche le stampe floreali e i motivi astratti possono essere ottimi, purch\u00e9 eleganti. <strong>Abiti a mantella<\/strong>, a <strong>sirena<\/strong> o con <strong>dettagli asimmetrici <\/strong>sono perfetti per un look moderno. Tessuti leggeri come il <strong>chiffon<\/strong> e il <strong>tulle<\/strong> sono ideali per un tocco arioso e romantico. Per le cerimonie serali, un abito lungo con paillettes o ricami \u00e8 una scelta glamour. Gli accessori possono includere un cappello fascinator per le cerimonie diurne o una clutch decorata per quelle serali. <strong>Scarpe con dettagli brillanti <\/strong>e gioielli audaci, come collane <em>statement<\/em> o braccialetti oversize, aggiungono carattere all&#8217;outfit.<\/p>\n\n\n\n<figure class=\"wp-block-gallery has-nested-images columns-default is-cropped wp-block-gallery-4 is-layout-flex wp-block-gallery-is-layout-flex\">\n<figure class=\"wp-block-image size-large\"><a href=\"https:\/\/www.fratinardi.it\/blog\/wp-content\/uploads\/2024\/05\/bibo-24132214622004-marella-abito-pe-2024-fratinardi.it_.jpg\" target=\"_blank\" rel=\"noreferrer noopener\"><img loading=\"lazy\" decoding=\"async\" width=\"739\" height=\"1024\" data-id=\"12536\" src=\"https:\/\/www.fratinardi.it\/blog\/wp-content\/uploads\/2024\/05\/bibo-24132214622004-marella-abito-pe-2024-fratinardi.it_-739x1024.jpg\" alt=\"\" class=\"wp-image-12536\" srcset=\"https:\/\/www.fratinardi.it\/blog\/wp-content\/uploads\/2024\/05\/bibo-24132214622004-marella-abito-pe-2024-fratinardi.it_-739x1024.jpg 739w, https:\/\/www.fratinardi.it\/blog\/wp-content\/uploads\/2024\/05\/bibo-24132214622004-marella-abito-pe-2024-fratinardi.it_-217x300.jpg 217w, https:\/\/www.fratinardi.it\/blog\/wp-content\/uploads\/2024\/05\/bibo-24132214622004-marella-abito-pe-2024-fratinardi.it_-768x1064.jpg 768w, https:\/\/www.fratinardi.it\/blog\/wp-content\/uploads\/2024\/05\/bibo-24132214622004-marella-abito-pe-2024-fratinardi.it_-640x887.jpg 640w, https:\/\/www.fratinardi.it\/blog\/wp-content\/uploads\/2024\/05\/bibo-24132214622004-marella-abito-pe-2024-fratinardi.it_.jpg 866w\" sizes=\"(max-width: 739px) 100vw, 739px\" \/><\/a><\/figure>\n\n\n\n<figure class=\"wp-block-image size-large\"><a href=\"https:\/\/www.fratinardi.it\/blog\/wp-content\/uploads\/2024\/05\/24070060161475-tuta-relish-pe-2024-fratinardi.it-1.jpg\" target=\"_blank\" rel=\"noreferrer noopener\"><img loading=\"lazy\" decoding=\"async\" width=\"683\" height=\"1024\" data-id=\"12537\" src=\"https:\/\/www.fratinardi.it\/blog\/wp-content\/uploads\/2024\/05\/24070060161475-tuta-relish-pe-2024-fratinardi.it-1-683x1024.jpg\" alt=\"\" class=\"wp-image-12537\" srcset=\"https:\/\/www.fratinardi.it\/blog\/wp-content\/uploads\/2024\/05\/24070060161475-tuta-relish-pe-2024-fratinardi.it-1-683x1024.jpg 683w, https:\/\/www.fratinardi.it\/blog\/wp-content\/uploads\/2024\/05\/24070060161475-tuta-relish-pe-2024-fratinardi.it-1-200x300.jpg 200w, https:\/\/www.fratinardi.it\/blog\/wp-content\/uploads\/2024\/05\/24070060161475-tuta-relish-pe-2024-fratinardi.it-1-768x1152.jpg 768w, https:\/\/www.fratinardi.it\/blog\/wp-content\/uploads\/2024\/05\/24070060161475-tuta-relish-pe-2024-fratinardi.it-1-640x960.jpg 640w, https:\/\/www.fratinardi.it\/blog\/wp-content\/uploads\/2024\/05\/24070060161475-tuta-relish-pe-2024-fratinardi.it-1.jpg 800w\" sizes=\"(max-width: 683px) 100vw, 683px\" \/><\/a><\/figure>\n\n\n\n<figure class=\"wp-block-image size-large\"><a href=\"https:\/\/www.fratinardi.it\/blog\/wp-content\/uploads\/2024\/05\/ssa3013rosa-le-sarte-del-sole-abito-pe-2024-fratinardi.it_.jpg\" target=\"_blank\" rel=\"noreferrer noopener\"><img loading=\"lazy\" decoding=\"async\" width=\"739\" height=\"1024\" data-id=\"12538\" src=\"https:\/\/www.fratinardi.it\/blog\/wp-content\/uploads\/2024\/05\/ssa3013rosa-le-sarte-del-sole-abito-pe-2024-fratinardi.it_-739x1024.jpg\" alt=\"\" class=\"wp-image-12538\" srcset=\"https:\/\/www.fratinardi.it\/blog\/wp-content\/uploads\/2024\/05\/ssa3013rosa-le-sarte-del-sole-abito-pe-2024-fratinardi.it_-739x1024.jpg 739w, https:\/\/www.fratinardi.it\/blog\/wp-content\/uploads\/2024\/05\/ssa3013rosa-le-sarte-del-sole-abito-pe-2024-fratinardi.it_-217x300.jpg 217w, https:\/\/www.fratinardi.it\/blog\/wp-content\/uploads\/2024\/05\/ssa3013rosa-le-sarte-del-sole-abito-pe-2024-fratinardi.it_-768x1064.jpg 768w, https:\/\/www.fratinardi.it\/blog\/wp-content\/uploads\/2024\/05\/ssa3013rosa-le-sarte-del-sole-abito-pe-2024-fratinardi.it_-640x887.jpg 640w, https:\/\/www.fratinardi.it\/blog\/wp-content\/uploads\/2024\/05\/ssa3013rosa-le-sarte-del-sole-abito-pe-2024-fratinardi.it_.jpg 866w\" sizes=\"(max-width: 739px) 100vw, 739px\" \/><\/a><\/figure>\n<\/figure>\n\n\n\n<p>Scegliere l&#8217;abito giusto per una cerimonia pu\u00f2 sembrare complicato, ma seguendo questi suggerimenti, ogni mamma, zia, sorella e amica potr\u00e0 trovare il look perfetto che rispecchi il proprio ruolo e stile personale. Considerate sempre il tipo di cerimonia, il luogo e l&#8217;orario dell&#8217;evento, per fare scelte che vi facciano sentire a vostro agio e sicure di voi stesse. Con l&#8217;outfit giusto, sarete pronte a celebrare l&#8217;occasione speciale con eleganza e stile. <\/p>\n\n\n\n<p>Scopri la <a href=\"https:\/\/www.fratinardi.it\/it\/nuova-collezione-primavera-estate-2024.html\" target=\"_blank\" rel=\"noreferrer noopener\">Nuova Collezione<\/a> di abiti da cerimonia disponibile su <strong>Fratinardi.it<\/strong> oppure raggiungi le nostre boutique a Battipaglia, provincia di Salerno, per creare un look da perfetta invitata a nozze. Tantissimi sono i brand che puoi trovare da noi come <a href=\"https:\/\/www.fratinardi.it\/it\/brands\/abbigliamento\/marella.html\">Marella<\/a>, <a href=\"https:\/\/www.fratinardi.it\/it\/brands\/abbigliamento\/relish-donna.html\" target=\"_blank\" rel=\"noreferrer noopener\">Relish<\/a>, <a href=\"https:\/\/www.fratinardi.it\/it\/brands\/abbigliamento\/frank-lyman.html\" target=\"_blank\" rel=\"noreferrer noopener\">Frank Lyman<\/a> e tanti altri che potranno soddisfare qualsiasi esigenza e valorizzare ogni personalit\u00e0. <\/p>\n\n\n\n<p>Nel caso tu voglia ulteriori consigli oppure altre tips su cosa indossare ad un matrimonio leggi il nostro precedente blog, <strong><a href=\"https:\/\/www.fratinardi.it\/blog\/matrimonio-alle-porte-e-non-sai-come-vestirti-tranquilla-ti-aiutiamo-noi\/\" target=\"_blank\" rel=\"noreferrer noopener\">clicca qui<\/a><\/strong>.<\/p>\n\n\n\n<p><\/p>\n","protected":false},"excerpt":{"rendered":"<p>In questo articolo, esploreremo i suggerimenti per gli abiti da cerimonia donna, suddivisi per ruolo: mamma, zia, sorella e amica. <a href=\"https:\/\/www.fratinardi.it\/blog\/abiti-da-cerimonia-consigli-per-tutte-le-donne-della-famiglia\/\">Continue reading <span class=\"meta-nav\">&rarr;<\/span><\/a><\/p>\n","protected":false},"author":2,"featured_media":12540,"comment_status":"open","ping_status":"open","sticky":false,"template":"","format":"standard","meta":{"footnotes":""},"categories":[6,5],"tags":[8,10,215,85,7],"_links":{"self":[{"href":"https:\/\/www.fratinardi.it\/blog\/wp-json\/wp\/v2\/posts\/12521"}],"collection":[{"href":"https:\/\/www.fratinardi.it\/blog\/wp-json\/wp\/v2\/posts"}],"about":[{"href":"https:\/\/www.fratinardi.it\/blog\/wp-json\/wp\/v2\/types\/post"}],"author":[{"embeddable":true,"href":"https:\/\/www.fratinardi.it\/blog\/wp-json\/wp\/v2\/users\/2"}],"replies":[{"embeddable":true,"href":"https:\/\/www.fratinardi.it\/blog\/wp-json\/wp\/v2\/comments?post=12521"}],"version-history":[{"count":9,"href":"https:\/\/www.fratinardi.it\/blog\/wp-json\/wp\/v2\/posts\/12521\/revisions"}],"predecessor-version":[{"id":12545,"href":"https:\/\/www.fratinardi.it\/blog\/wp-json\/wp\/v2\/posts\/12521\/revisions\/12545"}],"wp:featuredmedia":[{"embeddable":true,"href":"https:\/\/www.fratinardi.it\/blog\/wp-json\/wp\/v2\/media\/12540"}],"wp:attachment":[{"href":"https:\/\/www.fratinardi.it\/blog\/wp-json\/wp\/v2\/media?parent=12521"}],"wp:term":[{"taxonomy":"category","embeddable":true,"href":"https:\/\/www.fratinardi.it\/blog\/wp-json\/wp\/v2\/categories?post=12521"},{"taxonomy":"post_tag","embeddable":true,"href":"https:\/\/www.fratinardi.it\/blog\/wp-json\/wp\/v2\/tags?post=12521"}],"curies":[{"name":"wp","href":"https:\/\/api.w.org\/{rel}","templated":true}]}}