{"id":11264,"date":"2023-09-22T14:18:48","date_gmt":"2023-09-22T12:18:48","guid":{"rendered":"https:\/\/www.fratinardi.it\/blog\/?p=11264"},"modified":"2023-09-22T15:25:07","modified_gmt":"2023-09-22T13:25:07","slug":"5-must-have-per-preparare-il-corredino-perfetto-per-il-vostro-bebe","status":"publish","type":"post","link":"https:\/\/www.fratinardi.it\/blog\/5-must-have-per-preparare-il-corredino-perfetto-per-il-vostro-bebe\/","title":{"rendered":"5 must have per preparare il corredino perfetto per il vostro beb\u00e8"},"content":{"rendered":"<h1>5 must have per preparare il corredino perfetto per il vostro beb\u00e8<\/h1>\n<p>&nbsp;<\/p>\n<p>Non c\u2019\u00e8 nulla di pi\u00f9 tenero per una mamma in dolce attesa di comprare i primi vestitini per il bimbo in arrivo: girare per i negozi, scegliere le tutine pi\u00f9 morbide e carine, immaginare il proprio neonato indossarle\u2026 \u00c8 qui che nascono i primi dubbi.<\/p>\n<p>Quale tessuto \u00e8 pi\u00f9 adatto? Bottoni dietro o avanti? Calzini s\u00ec o calzini no? Le domande sono potenzialmente infinite e uscirsene sembra impossibile. O quasi!<\/p>\n<p><img loading=\"lazy\" decoding=\"async\" class=\"aligncenter size-large wp-image-11282\" src=\"https:\/\/www.fratinardi.it\/blog\/wp-content\/uploads\/2023\/09\/pexels-anna-shvets-3845492-683x1024.jpg\" alt=\"\" width=\"584\" height=\"876\" srcset=\"https:\/\/www.fratinardi.it\/blog\/wp-content\/uploads\/2023\/09\/pexels-anna-shvets-3845492-683x1024.jpg 683w, https:\/\/www.fratinardi.it\/blog\/wp-content\/uploads\/2023\/09\/pexels-anna-shvets-3845492-200x300.jpg 200w, https:\/\/www.fratinardi.it\/blog\/wp-content\/uploads\/2023\/09\/pexels-anna-shvets-3845492-768x1152.jpg 768w, https:\/\/www.fratinardi.it\/blog\/wp-content\/uploads\/2023\/09\/pexels-anna-shvets-3845492-640x960.jpg 640w\" sizes=\"(max-width: 584px) 100vw, 584px\" \/><\/p>\n<p>Per questo noi di Fratinardi abbiamo deciso di aiutare tutte le future mamme (e non solo!) alla ricerca del corredino perfetto in vista dell\u2019inverno.<\/p>\n<h2><strong>Corredino: cos\u2019\u00e8 e a cosa serve?<\/strong><\/h2>\n<p>Tra le cose pi\u00f9 tenere da acquistare in gravidanza, il <strong>corredino<\/strong> \u00e8 di solito regalato ai neogenitori, ma sono sempre di pi\u00f9 le mamme che scelgono di comprarlo da sole.<\/p>\n<p>Comprende tutti gli articoli utili per l\u2019igiene del neonato nei primi mesi e i vestitini necessari:<\/p>\n<ul>\n<li>copertine;<\/li>\n<li>cappellini;<\/li>\n<li>asciugamani;<\/li>\n<li>biancheria (magliette, body\u2026);<\/li>\n<li>vestitini e tutine;<\/li>\n<li>bavaglino;<\/li>\n<li>calzini;<\/li>\n<li>fasciatoio, ciucci, biberon, pannolini\u2026<\/li>\n<\/ul>\n<p><a href=\"https:\/\/www.fratinardi.it\/it\/bambino\/idee-regalo-nascita.html\"><img loading=\"lazy\" decoding=\"async\" class=\"aligncenter size-large wp-image-11281\" src=\"https:\/\/www.fratinardi.it\/blog\/wp-content\/uploads\/2023\/09\/WhatsApp-Image-2023-09-21-at-10.01.41-1-683x1024.jpeg\" alt=\"Corredino Maglificio di Verona\" width=\"584\" height=\"876\" srcset=\"https:\/\/www.fratinardi.it\/blog\/wp-content\/uploads\/2023\/09\/WhatsApp-Image-2023-09-21-at-10.01.41-1-683x1024.jpeg 683w, https:\/\/www.fratinardi.it\/blog\/wp-content\/uploads\/2023\/09\/WhatsApp-Image-2023-09-21-at-10.01.41-1-200x300.jpeg 200w, https:\/\/www.fratinardi.it\/blog\/wp-content\/uploads\/2023\/09\/WhatsApp-Image-2023-09-21-at-10.01.41-1-640x960.jpeg 640w, https:\/\/www.fratinardi.it\/blog\/wp-content\/uploads\/2023\/09\/WhatsApp-Image-2023-09-21-at-10.01.41-1.jpeg 720w\" sizes=\"(max-width: 584px) 100vw, 584px\" \/><\/a><\/p>\n<p>Serve a preparare mamma e pap\u00e0 per ogni evenienza e necessit\u00e0 del piccolo e non preoccupatevi nel caso dovesse mancare qualcosa: potrete sempre acquistarla in seguito. L\u2019importante \u00e8 che abbiate con voi gli articoli essenziali per accoglierlo nella sua nuova casa.<\/p>\n<p>E se noi di Fratinardi non possiamo offrirvi fasciatoio e ciucciotto, sicuramente possiamo aiutarvi con il resto!<\/p>\n<h3><strong>Consiglio numero 1: la copertina prima di tutto<\/strong><\/h3>\n<p>Un neonato non potr\u00e0 dirvi se ha freddo o caldo, a capirlo dovrete essere voi. Come?<\/p>\n<p>Uno dei metodi pi\u00f9 comuni \u00e8 sicuramente quello di toccare la nuca e il collo del bambino, se questi risultano troppo caldi o freddi, allora vuol dire che si dovr\u00e0 coprirlo o scoprirlo di conseguenza.<\/p>\n<p><strong>L\u2019ideale \u00e8 usare una coperta<\/strong> da togliere e mettere all\u2019occorrenza, meglio se di lana o ciniglia, o comunque tessuti morbidi che non andranno a irritare la pelle del vostro bambino.<\/p>\n<p>Per voi abbiamo selezionato queste del <a href=\"https:\/\/www.fratinardi.it\/it\/brands\/abbigliamento\/maglificio-di-verona-neonato.html\"><strong>Maglificio di Verona<\/strong><\/a>, create al 100% in lana vergine Merino, che terranno i vostri bimbi al caldo nei mesi invernali.<\/p>\n<p>&nbsp;<\/p>\n<p><a href=\"https:\/\/www.fratinardi.it\/it\/maglificio-di-verona-coperta-cashmere-2023-24-049356d587latte.html\"><img loading=\"lazy\" decoding=\"async\" class=\"aligncenter size-large wp-image-11277\" src=\"https:\/\/www.fratinardi.it\/blog\/wp-content\/uploads\/2023\/09\/coperta-gialla-maglificio-di-verona-1-1024x1024.jpg\" alt=\"copertina gialla Maglificio di Verona\" width=\"584\" height=\"584\" srcset=\"https:\/\/www.fratinardi.it\/blog\/wp-content\/uploads\/2023\/09\/coperta-gialla-maglificio-di-verona-1-1024x1024.jpg 1024w, https:\/\/www.fratinardi.it\/blog\/wp-content\/uploads\/2023\/09\/coperta-gialla-maglificio-di-verona-1-150x150.jpg 150w, https:\/\/www.fratinardi.it\/blog\/wp-content\/uploads\/2023\/09\/coperta-gialla-maglificio-di-verona-1-300x300.jpg 300w, https:\/\/www.fratinardi.it\/blog\/wp-content\/uploads\/2023\/09\/coperta-gialla-maglificio-di-verona-1-768x768.jpg 768w, https:\/\/www.fratinardi.it\/blog\/wp-content\/uploads\/2023\/09\/coperta-gialla-maglificio-di-verona-1-640x640.jpg 640w, https:\/\/www.fratinardi.it\/blog\/wp-content\/uploads\/2023\/09\/coperta-gialla-maglificio-di-verona-1.jpg 1200w\" sizes=\"(max-width: 584px) 100vw, 584px\" \/><\/a><\/p>\n<p><a href=\"https:\/\/www.fratinardi.it\/it\/maglificio-di-verona-coperta-cotone-2022-47701gli.html\"><img loading=\"lazy\" decoding=\"async\" class=\"aligncenter size-large wp-image-11278\" src=\"https:\/\/www.fratinardi.it\/blog\/wp-content\/uploads\/2023\/09\/coperta-rosa-maglificio-di-verona-1-1024x1024.jpg\" alt=\"copertina rosa Maglificio di Verona\" width=\"584\" height=\"584\" srcset=\"https:\/\/www.fratinardi.it\/blog\/wp-content\/uploads\/2023\/09\/coperta-rosa-maglificio-di-verona-1-1024x1024.jpg 1024w, https:\/\/www.fratinardi.it\/blog\/wp-content\/uploads\/2023\/09\/coperta-rosa-maglificio-di-verona-1-150x150.jpg 150w, https:\/\/www.fratinardi.it\/blog\/wp-content\/uploads\/2023\/09\/coperta-rosa-maglificio-di-verona-1-300x300.jpg 300w, https:\/\/www.fratinardi.it\/blog\/wp-content\/uploads\/2023\/09\/coperta-rosa-maglificio-di-verona-1-768x768.jpg 768w, https:\/\/www.fratinardi.it\/blog\/wp-content\/uploads\/2023\/09\/coperta-rosa-maglificio-di-verona-1-640x640.jpg 640w, https:\/\/www.fratinardi.it\/blog\/wp-content\/uploads\/2023\/09\/coperta-rosa-maglificio-di-verona-1.jpg 1200w\" sizes=\"(max-width: 584px) 100vw, 584px\" \/><\/a><\/p>\n<h3><strong>\u00a0<\/strong><\/h3>\n<h3><strong>Consiglio numero 2: le tutine non sono mai abbastanza!<\/strong><\/h3>\n<p>&nbsp;<\/p>\n<p>E no, non perch\u00e9 i vostri neonati siano gi\u00e0 fashion addicted ma per puro <strong>senso pratico<\/strong>: i beb\u00e8 tendono a sporcarsi spesso. Rigurgitano, si sbavano e\u2026 beh, non vogliamo scendere in particolari. Sappiate solo che ne avrete bisogno cos\u00ec da non trovarvi mai impreparati!<\/p>\n<p>La vera domanda \u00e8: come sceglierle? Ne esistono di vari tipi: tutine intere, spezzati (maglia e pantalone), tutine senza piedi, aperte dietro, avanti, sotto, senza colletto, con colletto\u2026 Si potrebbe andare avanti all\u2019infinito!<\/p>\n<p>Non esiste un solo criterio di scelta, se non il <strong>valutare<\/strong> come ci si trova pi\u00f9 comodi nel cambiarlo e quale preferisce il bambino (i suoi pianti ve lo faranno capire, non preoccupatevi). L\u2019importante \u00e8 scegliere <strong>tessuti caldi e naturali<\/strong>, soprattutto se il bambino nasce in pieno inverno, come lana e caldo cotone.<\/p>\n<p>Nella nostra decennale esperienza, sentiamo di dovervi consigliare questi modelli:<\/p>\n<p>La tutina senza piedi <strong>Maglificio di Verona \u00e8 perfetta<\/strong> da abbinare a delle scarpine nascita per tenere a caldo i piedini! Entrambi realizzati in <strong>lana vergine<\/strong>,\u00a0 sono perfetti per affrontare il freddo invernale e donare tenerezza al vostro batuffolo di amore! Ve la mostriamo in panna, ma sono disponibili anche altri colori.<\/p>\n<p><a href=\"https:\/\/www.fratinardi.it\/it\/maglificio-di-verona-tutina-lana-neonato-2023-049321l550latte.html\"><img loading=\"lazy\" decoding=\"async\" class=\"aligncenter size-large wp-image-11276\" src=\"https:\/\/www.fratinardi.it\/blog\/wp-content\/uploads\/2023\/09\/tutina-panna-maglificio-di-verona-1-1024x1024.jpg\" alt=\"tutina panna senza piedi Maglificio di Verona\" width=\"584\" height=\"584\" srcset=\"https:\/\/www.fratinardi.it\/blog\/wp-content\/uploads\/2023\/09\/tutina-panna-maglificio-di-verona-1-1024x1024.jpg 1024w, https:\/\/www.fratinardi.it\/blog\/wp-content\/uploads\/2023\/09\/tutina-panna-maglificio-di-verona-1-150x150.jpg 150w, https:\/\/www.fratinardi.it\/blog\/wp-content\/uploads\/2023\/09\/tutina-panna-maglificio-di-verona-1-300x300.jpg 300w, https:\/\/www.fratinardi.it\/blog\/wp-content\/uploads\/2023\/09\/tutina-panna-maglificio-di-verona-1-768x768.jpg 768w, https:\/\/www.fratinardi.it\/blog\/wp-content\/uploads\/2023\/09\/tutina-panna-maglificio-di-verona-1-640x640.jpg 640w, https:\/\/www.fratinardi.it\/blog\/wp-content\/uploads\/2023\/09\/tutina-panna-maglificio-di-verona-1.jpg 1200w\" sizes=\"(max-width: 584px) 100vw, 584px\" \/><\/a><\/p>\n<p>&nbsp;<\/p>\n<p>La <strong>tutina intera <a href=\"https:\/\/www.fratinardi.it\/it\/brands\/abbigliamento\/nanan.html\">Nanan<\/a><\/strong>,\u00a0invece, \u00e8 realizzata in cotone. Sono disponibili con o senza colletto a seconda delle preferenze vostre e del bambino!<\/p>\n<p><a href=\"https:\/\/www.fratinardi.it\/it\/nanan-tutina-neonato-cotone-check-2023-24-i2348intpanna.html\"><img loading=\"lazy\" decoding=\"async\" class=\"aligncenter size-large wp-image-11275\" src=\"https:\/\/www.fratinardi.it\/blog\/wp-content\/uploads\/2023\/09\/tutina-nanan-panna-e-a-scacchi-bianchi-e-neri-1-1024x1024.jpg\" alt=\"tutina nanan panna e a scacchi bianchi e neri\" width=\"584\" height=\"584\" srcset=\"https:\/\/www.fratinardi.it\/blog\/wp-content\/uploads\/2023\/09\/tutina-nanan-panna-e-a-scacchi-bianchi-e-neri-1-1024x1024.jpg 1024w, https:\/\/www.fratinardi.it\/blog\/wp-content\/uploads\/2023\/09\/tutina-nanan-panna-e-a-scacchi-bianchi-e-neri-1-150x150.jpg 150w, https:\/\/www.fratinardi.it\/blog\/wp-content\/uploads\/2023\/09\/tutina-nanan-panna-e-a-scacchi-bianchi-e-neri-1-300x300.jpg 300w, https:\/\/www.fratinardi.it\/blog\/wp-content\/uploads\/2023\/09\/tutina-nanan-panna-e-a-scacchi-bianchi-e-neri-1-768x768.jpg 768w, https:\/\/www.fratinardi.it\/blog\/wp-content\/uploads\/2023\/09\/tutina-nanan-panna-e-a-scacchi-bianchi-e-neri-1-640x640.jpg 640w, https:\/\/www.fratinardi.it\/blog\/wp-content\/uploads\/2023\/09\/tutina-nanan-panna-e-a-scacchi-bianchi-e-neri-1.jpg 1200w\" sizes=\"(max-width: 584px) 100vw, 584px\" \/><\/a><\/p>\n<p>&nbsp;<\/p>\n<p><a href=\"https:\/\/www.fratinardi.it\/it\/nanan-tutina-neonato-cotone-righe-2023-24-i23507red.html\"><img loading=\"lazy\" decoding=\"async\" class=\"aligncenter size-large wp-image-11279\" src=\"https:\/\/www.fratinardi.it\/blog\/wp-content\/uploads\/2023\/09\/tutina-nanan-rossa-con-righe-gialle-1-1024x1024.jpg\" alt=\" tutina rossa in cotone Nanan con colletto\" width=\"584\" height=\"584\" srcset=\"https:\/\/www.fratinardi.it\/blog\/wp-content\/uploads\/2023\/09\/tutina-nanan-rossa-con-righe-gialle-1-1024x1024.jpg 1024w, https:\/\/www.fratinardi.it\/blog\/wp-content\/uploads\/2023\/09\/tutina-nanan-rossa-con-righe-gialle-1-150x150.jpg 150w, https:\/\/www.fratinardi.it\/blog\/wp-content\/uploads\/2023\/09\/tutina-nanan-rossa-con-righe-gialle-1-300x300.jpg 300w, https:\/\/www.fratinardi.it\/blog\/wp-content\/uploads\/2023\/09\/tutina-nanan-rossa-con-righe-gialle-1-768x768.jpg 768w, https:\/\/www.fratinardi.it\/blog\/wp-content\/uploads\/2023\/09\/tutina-nanan-rossa-con-righe-gialle-1-640x640.jpg 640w, https:\/\/www.fratinardi.it\/blog\/wp-content\/uploads\/2023\/09\/tutina-nanan-rossa-con-righe-gialle-1.jpg 1200w\" sizes=\"(max-width: 584px) 100vw, 584px\" \/><\/a><\/p>\n<p><strong>Per chi preferisce lo spezzato<\/strong>, abbiamo selezionato alcuni capi di Maglificio di Verona, sempre in lana vergine, da abbinare alle nostre scarpine nascita della stessa collezione!<\/p>\n<p><a href=\"https:\/\/www.fratinardi.it\/it\/maglificio-di-verona-maglioncino-lana-neonato-2023-049333l576beige.html\"><img loading=\"lazy\" decoding=\"async\" class=\"aligncenter size-large wp-image-11274\" src=\"https:\/\/www.fratinardi.it\/blog\/wp-content\/uploads\/2023\/09\/spezzato-maglia-maglificio-di-verona-con-pecorelle-1-1024x1024.jpg\" alt=\"maglioncino maglificio di Verona\" width=\"584\" height=\"584\" srcset=\"https:\/\/www.fratinardi.it\/blog\/wp-content\/uploads\/2023\/09\/spezzato-maglia-maglificio-di-verona-con-pecorelle-1-1024x1024.jpg 1024w, https:\/\/www.fratinardi.it\/blog\/wp-content\/uploads\/2023\/09\/spezzato-maglia-maglificio-di-verona-con-pecorelle-1-150x150.jpg 150w, https:\/\/www.fratinardi.it\/blog\/wp-content\/uploads\/2023\/09\/spezzato-maglia-maglificio-di-verona-con-pecorelle-1-300x300.jpg 300w, https:\/\/www.fratinardi.it\/blog\/wp-content\/uploads\/2023\/09\/spezzato-maglia-maglificio-di-verona-con-pecorelle-1-768x768.jpg 768w, https:\/\/www.fratinardi.it\/blog\/wp-content\/uploads\/2023\/09\/spezzato-maglia-maglificio-di-verona-con-pecorelle-1-640x640.jpg 640w, https:\/\/www.fratinardi.it\/blog\/wp-content\/uploads\/2023\/09\/spezzato-maglia-maglificio-di-verona-con-pecorelle-1.jpg 1200w\" sizes=\"(max-width: 584px) 100vw, 584px\" \/><\/a><\/p>\n<p>&nbsp;<\/p>\n<p><a href=\"https:\/\/www.fratinardi.it\/it\/maglificio-di-verona-pantaloni-lana-neonato-2023-049302l558beige.html\"><img loading=\"lazy\" decoding=\"async\" class=\"aligncenter size-large wp-image-11273\" src=\"https:\/\/www.fratinardi.it\/blog\/wp-content\/uploads\/2023\/09\/spezzato-pantalone-maglificio-di-verona-1-1024x1024.jpg\" alt=\"pantalone maglificio di Verona\" width=\"584\" height=\"584\" srcset=\"https:\/\/www.fratinardi.it\/blog\/wp-content\/uploads\/2023\/09\/spezzato-pantalone-maglificio-di-verona-1-1024x1024.jpg 1024w, https:\/\/www.fratinardi.it\/blog\/wp-content\/uploads\/2023\/09\/spezzato-pantalone-maglificio-di-verona-1-150x150.jpg 150w, https:\/\/www.fratinardi.it\/blog\/wp-content\/uploads\/2023\/09\/spezzato-pantalone-maglificio-di-verona-1-300x300.jpg 300w, https:\/\/www.fratinardi.it\/blog\/wp-content\/uploads\/2023\/09\/spezzato-pantalone-maglificio-di-verona-1-768x768.jpg 768w, https:\/\/www.fratinardi.it\/blog\/wp-content\/uploads\/2023\/09\/spezzato-pantalone-maglificio-di-verona-1-640x640.jpg 640w, https:\/\/www.fratinardi.it\/blog\/wp-content\/uploads\/2023\/09\/spezzato-pantalone-maglificio-di-verona-1.jpg 1200w\" sizes=\"(max-width: 584px) 100vw, 584px\" \/><\/a><\/p>\n<p><a href=\"https:\/\/www.fratinardi.it\/it\/maglificio-di-verona-scarpine-nascita-cashmere-2023-24-048616l558beige.html\"><img loading=\"lazy\" decoding=\"async\" class=\"aligncenter size-large wp-image-11272\" src=\"https:\/\/www.fratinardi.it\/blog\/wp-content\/uploads\/2023\/09\/scarpine-nascita-maglificio-di-verona-1-1024x1024.jpg\" alt=\"scarpine nascita Maglificio di Verona\" width=\"584\" height=\"584\" srcset=\"https:\/\/www.fratinardi.it\/blog\/wp-content\/uploads\/2023\/09\/scarpine-nascita-maglificio-di-verona-1-1024x1024.jpg 1024w, https:\/\/www.fratinardi.it\/blog\/wp-content\/uploads\/2023\/09\/scarpine-nascita-maglificio-di-verona-1-150x150.jpg 150w, https:\/\/www.fratinardi.it\/blog\/wp-content\/uploads\/2023\/09\/scarpine-nascita-maglificio-di-verona-1-300x300.jpg 300w, https:\/\/www.fratinardi.it\/blog\/wp-content\/uploads\/2023\/09\/scarpine-nascita-maglificio-di-verona-1-768x768.jpg 768w, https:\/\/www.fratinardi.it\/blog\/wp-content\/uploads\/2023\/09\/scarpine-nascita-maglificio-di-verona-1-640x640.jpg 640w, https:\/\/www.fratinardi.it\/blog\/wp-content\/uploads\/2023\/09\/scarpine-nascita-maglificio-di-verona-1.jpg 1200w\" sizes=\"(max-width: 584px) 100vw, 584px\" \/><\/a><\/p>\n<h3><strong>Consiglio numero 3: il body per tenere fermo il pannolino<\/strong><\/h3>\n<p>&nbsp;<\/p>\n<p>I bimbi si muovono tanto e i loro piccoli scatti rischiano di far spostare il pannolino! L\u2019ideale per tenerlo fermo \u00e8 sicuramente quello di <strong>utilizzare un body<\/strong>.<\/p>\n<p>&nbsp;<\/p>\n<p>Sempre in <strong>materiali naturali<\/strong>, nelle stagioni pi\u00f9 fredde ve lo consigliamo in caldo cotone e a maniche lunghe, come questo di <a href=\"https:\/\/www.fratinardi.it\/it\/catalogsearch\/result\/?q=kioki\"><strong>Kioki<\/strong><\/a>.<\/p>\n<p><a href=\"https:\/\/www.fratinardi.it\/it\/kioki-body-neonato-2023-215kverde.html\"><img loading=\"lazy\" decoding=\"async\" class=\"aligncenter size-full wp-image-11283\" src=\"https:\/\/www.fratinardi.it\/blog\/wp-content\/uploads\/2023\/09\/body-bianco-2.jpeg\" alt=\"body kioki\" width=\"768\" height=\"768\" srcset=\"https:\/\/www.fratinardi.it\/blog\/wp-content\/uploads\/2023\/09\/body-bianco-2.jpeg 768w, https:\/\/www.fratinardi.it\/blog\/wp-content\/uploads\/2023\/09\/body-bianco-2-150x150.jpeg 150w, https:\/\/www.fratinardi.it\/blog\/wp-content\/uploads\/2023\/09\/body-bianco-2-300x300.jpeg 300w, https:\/\/www.fratinardi.it\/blog\/wp-content\/uploads\/2023\/09\/body-bianco-2-640x640.jpeg 640w\" sizes=\"(max-width: 768px) 100vw, 768px\" \/><\/a><\/p>\n<p>&nbsp;<\/p>\n<h3><strong>Consiglio numero 4: il bavaglino<\/strong><\/h3>\n<p>&nbsp;<\/p>\n<p><strong>Elemento fondamentale<\/strong> nel corredino nascita, servono a prevenire eventuali macchie sui loro bei vestitini. \u00c8 probabile, infatti, che il bambino rigurgiti il latte dopo aver mangiato e cos\u00ec sar\u00e0 pi\u00f9 facile e immediato pulire li e i suoi abitini.<\/p>\n<p>&nbsp;<\/p>\n<p>Per voi abbiamo selezionato i bavaglini della linea <a href=\"https:\/\/www.fratinardi.it\/it\/brands\/abbigliamento\/coccode.html\"><strong>Coccod\u00e8<\/strong><\/a>, realizzati in <strong>cotone<\/strong> con chiusura a bottone.<\/p>\n<p><a href=\"https:\/\/www.fratinardi.it\/it\/coccode-bavaglino-cotone-neonato-2023-c57601biasab.html\"><img loading=\"lazy\" decoding=\"async\" class=\"aligncenter size-large wp-image-11270\" src=\"https:\/\/www.fratinardi.it\/blog\/wp-content\/uploads\/2023\/09\/bavaglino-neonato-coccode\u0300-1-1024x1024.jpg\" alt=\"bavaglino coccod\u00e8\" width=\"584\" height=\"584\" srcset=\"https:\/\/www.fratinardi.it\/blog\/wp-content\/uploads\/2023\/09\/bavaglino-neonato-coccode\u0300-1-1024x1024.jpg 1024w, https:\/\/www.fratinardi.it\/blog\/wp-content\/uploads\/2023\/09\/bavaglino-neonato-coccode\u0300-1-150x150.jpg 150w, https:\/\/www.fratinardi.it\/blog\/wp-content\/uploads\/2023\/09\/bavaglino-neonato-coccode\u0300-1-300x300.jpg 300w, https:\/\/www.fratinardi.it\/blog\/wp-content\/uploads\/2023\/09\/bavaglino-neonato-coccode\u0300-1-768x768.jpg 768w, https:\/\/www.fratinardi.it\/blog\/wp-content\/uploads\/2023\/09\/bavaglino-neonato-coccode\u0300-1-640x640.jpg 640w, https:\/\/www.fratinardi.it\/blog\/wp-content\/uploads\/2023\/09\/bavaglino-neonato-coccode\u0300-1.jpg 1200w\" sizes=\"(max-width: 584px) 100vw, 584px\" \/><\/a><\/p>\n<p>&nbsp;<\/p>\n<p>E Nanan, con le sue simpatiche stampe!<\/p>\n<p><a href=\"https:\/\/www.fratinardi.it\/it\/nanan-bavaglino-cotone-neonato-2022-23-i22030bei.html\"><img loading=\"lazy\" decoding=\"async\" class=\"aligncenter size-large wp-image-11269\" src=\"https:\/\/www.fratinardi.it\/blog\/wp-content\/uploads\/2023\/09\/bavaglino-nanan-1-1024x1024.jpg\" alt=\"bavaglino Nanan\" width=\"584\" height=\"584\" srcset=\"https:\/\/www.fratinardi.it\/blog\/wp-content\/uploads\/2023\/09\/bavaglino-nanan-1-1024x1024.jpg 1024w, https:\/\/www.fratinardi.it\/blog\/wp-content\/uploads\/2023\/09\/bavaglino-nanan-1-150x150.jpg 150w, https:\/\/www.fratinardi.it\/blog\/wp-content\/uploads\/2023\/09\/bavaglino-nanan-1-300x300.jpg 300w, https:\/\/www.fratinardi.it\/blog\/wp-content\/uploads\/2023\/09\/bavaglino-nanan-1-768x768.jpg 768w, https:\/\/www.fratinardi.it\/blog\/wp-content\/uploads\/2023\/09\/bavaglino-nanan-1-640x640.jpg 640w, https:\/\/www.fratinardi.it\/blog\/wp-content\/uploads\/2023\/09\/bavaglino-nanan-1.jpg 1200w\" sizes=\"(max-width: 584px) 100vw, 584px\" \/><\/a><\/p>\n<p>&nbsp;<\/p>\n<h3><strong>Consiglio numero 5: il cappellino<\/strong><\/h3>\n<p>&nbsp;<\/p>\n<p><strong>Per proteggere la fronte e le orecchie dai colpi d\u2019aria durante i mesi invernali<\/strong>, l\u2019ideale \u00e8 senza dubbio un bel cappellino! Non stringe la testolina del beb\u00e8, ancora morbida dopo la nascita, e lo tiene al caldo durante le prime uscite.<\/p>\n<p>&nbsp;<\/p>\n<p><strong>Nanan e Maglificio di Verona<\/strong> ne hanno creati di carinissimi, perfetti per le stagioni pi\u00f9 fredde.<\/p>\n<p><a href=\"https:\/\/www.fratinardi.it\/it\/nanan-cappello-cotone-neonato-p-e-2023-e23532rosa.html\"><img loading=\"lazy\" decoding=\"async\" class=\"aligncenter size-large wp-image-11267\" src=\"https:\/\/www.fratinardi.it\/blog\/wp-content\/uploads\/2023\/09\/cappello-neonato-nanan-1-1024x1024.jpg\" alt=\"cappello Nanan\" width=\"584\" height=\"584\" srcset=\"https:\/\/www.fratinardi.it\/blog\/wp-content\/uploads\/2023\/09\/cappello-neonato-nanan-1-1024x1024.jpg 1024w, https:\/\/www.fratinardi.it\/blog\/wp-content\/uploads\/2023\/09\/cappello-neonato-nanan-1-150x150.jpg 150w, https:\/\/www.fratinardi.it\/blog\/wp-content\/uploads\/2023\/09\/cappello-neonato-nanan-1-300x300.jpg 300w, https:\/\/www.fratinardi.it\/blog\/wp-content\/uploads\/2023\/09\/cappello-neonato-nanan-1-768x768.jpg 768w, https:\/\/www.fratinardi.it\/blog\/wp-content\/uploads\/2023\/09\/cappello-neonato-nanan-1-640x640.jpg 640w, https:\/\/www.fratinardi.it\/blog\/wp-content\/uploads\/2023\/09\/cappello-neonato-nanan-1.jpg 1181w\" sizes=\"(max-width: 584px) 100vw, 584px\" \/><\/a><\/p>\n<p>&nbsp;<\/p>\n<h2><a href=\"https:\/\/www.fratinardi.it\/it\/maglificio-di-verona-cappello-cashmere-2023-24-049358d587latte.html\"><img loading=\"lazy\" decoding=\"async\" class=\"aligncenter size-large wp-image-11268\" src=\"https:\/\/www.fratinardi.it\/blog\/wp-content\/uploads\/2023\/09\/cappellino-neonato-maglificio-di-verona-1-1024x1024.jpg\" alt=\"cappello maglificio di Verona\" width=\"584\" height=\"584\" srcset=\"https:\/\/www.fratinardi.it\/blog\/wp-content\/uploads\/2023\/09\/cappellino-neonato-maglificio-di-verona-1-1024x1024.jpg 1024w, https:\/\/www.fratinardi.it\/blog\/wp-content\/uploads\/2023\/09\/cappellino-neonato-maglificio-di-verona-1-150x150.jpg 150w, https:\/\/www.fratinardi.it\/blog\/wp-content\/uploads\/2023\/09\/cappellino-neonato-maglificio-di-verona-1-300x300.jpg 300w, https:\/\/www.fratinardi.it\/blog\/wp-content\/uploads\/2023\/09\/cappellino-neonato-maglificio-di-verona-1-768x768.jpg 768w, https:\/\/www.fratinardi.it\/blog\/wp-content\/uploads\/2023\/09\/cappellino-neonato-maglificio-di-verona-1-640x640.jpg 640w, https:\/\/www.fratinardi.it\/blog\/wp-content\/uploads\/2023\/09\/cappellino-neonato-maglificio-di-verona-1.jpg 1200w\" sizes=\"(max-width: 584px) 100vw, 584px\" \/><\/a><strong>Conclusione<\/strong><\/h2>\n<p>&nbsp;<\/p>\n<p>Che il bambino sia il vostro o stiate cercando il regalo perfetto, un corredino \u00e8 un regalo sempre gradito e con questa mini-guida non potrete sicuramente sbagliare nella scelta degli acquisti!<\/p>\n<p>&nbsp;<\/p>\n<p>Per altri modelli e tanto altro ancora per il vostro bambino, vi aspettiamo nei nostri <strong>store a Battipaglia<\/strong> (Salerno) e on line su <strong>Fratinardi.it<\/strong>!<\/p>\n","protected":false},"excerpt":{"rendered":"<p>5 must have per preparare il corredino perfetto per il vostro beb\u00e8 &nbsp; Non c\u2019\u00e8 nulla di pi\u00f9 tenero per una mamma in dolce attesa di comprare i primi vestitini per il bimbo in arrivo: girare per i negozi, scegliere &hellip; <a href=\"https:\/\/www.fratinardi.it\/blog\/5-must-have-per-preparare-il-corredino-perfetto-per-il-vostro-bebe\/\">Continue reading <span class=\"meta-nav\">&rarr;<\/span><\/a><\/p>\n","protected":false},"author":2,"featured_media":11285,"comment_status":"open","ping_status":"open","sticky":false,"template":"","format":"standard","meta":{"footnotes":""},"categories":[3,5],"tags":[801,800,1557],"_links":{"self":[{"href":"https:\/\/www.fratinardi.it\/blog\/wp-json\/wp\/v2\/posts\/11264"}],"collection":[{"href":"https:\/\/www.fratinardi.it\/blog\/wp-json\/wp\/v2\/posts"}],"about":[{"href":"https:\/\/www.fratinardi.it\/blog\/wp-json\/wp\/v2\/types\/post"}],"author":[{"embeddable":true,"href":"https:\/\/www.fratinardi.it\/blog\/wp-json\/wp\/v2\/users\/2"}],"replies":[{"embeddable":true,"href":"https:\/\/www.fratinardi.it\/blog\/wp-json\/wp\/v2\/comments?post=11264"}],"version-history":[{"count":6,"href":"https:\/\/www.fratinardi.it\/blog\/wp-json\/wp\/v2\/posts\/11264\/revisions"}],"predecessor-version":[{"id":11295,"href":"https:\/\/www.fratinardi.it\/blog\/wp-json\/wp\/v2\/posts\/11264\/revisions\/11295"}],"wp:featuredmedia":[{"embeddable":true,"href":"https:\/\/www.fratinardi.it\/blog\/wp-json\/wp\/v2\/media\/11285"}],"wp:attachment":[{"href":"https:\/\/www.fratinardi.it\/blog\/wp-json\/wp\/v2\/media?parent=11264"}],"wp:term":[{"taxonomy":"category","embeddable":true,"href":"https:\/\/www.fratinardi.it\/blog\/wp-json\/wp\/v2\/categories?post=11264"},{"taxonomy":"post_tag","embeddable":true,"href":"https:\/\/www.fratinardi.it\/blog\/wp-json\/wp\/v2\/tags?post=11264"}],"curies":[{"name":"wp","href":"https:\/\/api.w.org\/{rel}","templated":true}]}}