{"id":11147,"date":"2023-08-16T14:34:32","date_gmt":"2023-08-16T12:34:32","guid":{"rendered":"https:\/\/www.fratinardi.it\/blog\/?p=11147"},"modified":"2023-08-16T14:34:32","modified_gmt":"2023-08-16T12:34:32","slug":"calzature-in-corda-il-trend-estivo-2023-e-come-abbinarli","status":"publish","type":"post","link":"https:\/\/www.fratinardi.it\/blog\/calzature-in-corda-il-trend-estivo-2023-e-come-abbinarli\/","title":{"rendered":"Calzature in Corda: Il Trend Estivo della Collezione Primavera-Estate 2023 e come abbinarli"},"content":{"rendered":"<p><img loading=\"lazy\" decoding=\"async\" class=\"size-full wp-image-11159 aligncenter\" src=\"https:\/\/www.fratinardi.it\/blog\/wp-content\/uploads\/2023\/08\/Immagine-blog-copertina-trend-cord.jpg\" alt=\"Immagine-blog-copertina-trend-cord\" width=\"721\" height=\"411\" srcset=\"https:\/\/www.fratinardi.it\/blog\/wp-content\/uploads\/2023\/08\/Immagine-blog-copertina-trend-cord.jpg 721w, https:\/\/www.fratinardi.it\/blog\/wp-content\/uploads\/2023\/08\/Immagine-blog-copertina-trend-cord-300x171.jpg 300w, https:\/\/www.fratinardi.it\/blog\/wp-content\/uploads\/2023\/08\/Immagine-blog-copertina-trend-cord-640x365.jpg 640w, https:\/\/www.fratinardi.it\/blog\/wp-content\/uploads\/2023\/08\/Immagine-blog-copertina-trend-cord-500x285.jpg 500w\" sizes=\"(max-width: 721px) 100vw, 721px\" \/><\/p>\n<h1>Con l&#8217;arrivo della stagione primavera-estate 2023, le passerelle di moda si sono illuminate di colori vivaci e texture accattivanti. Uno dei trend pi\u00f9 interessanti e in voga di quest&#8217;anno sono le calzature realizzate con fondi in corda.<\/h1>\n<p>Questo materiale versatile ed eco-friendly sta conquistando gli armadi di uomini e donne, offrendo un tocco naturale e rilassato ad ogni outfit. In questo articolo, esploreremo il fascino delle calzature in corda della <a href=\"https:\/\/www.fratinardi.it\/it\/collezione-primavera-estate-2023.html\" target=\"_blank\" rel=\"noopener\"><strong>collezione primavera-estate 2023<\/strong><\/a> e daremo alcuni preziosi consigli su come abbinarle con stile.<\/p>\n<h1>Calzature in corda: un fascino sempre di tendenza<\/h1>\n<p>Le calzature in corda incarnano perfettamente lo spirito estivo e informale che caratterizza la stagione primavera-estate. Realizzate con materiali naturali come la juta o altre fibre intrecciate, queste scarpe offrono un aspetto boho-chic che si adatta perfettamente a una vasta gamma di stili. Dalle espadrillas alle zeppe, dalle sneakers ai sandali, le opzioni sono infinite. La corda conferisce un tocco rustico e autentico alle calzature, creando un contrasto affascinante con tessuti leggeri e colori vivaci.<\/p>\n<p><img loading=\"lazy\" decoding=\"async\" class=\"aligncenter wp-image-11154 size-large\" src=\"https:\/\/www.fratinardi.it\/blog\/wp-content\/uploads\/2023\/08\/DSC_2738-1024x685.jpg\" alt=\"trend-corda-2023-fratinardi.it\" width=\"584\" height=\"391\" srcset=\"https:\/\/www.fratinardi.it\/blog\/wp-content\/uploads\/2023\/08\/DSC_2738-1024x685.jpg 1024w, https:\/\/www.fratinardi.it\/blog\/wp-content\/uploads\/2023\/08\/DSC_2738-300x201.jpg 300w, https:\/\/www.fratinardi.it\/blog\/wp-content\/uploads\/2023\/08\/DSC_2738-768x514.jpg 768w, https:\/\/www.fratinardi.it\/blog\/wp-content\/uploads\/2023\/08\/DSC_2738-640x428.jpg 640w, https:\/\/www.fratinardi.it\/blog\/wp-content\/uploads\/2023\/08\/DSC_2738-448x300.jpg 448w\" sizes=\"(max-width: 584px) 100vw, 584px\" \/><\/p>\n<h1>Calzature in corda: in estate non possono mancare le Espadrilles<\/h1>\n<p>La <a href=\"https:\/\/www.fratinardi.it\/it\/collezione-primavera-estate-2023.html\" target=\"_blank\" rel=\"noopener\"><strong>collezione P-E 2023<\/strong><\/a> dei sandali <a href=\"https:\/\/www.fratinardi.it\/it\/brands\/scarpe\/espadrilles.html\" target=\"_blank\" rel=\"noopener\"><strong>Espadrilles<\/strong><\/a> celebra la tradizione intramontabile di questa iconica calzatura estiva. I sandali sono realizzati con maestria, combinando abilmente materiali naturali come juta, cotone e pelle. La caratteristica suola intrecciata in <em>juta<\/em>, che \u00e8 il cuore delle <strong>Espadrilles<\/strong>, \u00e8 stata reinterpretata in vari modi per offrire un mix di design classici e innovativi.<\/p>\n<p><img loading=\"lazy\" decoding=\"async\" class=\"aligncenter wp-image-11156 size-large\" src=\"https:\/\/www.fratinardi.it\/blog\/wp-content\/uploads\/2023\/08\/DSC_2748-1024x685.jpg\" alt=\"trend-corda-2023-fratinardi.it\" width=\"584\" height=\"391\" srcset=\"https:\/\/www.fratinardi.it\/blog\/wp-content\/uploads\/2023\/08\/DSC_2748-1024x685.jpg 1024w, https:\/\/www.fratinardi.it\/blog\/wp-content\/uploads\/2023\/08\/DSC_2748-300x201.jpg 300w, https:\/\/www.fratinardi.it\/blog\/wp-content\/uploads\/2023\/08\/DSC_2748-768x514.jpg 768w, https:\/\/www.fratinardi.it\/blog\/wp-content\/uploads\/2023\/08\/DSC_2748-640x428.jpg 640w, https:\/\/www.fratinardi.it\/blog\/wp-content\/uploads\/2023\/08\/DSC_2748-448x300.jpg 448w\" sizes=\"(max-width: 584px) 100vw, 584px\" \/><\/p>\n<p>Una delle caratteristiche pi\u00f9 affascinanti di questa collezione \u00e8 la sua versatilit\u00e0. I sandali <strong>Espadrilles<\/strong> si adattano perfettamente a una vasta gamma di occasioni, dal casual al pi\u00f9 elegante. Puoi indossarli con un abito leggero per una passeggiata al tramonto lungo la spiaggia, oppure abbinarli a un paio di <a href=\"https:\/\/www.fratinardi.it\/it\/donna\/abbigliamento\/pantaloni.html\" target=\"_blank\" rel=\"noopener\">jeans<\/a> e una <a href=\"https:\/\/www.fratinardi.it\/it\/donna\/abbigliamento\/camicie.html\" target=\"_blank\" rel=\"noopener\">camicia<\/a> per un look informale ma curato. Inoltre, la variet\u00e0 di modelli disponibili, dai <a href=\"https:\/\/www.fratinardi.it\/it\/donna\/scarpe\/sandali.html\" target=\"_blank\" rel=\"noopener\">sandali<\/a> con tacco a quelli flat, consente di trovare il paio perfetto per ogni stile personale. Che tu stia camminando per le strade della citt\u00e0 o ti stia godendo una giornata al mare, i sandali <strong>Espadrilles<\/strong> sono l&#8217;accessorio perfetto per completare il tuo look estivo.<\/p>\n<h1>Calzature in corda: ecco in estate un tronchetto Mou per un look fashion<\/h1>\n<p>La <strong>collezione P-E 2023<\/strong> di <strong>tronchetti <a href=\"https:\/\/www.fratinardi.it\/it\/brands\/scarpe\/mou.html\" target=\"_blank\" rel=\"noopener\">Mou<\/a><\/strong> in corda rappresenta un&#8217;evoluzione affascinante delle tendenze estive. Ogni <a href=\"https:\/\/www.fratinardi.it\/it\/donna\/scarpe\/tronchetti.html\" target=\"_blank\" rel=\"noopener\">tronchetto<\/a> \u00e8 realizzato con una sorprendente attenzione ai dettagli, con la corda intrecciata che gioca un ruolo centrale nella loro estetica. L&#8217;intreccio di corda non solo conferisce un tocco unico a ciascun paio, ma ne aumenta anche la durata, garantendo che questi tronchetti siano pronti ad affrontare qualsiasi avventura estiva.<\/p>\n<p><img loading=\"lazy\" decoding=\"async\" class=\"aligncenter wp-image-11157 size-large\" src=\"https:\/\/www.fratinardi.it\/blog\/wp-content\/uploads\/2023\/08\/DSC_2120-1024x685.jpg\" alt=\"\" width=\"584\" height=\"391\" srcset=\"https:\/\/www.fratinardi.it\/blog\/wp-content\/uploads\/2023\/08\/DSC_2120-1024x685.jpg 1024w, https:\/\/www.fratinardi.it\/blog\/wp-content\/uploads\/2023\/08\/DSC_2120-300x201.jpg 300w, https:\/\/www.fratinardi.it\/blog\/wp-content\/uploads\/2023\/08\/DSC_2120-768x514.jpg 768w, https:\/\/www.fratinardi.it\/blog\/wp-content\/uploads\/2023\/08\/DSC_2120-640x428.jpg 640w, https:\/\/www.fratinardi.it\/blog\/wp-content\/uploads\/2023\/08\/DSC_2120-448x300.jpg 448w\" sizes=\"(max-width: 584px) 100vw, 584px\" \/><\/p>\n<p>Ci\u00f2 che rende questa collezione di tronchetti <strong>Mou<\/strong> cos\u00ec irresistibile \u00e8 la sua versatilit\u00e0. Perfetti per il giorno o la sera, questi tronchetti si adattano facilmente a diverse occasioni. Abbinateli a un abito leggero e arioso per un look casual ma sofisticato da indossare durante una passeggiata pomeridiana in citt\u00e0. Oppure, scegliete di abbellirli con un abito elegante per una serata fuori, catturando gli sguardi ammirati di chi vi circonda.<\/p>\n<p><img loading=\"lazy\" decoding=\"async\" class=\"aligncenter wp-image-11158 size-large\" src=\"https:\/\/www.fratinardi.it\/blog\/wp-content\/uploads\/2023\/08\/DSC_2110-1024x685.jpg\" alt=\"\" width=\"584\" height=\"391\" srcset=\"https:\/\/www.fratinardi.it\/blog\/wp-content\/uploads\/2023\/08\/DSC_2110-1024x685.jpg 1024w, https:\/\/www.fratinardi.it\/blog\/wp-content\/uploads\/2023\/08\/DSC_2110-300x201.jpg 300w, https:\/\/www.fratinardi.it\/blog\/wp-content\/uploads\/2023\/08\/DSC_2110-768x514.jpg 768w, https:\/\/www.fratinardi.it\/blog\/wp-content\/uploads\/2023\/08\/DSC_2110-640x428.jpg 640w, https:\/\/www.fratinardi.it\/blog\/wp-content\/uploads\/2023\/08\/DSC_2110-448x300.jpg 448w\" sizes=\"(max-width: 584px) 100vw, 584px\" \/><\/p>\n<h1>Calzature in corda: per dare al tuo look un tocco ancora pi\u00f9 estivo<\/h1>\n<p>Che tu voglia indossare un paio di sandali oppure tronchetti glamour, in estate non potrai sbagliare se al piede metterai delle calzature in corda. Intrecci armoniosi e colori caldi per il tuo look che vuole seguire ogni passo della moda 2023. Un trend sempre in continua ricerca, quello della corda non passer\u00e0 mai di voga perch\u00e9 la sua versatilit\u00e0 ti permetter\u00e0 di essere perfetta in qualsiasi occasione.<\/p>\n<p>Noi ti aspettiamo su <a href=\"https:\/\/www.fratinardi.it\/it\/\" target=\"_blank\" rel=\"noopener\"><strong>Fratinardi.it<\/strong><\/a> per dare inizio al tuo shopping con calzature fino al -50% di sconto!<\/p>\n","protected":false},"excerpt":{"rendered":"<p>Con l&#8217;arrivo della stagione primavera-estate 2023, le passerelle di moda si sono illuminate di colori vivaci e texture accattivanti. Uno dei trend pi\u00f9 interessanti e in voga di quest&#8217;anno sono le calzature realizzate con fondi in corda. Questo materiale versatile &hellip; <a href=\"https:\/\/www.fratinardi.it\/blog\/calzature-in-corda-il-trend-estivo-2023-e-come-abbinarli\/\">Continue reading <span class=\"meta-nav\">&rarr;<\/span><\/a><\/p>\n","protected":false},"author":2,"featured_media":11159,"comment_status":"open","ping_status":"open","sticky":false,"template":"","format":"standard","meta":{"footnotes":""},"categories":[6,3],"tags":[1751,842,23,8,160,1638,1406,26,50,48,1318,1238,1750,1748],"_links":{"self":[{"href":"https:\/\/www.fratinardi.it\/blog\/wp-json\/wp\/v2\/posts\/11147"}],"collection":[{"href":"https:\/\/www.fratinardi.it\/blog\/wp-json\/wp\/v2\/posts"}],"about":[{"href":"https:\/\/www.fratinardi.it\/blog\/wp-json\/wp\/v2\/types\/post"}],"author":[{"embeddable":true,"href":"https:\/\/www.fratinardi.it\/blog\/wp-json\/wp\/v2\/users\/2"}],"replies":[{"embeddable":true,"href":"https:\/\/www.fratinardi.it\/blog\/wp-json\/wp\/v2\/comments?post=11147"}],"version-history":[{"count":3,"href":"https:\/\/www.fratinardi.it\/blog\/wp-json\/wp\/v2\/posts\/11147\/revisions"}],"predecessor-version":[{"id":11160,"href":"https:\/\/www.fratinardi.it\/blog\/wp-json\/wp\/v2\/posts\/11147\/revisions\/11160"}],"wp:featuredmedia":[{"embeddable":true,"href":"https:\/\/www.fratinardi.it\/blog\/wp-json\/wp\/v2\/media\/11159"}],"wp:attachment":[{"href":"https:\/\/www.fratinardi.it\/blog\/wp-json\/wp\/v2\/media?parent=11147"}],"wp:term":[{"taxonomy":"category","embeddable":true,"href":"https:\/\/www.fratinardi.it\/blog\/wp-json\/wp\/v2\/categories?post=11147"},{"taxonomy":"post_tag","embeddable":true,"href":"https:\/\/www.fratinardi.it\/blog\/wp-json\/wp\/v2\/tags?post=11147"}],"curies":[{"name":"wp","href":"https:\/\/api.w.org\/{rel}","templated":true}]}}