{"id":11079,"date":"2023-07-08T12:05:43","date_gmt":"2023-07-08T10:05:43","guid":{"rendered":"https:\/\/www.fratinardi.it\/blog\/?p=11079"},"modified":"2023-07-08T12:05:43","modified_gmt":"2023-07-08T10:05:43","slug":"i-colori-perfetti-per-gli-abiti-da-cerimonia-eleganza-e-stile-per-le-donne","status":"publish","type":"post","link":"https:\/\/www.fratinardi.it\/blog\/i-colori-perfetti-per-gli-abiti-da-cerimonia-eleganza-e-stile-per-le-donne\/","title":{"rendered":"I Colori Perfetti per gli Abiti da Cerimonia: Eleganza e Stile per le Donne"},"content":{"rendered":"<p><img loading=\"lazy\" decoding=\"async\" class=\"size-full wp-image-11087 aligncenter\" src=\"https:\/\/www.fratinardi.it\/blog\/wp-content\/uploads\/2023\/07\/Colore-Abiti-Cerimonia-2023-p-e-Fratinardi.it-4.jpg\" alt=\"\" width=\"721\" height=\"411\" srcset=\"https:\/\/www.fratinardi.it\/blog\/wp-content\/uploads\/2023\/07\/Colore-Abiti-Cerimonia-2023-p-e-Fratinardi.it-4.jpg 721w, https:\/\/www.fratinardi.it\/blog\/wp-content\/uploads\/2023\/07\/Colore-Abiti-Cerimonia-2023-p-e-Fratinardi.it-4-300x171.jpg 300w, https:\/\/www.fratinardi.it\/blog\/wp-content\/uploads\/2023\/07\/Colore-Abiti-Cerimonia-2023-p-e-Fratinardi.it-4-640x365.jpg 640w, https:\/\/www.fratinardi.it\/blog\/wp-content\/uploads\/2023\/07\/Colore-Abiti-Cerimonia-2023-p-e-Fratinardi.it-4-500x285.jpg 500w\" sizes=\"(max-width: 721px) 100vw, 721px\" \/><\/p>\n<h1>Le cerimonie di questa Primavera-Estate 2023 sono ormai arrivate ma ora ci dobbiamo preparare con i grandi eventi di settembre tra matrimoni, Prima Comunione e tanti altri durante i quale vorrete essere l&#8217;invitata perfetta.<\/h1>\n<p>Quando si tratta di scegliere un <a href=\"https:\/\/www.fratinardi.it\/it\/donna\/abbigliamento\/vestiti.html\" target=\"_blank\" rel=\"noopener\">abito<\/a> da cerimonia da indossare durante un matrimonio, il colore gioca un ruolo fondamentale. I matrimoni sono eventi speciali che richiedono un abbigliamento elegante e appropriato. Se sei una donna in cerca del look perfetto per un <a href=\"https:\/\/www.fratinardi.it\/it\/collezioni-cerimonia.html\" target=\"_blank\" rel=\"noopener\">matrimonio<\/a>, devi tenere conto di vari fattori, come la stagione, il tema del matrimonio e, naturalmente, il tuo stile personale. In questo articolo, esploreremo i colori perfetti e adeguati per gli abiti da cerimonia, in modo da poter sfoggiare un look impeccabile e sofisticato.<\/p>\n<h1>Colori perfetti per una Cerimonia: il romanticismo del rosa<\/h1>\n<p>Il rosa \u00e8 un colore versatile che pu\u00f2 essere adattato a diverse tonalit\u00e0 e intensit\u00e0 &#8211; Blugirl by <a href=\"https:\/\/www.fratinardi.it\/it\/brands\/abbigliamento\/blumarine.html\" target=\"_blank\" rel=\"noopener\">Blumarine<\/a> e <a href=\"https:\/\/www.fratinardi.it\/it\/brands\/abbigliamento\/fracomina.html\" target=\"_blank\" rel=\"noopener\">Fracomina<\/a> ce lo dimostrano. Il rosa pallido o il rosa cipria sono perfetti per matrimoni primaverili o estivi, mentre il rosa antico o il rosa pesca sono opzioni ideali per matrimoni autunnali. Il rosa dona un tocco di romanticismo e femminilit\u00e0 al tuo abito da cerimonia, e pu\u00f2 essere abbinato a dettagli come fiocchi, pizzi o fiori per esaltare ulteriormente il tuo outfit.<\/p>\n<p><img loading=\"lazy\" decoding=\"async\" class=\"aligncenter wp-image-11084 size-large\" src=\"https:\/\/www.fratinardi.it\/blog\/wp-content\/uploads\/2023\/07\/DSC_0158-685x1024.jpg\" alt=\"Colore- abito-cerimonia-2023-fratinardi\" width=\"584\" height=\"873\" srcset=\"https:\/\/www.fratinardi.it\/blog\/wp-content\/uploads\/2023\/07\/DSC_0158-685x1024.jpg 685w, https:\/\/www.fratinardi.it\/blog\/wp-content\/uploads\/2023\/07\/DSC_0158-201x300.jpg 201w, https:\/\/www.fratinardi.it\/blog\/wp-content\/uploads\/2023\/07\/DSC_0158-768x1147.jpg 768w, https:\/\/www.fratinardi.it\/blog\/wp-content\/uploads\/2023\/07\/DSC_0158-640x956.jpg 640w\" sizes=\"(max-width: 584px) 100vw, 584px\" \/><\/p>\n<p><img loading=\"lazy\" decoding=\"async\" class=\"aligncenter wp-image-11081 size-large\" src=\"https:\/\/www.fratinardi.it\/blog\/wp-content\/uploads\/2023\/07\/Colore-Abiti-Cerimonia-2023-p-e-Fratinardi.it_-685x1024.jpg\" alt=\"\" width=\"584\" height=\"873\" srcset=\"https:\/\/www.fratinardi.it\/blog\/wp-content\/uploads\/2023\/07\/Colore-Abiti-Cerimonia-2023-p-e-Fratinardi.it_-685x1024.jpg 685w, https:\/\/www.fratinardi.it\/blog\/wp-content\/uploads\/2023\/07\/Colore-Abiti-Cerimonia-2023-p-e-Fratinardi.it_-201x300.jpg 201w, https:\/\/www.fratinardi.it\/blog\/wp-content\/uploads\/2023\/07\/Colore-Abiti-Cerimonia-2023-p-e-Fratinardi.it_-768x1147.jpg 768w, https:\/\/www.fratinardi.it\/blog\/wp-content\/uploads\/2023\/07\/Colore-Abiti-Cerimonia-2023-p-e-Fratinardi.it_-640x956.jpg 640w\" sizes=\"(max-width: 584px) 100vw, 584px\" \/><\/p>\n<h1>Colori perfetti per una Cerimonia: l&#8217;eleganza intramontabile del fucsia<\/h1>\n<p>Il fucsia \u00e8 un colore fresco e deciso che si presta bene a diverse sfumature. Dal fucsia sfumato al fucsia acceso, puoi trovare la tonalit\u00e0 che meglio si adatta alla tua carnagione e al tema del matrimonio. Il fucsia \u00e8 particolarmente adatto per matrimoni estivi, ma pu\u00f2 essere indossato con stile in qualsiasi stagione. Per un look sofisticato, abbina il fucsia a tessuti leggeri e a linee pulite.<\/p>\n<p><img loading=\"lazy\" decoding=\"async\" class=\"aligncenter wp-image-11083 size-large\" src=\"https:\/\/www.fratinardi.it\/blog\/wp-content\/uploads\/2023\/07\/Colore-Abiti-Cerimonia-2023-p-e-Fratinardi.it-2-685x1024.jpg\" alt=\"\" width=\"584\" height=\"873\" srcset=\"https:\/\/www.fratinardi.it\/blog\/wp-content\/uploads\/2023\/07\/Colore-Abiti-Cerimonia-2023-p-e-Fratinardi.it-2-685x1024.jpg 685w, https:\/\/www.fratinardi.it\/blog\/wp-content\/uploads\/2023\/07\/Colore-Abiti-Cerimonia-2023-p-e-Fratinardi.it-2-201x300.jpg 201w, https:\/\/www.fratinardi.it\/blog\/wp-content\/uploads\/2023\/07\/Colore-Abiti-Cerimonia-2023-p-e-Fratinardi.it-2-768x1147.jpg 768w, https:\/\/www.fratinardi.it\/blog\/wp-content\/uploads\/2023\/07\/Colore-Abiti-Cerimonia-2023-p-e-Fratinardi.it-2-640x956.jpg 640w\" sizes=\"(max-width: 584px) 100vw, 584px\" \/><\/p>\n<h1>Colori perfetti per una Cerimonia: il fascino del verde<\/h1>\n<p>Il verde \u00e8 un colore ricco e affascinante che evoca un senso di lusso e opulenza. \u00c8 una scelta audace ma elegante per un abito da cerimonia. Questo colore si presta bene a matrimoni autunnali o invernali, ma pu\u00f2 essere indossato con stile anche in altre stagioni. Il verde pu\u00f2 essere abbinato a dettagli dorati o argentati &#8211; sfoglia la nostra <a href=\"https:\/\/www.fratinardi.it\/it\/donna\/scarpe\/sandali\/sandali-con-tacco.html\" target=\"_blank\" rel=\"noopener\">pagina dedicata alle calzature eleganti<\/a> &#8211; per aggiungere ulteriore splendore al tuo look.<\/p>\n<p><img loading=\"lazy\" decoding=\"async\" class=\"aligncenter wp-image-11085 size-large\" src=\"https:\/\/www.fratinardi.it\/blog\/wp-content\/uploads\/2023\/07\/Colore-Abiti-Cerimonia-2023-p-e-Fratinardi.it-3-685x1024.jpg\" alt=\"Colore-Abiti-Cerimonia-2023-p-e-Fratinardi.it-3\" width=\"584\" height=\"873\" srcset=\"https:\/\/www.fratinardi.it\/blog\/wp-content\/uploads\/2023\/07\/Colore-Abiti-Cerimonia-2023-p-e-Fratinardi.it-3-685x1024.jpg 685w, https:\/\/www.fratinardi.it\/blog\/wp-content\/uploads\/2023\/07\/Colore-Abiti-Cerimonia-2023-p-e-Fratinardi.it-3-201x300.jpg 201w, https:\/\/www.fratinardi.it\/blog\/wp-content\/uploads\/2023\/07\/Colore-Abiti-Cerimonia-2023-p-e-Fratinardi.it-3-768x1147.jpg 768w, https:\/\/www.fratinardi.it\/blog\/wp-content\/uploads\/2023\/07\/Colore-Abiti-Cerimonia-2023-p-e-Fratinardi.it-3-640x956.jpg 640w\" sizes=\"(max-width: 584px) 100vw, 584px\" \/><\/p>\n<p><img loading=\"lazy\" decoding=\"async\" class=\"aligncenter wp-image-11082 size-large\" src=\"https:\/\/www.fratinardi.it\/blog\/wp-content\/uploads\/2023\/07\/Colore-Abiti-Cerimonia-2023-p-e-Fratinardi.it-1-685x1024.jpg\" alt=\"\" width=\"584\" height=\"873\" srcset=\"https:\/\/www.fratinardi.it\/blog\/wp-content\/uploads\/2023\/07\/Colore-Abiti-Cerimonia-2023-p-e-Fratinardi.it-1-685x1024.jpg 685w, https:\/\/www.fratinardi.it\/blog\/wp-content\/uploads\/2023\/07\/Colore-Abiti-Cerimonia-2023-p-e-Fratinardi.it-1-201x300.jpg 201w, https:\/\/www.fratinardi.it\/blog\/wp-content\/uploads\/2023\/07\/Colore-Abiti-Cerimonia-2023-p-e-Fratinardi.it-1-768x1147.jpg 768w, https:\/\/www.fratinardi.it\/blog\/wp-content\/uploads\/2023\/07\/Colore-Abiti-Cerimonia-2023-p-e-Fratinardi.it-1-640x956.jpg 640w\" sizes=\"(max-width: 584px) 100vw, 584px\" \/><\/p>\n<p>La <strong>scelta del colore per il tuo abito da cerimonia<\/strong> \u00e8 fondamentale per creare un look elegante e adatto all&#8217;occasione. I colori classici come il nero e il rosa sono sempre una scelta sicura, mentre il rosso e il verde aggiungono un tocco di audacia e stile. Tuttavia, ricorda sempre di tenere conto della stagione e del tema del matrimonio per scegliere il colore appropriato. Sperimenta con diverse tonalit\u00e0 e trova quella che meglio si adatta alla tua personalit\u00e0 e al tuo stile.<em> Indossare il colore giusto ti far\u00e0 sentire sicura e radiante durante l&#8217;importante evento matrimoniale.<\/em><\/p>\n","protected":false},"excerpt":{"rendered":"<p>Le cerimonie di questa Primavera-Estate 2023 sono ormai arrivate ma ora ci dobbiamo preparare con i grandi eventi di settembre tra matrimoni, Prima Comunione e tanti altri durante i quale vorrete essere l&#8217;invitata perfetta. Quando si tratta di scegliere un &hellip; <a href=\"https:\/\/www.fratinardi.it\/blog\/i-colori-perfetti-per-gli-abiti-da-cerimonia-eleganza-e-stile-per-le-donne\/\">Continue reading <span class=\"meta-nav\">&rarr;<\/span><\/a><\/p>\n","protected":false},"author":2,"featured_media":11087,"comment_status":"open","ping_status":"open","sticky":false,"template":"","format":"standard","meta":{"footnotes":""},"categories":[3,5],"tags":[1472,104,1643,1729,1696,1536,880,1478,1681],"_links":{"self":[{"href":"https:\/\/www.fratinardi.it\/blog\/wp-json\/wp\/v2\/posts\/11079"}],"collection":[{"href":"https:\/\/www.fratinardi.it\/blog\/wp-json\/wp\/v2\/posts"}],"about":[{"href":"https:\/\/www.fratinardi.it\/blog\/wp-json\/wp\/v2\/types\/post"}],"author":[{"embeddable":true,"href":"https:\/\/www.fratinardi.it\/blog\/wp-json\/wp\/v2\/users\/2"}],"replies":[{"embeddable":true,"href":"https:\/\/www.fratinardi.it\/blog\/wp-json\/wp\/v2\/comments?post=11079"}],"version-history":[{"count":3,"href":"https:\/\/www.fratinardi.it\/blog\/wp-json\/wp\/v2\/posts\/11079\/revisions"}],"predecessor-version":[{"id":11088,"href":"https:\/\/www.fratinardi.it\/blog\/wp-json\/wp\/v2\/posts\/11079\/revisions\/11088"}],"wp:featuredmedia":[{"embeddable":true,"href":"https:\/\/www.fratinardi.it\/blog\/wp-json\/wp\/v2\/media\/11087"}],"wp:attachment":[{"href":"https:\/\/www.fratinardi.it\/blog\/wp-json\/wp\/v2\/media?parent=11079"}],"wp:term":[{"taxonomy":"category","embeddable":true,"href":"https:\/\/www.fratinardi.it\/blog\/wp-json\/wp\/v2\/categories?post=11079"},{"taxonomy":"post_tag","embeddable":true,"href":"https:\/\/www.fratinardi.it\/blog\/wp-json\/wp\/v2\/tags?post=11079"}],"curies":[{"name":"wp","href":"https:\/\/api.w.org\/{rel}","templated":true}]}}