{"id":11044,"date":"2023-06-20T17:23:43","date_gmt":"2023-06-20T15:23:43","guid":{"rendered":"https:\/\/www.fratinardi.it\/blog\/?p=11044"},"modified":"2023-06-20T17:23:43","modified_gmt":"2023-06-20T15:23:43","slug":"p-e-2023-infradito-da-mare-ipanema-confort-e-stile-per-tutte-le-occasioni-estive","status":"publish","type":"post","link":"https:\/\/www.fratinardi.it\/blog\/p-e-2023-infradito-da-mare-ipanema-confort-e-stile-per-tutte-le-occasioni-estive\/","title":{"rendered":"Nuova Collezione 2023 Infradito da Mare Ipanema: Confort e Stile per Tutte le Occasioni Estive"},"content":{"rendered":"<p><img loading=\"lazy\" decoding=\"async\" class=\"size-full wp-image-11053 aligncenter\" src=\"https:\/\/www.fratinardi.it\/blog\/wp-content\/uploads\/2023\/06\/Infradito-Ipanema-nuova-collezione-2023-Fratinardi.it-7.jpg\" alt=\"Infradito-Ipanema-nuova-collezione-2023-Fratinardi.it-7\" width=\"721\" height=\"411\" srcset=\"https:\/\/www.fratinardi.it\/blog\/wp-content\/uploads\/2023\/06\/Infradito-Ipanema-nuova-collezione-2023-Fratinardi.it-7.jpg 721w, https:\/\/www.fratinardi.it\/blog\/wp-content\/uploads\/2023\/06\/Infradito-Ipanema-nuova-collezione-2023-Fratinardi.it-7-300x171.jpg 300w, https:\/\/www.fratinardi.it\/blog\/wp-content\/uploads\/2023\/06\/Infradito-Ipanema-nuova-collezione-2023-Fratinardi.it-7-640x365.jpg 640w, https:\/\/www.fratinardi.it\/blog\/wp-content\/uploads\/2023\/06\/Infradito-Ipanema-nuova-collezione-2023-Fratinardi.it-7-500x285.jpg 500w\" sizes=\"(max-width: 721px) 100vw, 721px\" \/><\/p>\n<h1>Benvenuti nel mondo della moda estiva con la nuova collezione P-E 2023 di infradito da mare Ipanema. Questa celebre marca brasiliana unisce comfort e stile in un connubio perfetto, offrendo calzature ideali per ogni occasione sotto il sole.<\/h1>\n<h2>Scopriamo insieme le ultime tendenze e i motivi per cui le infradito Ipanema sono le scelte perfette per le tue avventure estive.<\/h2>\n<p>La collezione P-E 2023 di infradito da mare <strong>Ipanema<\/strong> si distingue per il suo design moderno e la sua qualit\u00e0 senza compromessi. Con materiali pregiati e una lavorazione meticolosa, queste infradito garantiscono un comfort superiore per tutto il giorno. <a href=\"https:\/\/www.fratinardi.it\/it\/brands\/new-talents\/ipanema.html\" target=\"_blank\" rel=\"noopener\"><strong>Ipanema<\/strong><\/a> ha creato una vasta gamma di modelli, adatti a uomini, donne e bambini, per consentire a tutti di esprimere il proprio stile personale.<\/p>\n<p><img loading=\"lazy\" decoding=\"async\" class=\"aligncenter wp-image-11051 size-large\" src=\"https:\/\/www.fratinardi.it\/blog\/wp-content\/uploads\/2023\/06\/Infradito-Ipanema-nuova-collezione-2023-Fratinardi.it_-1024x685.jpg\" alt=\"\" width=\"584\" height=\"391\" srcset=\"https:\/\/www.fratinardi.it\/blog\/wp-content\/uploads\/2023\/06\/Infradito-Ipanema-nuova-collezione-2023-Fratinardi.it_-1024x685.jpg 1024w, https:\/\/www.fratinardi.it\/blog\/wp-content\/uploads\/2023\/06\/Infradito-Ipanema-nuova-collezione-2023-Fratinardi.it_-300x201.jpg 300w, https:\/\/www.fratinardi.it\/blog\/wp-content\/uploads\/2023\/06\/Infradito-Ipanema-nuova-collezione-2023-Fratinardi.it_-768x514.jpg 768w, https:\/\/www.fratinardi.it\/blog\/wp-content\/uploads\/2023\/06\/Infradito-Ipanema-nuova-collezione-2023-Fratinardi.it_-640x428.jpg 640w, https:\/\/www.fratinardi.it\/blog\/wp-content\/uploads\/2023\/06\/Infradito-Ipanema-nuova-collezione-2023-Fratinardi.it_-448x300.jpg 448w\" sizes=\"(max-width: 584px) 100vw, 584px\" \/><\/p>\n<h1>Infradito Ipanema: i veri colori dell&#8217;estate<\/h1>\n<p>Le infradito <strong>Ipanema<\/strong> offrono una variet\u00e0 di stili e colori per soddisfare ogni gusto e preferenza. Dalle tonalit\u00e0 vivaci e audaci ai toni neutri e classici, troverai sicuramente l&#8217;infradito perfetto per completare il tuo <a href=\"https:\/\/www.fratinardi.it\/it\/donna\/abbigliamento\/moda-mare.html\" target=\"_blank\" rel=\"noopener\">look estivo<\/a>. Inoltre, molti modelli presentano dettagli unici come cristalli, pietre o motivi stampati, che aggiungono un tocco di eleganza e originalit\u00e0.<\/p>\n<p><img loading=\"lazy\" decoding=\"async\" class=\"aligncenter wp-image-11050 size-large\" src=\"https:\/\/www.fratinardi.it\/blog\/wp-content\/uploads\/2023\/06\/Infradito-Ipanema-nuova-collezione-2023-Fratinardi.it-4-685x1024.jpg\" alt=\"Infradito-Ipanema-nuova-collezione-2023-Fratinardi.it-4\" width=\"584\" height=\"873\" srcset=\"https:\/\/www.fratinardi.it\/blog\/wp-content\/uploads\/2023\/06\/Infradito-Ipanema-nuova-collezione-2023-Fratinardi.it-4-685x1024.jpg 685w, https:\/\/www.fratinardi.it\/blog\/wp-content\/uploads\/2023\/06\/Infradito-Ipanema-nuova-collezione-2023-Fratinardi.it-4-201x300.jpg 201w, https:\/\/www.fratinardi.it\/blog\/wp-content\/uploads\/2023\/06\/Infradito-Ipanema-nuova-collezione-2023-Fratinardi.it-4-768x1147.jpg 768w, https:\/\/www.fratinardi.it\/blog\/wp-content\/uploads\/2023\/06\/Infradito-Ipanema-nuova-collezione-2023-Fratinardi.it-4-640x956.jpg 640w\" sizes=\"(max-width: 584px) 100vw, 584px\" \/><\/p>\n<h1>Infradito Ipanema: la comodit\u00e0 di una suola anatomica<\/h1>\n<p>Oltre all&#8217;aspetto estetico, le infradito <strong>Ipanema<\/strong> sono progettate per offrire un sostegno ottimale al piede. Grazie alla loro suola anatomica e alla tecnologia di ammortizzazione, queste calzature garantiscono un&#8217;esperienza di camminata confortevole anche su superfici irregolari. Inoltre, i materiali utilizzati sono resistenti all&#8217;acqua e alle sostanze chimiche, garantendo una durata nel tempo e una facilit\u00e0 di pulizia.<\/p>\n<p><img loading=\"lazy\" decoding=\"async\" class=\"aligncenter wp-image-11049 size-large\" src=\"https:\/\/www.fratinardi.it\/blog\/wp-content\/uploads\/2023\/06\/Infradito-Ipanema-nuova-collezione-2023-Fratinardi.it-2-1024x685.jpg\" alt=\"Infradito-Ipanema-nuova-collezione-2023-Fratinardi.it-2\" width=\"584\" height=\"391\" srcset=\"https:\/\/www.fratinardi.it\/blog\/wp-content\/uploads\/2023\/06\/Infradito-Ipanema-nuova-collezione-2023-Fratinardi.it-2-1024x685.jpg 1024w, https:\/\/www.fratinardi.it\/blog\/wp-content\/uploads\/2023\/06\/Infradito-Ipanema-nuova-collezione-2023-Fratinardi.it-2-300x201.jpg 300w, https:\/\/www.fratinardi.it\/blog\/wp-content\/uploads\/2023\/06\/Infradito-Ipanema-nuova-collezione-2023-Fratinardi.it-2-768x514.jpg 768w, https:\/\/www.fratinardi.it\/blog\/wp-content\/uploads\/2023\/06\/Infradito-Ipanema-nuova-collezione-2023-Fratinardi.it-2-640x428.jpg 640w, https:\/\/www.fratinardi.it\/blog\/wp-content\/uploads\/2023\/06\/Infradito-Ipanema-nuova-collezione-2023-Fratinardi.it-2-448x300.jpg 448w\" sizes=\"(max-width: 584px) 100vw, 584px\" \/><\/p>\n<h1>Infradito Ipanema: perfetti per qualsiasi occasione<\/h1>\n<p>La <strong>nuova collezione P-E 2023<\/strong> di infradito da mare <strong>Ipanema<\/strong> \u00e8 perfetta per ogni occasione estiva. Che tu stia trascorrendo una giornata in spiaggia, facendo una passeggiata in citt\u00e0 o partecipando a un evento elegante, Ipanema ha il modello adatto a te. Le loro infradito versatili si adattano a qualsiasi outfit, dai costumi da bagno ai vestiti estivi leggeri.<\/p>\n<p><img loading=\"lazy\" decoding=\"async\" class=\"aligncenter wp-image-11048 size-large\" src=\"https:\/\/www.fratinardi.it\/blog\/wp-content\/uploads\/2023\/06\/Infradito-Ipanema-nuova-collezione-2023-Fratinardi.it-1-1024x1024.jpg\" alt=\"Infradito-Ipanema-nuova-collezione-2023-Fratinardi.it-1\" width=\"584\" height=\"584\" srcset=\"https:\/\/www.fratinardi.it\/blog\/wp-content\/uploads\/2023\/06\/Infradito-Ipanema-nuova-collezione-2023-Fratinardi.it-1-1024x1024.jpg 1024w, https:\/\/www.fratinardi.it\/blog\/wp-content\/uploads\/2023\/06\/Infradito-Ipanema-nuova-collezione-2023-Fratinardi.it-1-150x150.jpg 150w, https:\/\/www.fratinardi.it\/blog\/wp-content\/uploads\/2023\/06\/Infradito-Ipanema-nuova-collezione-2023-Fratinardi.it-1-300x300.jpg 300w, https:\/\/www.fratinardi.it\/blog\/wp-content\/uploads\/2023\/06\/Infradito-Ipanema-nuova-collezione-2023-Fratinardi.it-1-768x768.jpg 768w, https:\/\/www.fratinardi.it\/blog\/wp-content\/uploads\/2023\/06\/Infradito-Ipanema-nuova-collezione-2023-Fratinardi.it-1-640x640.jpg 640w\" sizes=\"(max-width: 584px) 100vw, 584px\" \/><\/p>\n<h1>Infradito Ipanema: sostenere l&#8217;ambiente \u00e8 una delle mission<\/h1>\n<p>Il mondo della moda \u00e8 sempre in continua evoluzione e il brand Ipanema \u00e8 al passo con l&#8217;evoluzione ecosostenibile. Utilizzare la plastica si pu\u00f2 ed \u00e8 proprio la plastica una delle principali materie prime per sostenere la moda del nuovo millennio.<\/p>\n<blockquote><p>La plastica \u00e8 un materiale eccezionale: leggero, pulito, resistente, duraturo nel tempo e riciclabile, e va utilizzato con consapevolezza, creativit\u00e0 e responsabilit\u00e0. Si tratta di un impegno che ci assumiamo ogni giorno.<\/p><\/blockquote>\n<p><img loading=\"lazy\" decoding=\"async\" class=\"aligncenter wp-image-11047 size-large\" src=\"https:\/\/www.fratinardi.it\/blog\/wp-content\/uploads\/2023\/06\/Infradito-Ipanema-nuova-collezione-2023-Fratinardi.it-5-685x1024.jpg\" alt=\"Infradito-Ipanema-nuova-collezione-2023-Fratinardi.it-5\" width=\"584\" height=\"873\" srcset=\"https:\/\/www.fratinardi.it\/blog\/wp-content\/uploads\/2023\/06\/Infradito-Ipanema-nuova-collezione-2023-Fratinardi.it-5-685x1024.jpg 685w, https:\/\/www.fratinardi.it\/blog\/wp-content\/uploads\/2023\/06\/Infradito-Ipanema-nuova-collezione-2023-Fratinardi.it-5-201x300.jpg 201w, https:\/\/www.fratinardi.it\/blog\/wp-content\/uploads\/2023\/06\/Infradito-Ipanema-nuova-collezione-2023-Fratinardi.it-5-768x1147.jpg 768w, https:\/\/www.fratinardi.it\/blog\/wp-content\/uploads\/2023\/06\/Infradito-Ipanema-nuova-collezione-2023-Fratinardi.it-5-640x956.jpg 640w\" sizes=\"(max-width: 584px) 100vw, 584px\" \/><\/p>\n<p>Se stai cercando un modo per unire comfort e stile durante le tue avventure estive, non cercare oltre la <a href=\"https:\/\/www.fratinardi.it\/it\/collezione-primavera-estate-2023.html\" target=\"_blank\" rel=\"noopener\">collezione P-E 2023<\/a> di infradito da mare <strong>Ipanema<\/strong>. Con la loro vasta scelta di design, colori e modelli, queste calzature ti accompagneranno con stile in ogni occasione. Scegli la qualit\u00e0 e l&#8217;eleganza di Ipanema per camminare con fiducia e goderti al massimo le giornate estive.<\/p>\n","protected":false},"excerpt":{"rendered":"<p>Benvenuti nel mondo della moda estiva con la nuova collezione P-E 2023 di infradito da mare Ipanema. Questa celebre marca brasiliana unisce comfort e stile in un connubio perfetto, offrendo calzature ideali per ogni occasione sotto il sole. Scopriamo insieme &hellip; <a href=\"https:\/\/www.fratinardi.it\/blog\/p-e-2023-infradito-da-mare-ipanema-confort-e-stile-per-tutte-le-occasioni-estive\/\">Continue reading <span class=\"meta-nav\">&rarr;<\/span><\/a><\/p>\n","protected":false},"author":2,"featured_media":11053,"comment_status":"open","ping_status":"open","sticky":false,"template":"","format":"standard","meta":{"footnotes":""},"categories":[3,5],"tags":[1718,1719,1680,1717,1715,1716,1638,1318,148],"_links":{"self":[{"href":"https:\/\/www.fratinardi.it\/blog\/wp-json\/wp\/v2\/posts\/11044"}],"collection":[{"href":"https:\/\/www.fratinardi.it\/blog\/wp-json\/wp\/v2\/posts"}],"about":[{"href":"https:\/\/www.fratinardi.it\/blog\/wp-json\/wp\/v2\/types\/post"}],"author":[{"embeddable":true,"href":"https:\/\/www.fratinardi.it\/blog\/wp-json\/wp\/v2\/users\/2"}],"replies":[{"embeddable":true,"href":"https:\/\/www.fratinardi.it\/blog\/wp-json\/wp\/v2\/comments?post=11044"}],"version-history":[{"count":3,"href":"https:\/\/www.fratinardi.it\/blog\/wp-json\/wp\/v2\/posts\/11044\/revisions"}],"predecessor-version":[{"id":11054,"href":"https:\/\/www.fratinardi.it\/blog\/wp-json\/wp\/v2\/posts\/11044\/revisions\/11054"}],"wp:featuredmedia":[{"embeddable":true,"href":"https:\/\/www.fratinardi.it\/blog\/wp-json\/wp\/v2\/media\/11053"}],"wp:attachment":[{"href":"https:\/\/www.fratinardi.it\/blog\/wp-json\/wp\/v2\/media?parent=11044"}],"wp:term":[{"taxonomy":"category","embeddable":true,"href":"https:\/\/www.fratinardi.it\/blog\/wp-json\/wp\/v2\/categories?post=11044"},{"taxonomy":"post_tag","embeddable":true,"href":"https:\/\/www.fratinardi.it\/blog\/wp-json\/wp\/v2\/tags?post=11044"}],"curies":[{"name":"wp","href":"https:\/\/api.w.org\/{rel}","templated":true}]}}