{"id":10876,"date":"2023-04-07T10:19:28","date_gmt":"2023-04-07T08:19:28","guid":{"rendered":"https:\/\/www.fratinardi.it\/blog\/?p=10876"},"modified":"2023-04-07T10:19:28","modified_gmt":"2023-04-07T08:19:28","slug":"vestiti-prima-comunione-come-scegliere","status":"publish","type":"post","link":"https:\/\/www.fratinardi.it\/blog\/vestiti-prima-comunione-come-scegliere\/","title":{"rendered":"Vestiti Prima Comunione: una piccola principessa elegante e comoda"},"content":{"rendered":"<p><img loading=\"lazy\" decoding=\"async\" class=\"size-full wp-image-10887 aligncenter\" src=\"https:\/\/www.fratinardi.it\/blog\/wp-content\/uploads\/2023\/04\/Immagine-blog-copertina-vestiti-prima-comunione-fratinardi.it_.jpg\" alt=\"\" width=\"721\" height=\"411\" srcset=\"https:\/\/www.fratinardi.it\/blog\/wp-content\/uploads\/2023\/04\/Immagine-blog-copertina-vestiti-prima-comunione-fratinardi.it_.jpg 721w, https:\/\/www.fratinardi.it\/blog\/wp-content\/uploads\/2023\/04\/Immagine-blog-copertina-vestiti-prima-comunione-fratinardi.it_-300x171.jpg 300w, https:\/\/www.fratinardi.it\/blog\/wp-content\/uploads\/2023\/04\/Immagine-blog-copertina-vestiti-prima-comunione-fratinardi.it_-640x365.jpg 640w, https:\/\/www.fratinardi.it\/blog\/wp-content\/uploads\/2023\/04\/Immagine-blog-copertina-vestiti-prima-comunione-fratinardi.it_-500x285.jpg 500w\" sizes=\"(max-width: 721px) 100vw, 721px\" \/><\/p>\n<h1>Con la primavera inizia ufficialmente il periodo delle cerimonie e quindi anche il momento della Prima Comunione della tua bambina. In questo articolo potrai leggere alcuni consigli importanti da seguire per rendere il look della tua bambina unico e soprattutto pratico.<\/h1>\n<p>La <a href=\"https:\/\/www.fratinardi.it\/it\/collezioni-cerimonia\/prima-comunione.html?utm_redirect=category_cerimonia&amp;utm_medium=category_cerimonia&amp;utm_term=category_cerimonia-comunione\" target=\"_blank\" rel=\"noopener\"><strong>Prima Comunione<\/strong><\/a> \u00e8 un momento di grande gioia per i genitori, ma lo \u00e8 ancor di pi\u00f9 per la bambina perch\u00e9 \u00e8 pronta a ricevere il sacramento dell&#8217;Eucarestia. Da qualche anno, affinch\u00e9 la navata centrale della chiesa di appartenenza non si trasformi in una sfilata di moda, \u00e8 obbligatorio far indossare a tutti i bambini il famoso <strong>saio da comunione<\/strong>. Ma per la festa che segue la celebrazione religiosa, avete tutta la libert\u00e0. <em><strong>Ma \u00e8 importante seguire dei consigli utili per non sbagliare oppure esagerare.<\/strong><\/em><\/p>\n<h2>Vestito Prima Comunione Bambina: consigli utili per non sbagliare<\/h2>\n<p>Il <a href=\"https:\/\/www.fratinardi.it\/it\/collezioni-cerimonia\/prima-comunione.html?cat=681_per-lei\" target=\"_blank\" rel=\"noopener\">vestito<\/a> da <strong>Prima Comunione<\/strong> della vostra bambina deve rispecchiare la sua personalit\u00e0. Se \u00e8 una bambina creativa lo avr\u00e0 gi\u00e0 immaginato o addirittura disegnato. Una delle regole da seguire \u00e8 sicuramente la semplicit\u00e0 che segue la praticit\u00e0. Ricordate che sono bambine e non devono diventare delle principesse o tanto meno delle spose. Quindi non dovete strafare. Balze e tulle si, ma niente velo o strascico. Il vestito da <strong>Prima Comunione<\/strong> pi\u00f9 pratico \u00e8 e pi\u00f9 potr\u00e0 rendere la vostra bambina felice di muoversi durante il party.<\/p>\n<h1>Vestito Prima Comunione Bambina: non esiste un abito giusto, ma solo il TUO abito<\/h1>\n<p>Ebbene si, non esiste un vestito da <strong>Prima Comunione<\/strong> perfetto ma solo quell&#8217;abito che una volta indossato render\u00e0 felice la tua bambina. Ma non \u00e8 solo l&#8217;abito a fare la differenza: il look completo dalla testa ai piedi, dagli accessori alle calzature, dovr\u00e0 rendere la tua bambina incantevole nel giorno della sua cerimonia.<\/p>\n<p><img loading=\"lazy\" decoding=\"async\" class=\"aligncenter wp-image-10885 size-large\" src=\"https:\/\/www.fratinardi.it\/blog\/wp-content\/uploads\/2023\/04\/vestiti-prima-comunione-fratinardi.it_-685x1024.jpg\" alt=\"\" width=\"584\" height=\"873\" srcset=\"https:\/\/www.fratinardi.it\/blog\/wp-content\/uploads\/2023\/04\/vestiti-prima-comunione-fratinardi.it_-685x1024.jpg 685w, https:\/\/www.fratinardi.it\/blog\/wp-content\/uploads\/2023\/04\/vestiti-prima-comunione-fratinardi.it_-201x300.jpg 201w, https:\/\/www.fratinardi.it\/blog\/wp-content\/uploads\/2023\/04\/vestiti-prima-comunione-fratinardi.it_-768x1147.jpg 768w, https:\/\/www.fratinardi.it\/blog\/wp-content\/uploads\/2023\/04\/vestiti-prima-comunione-fratinardi.it_-640x956.jpg 640w, https:\/\/www.fratinardi.it\/blog\/wp-content\/uploads\/2023\/04\/vestiti-prima-comunione-fratinardi.it_.jpg 850w\" sizes=\"(max-width: 584px) 100vw, 584px\" \/><\/p>\n<h1>Vestito Prima Comunione Bambina: parliamo di colori<\/h1>\n<p>Il colore pi\u00f9 indicato \u00e8 sicuramente il <strong>bianco<\/strong>, in quanto simbolo di purezza: metaforicamente quella stessa luce che ha illuminato la tua piccola nel giorno del <strong>Battesimo<\/strong>, si ripresenta nel giorno della <strong>Prima Comunione<\/strong>. Il bianco, per\u00f2, pu\u00f2 essere abbinato anche a colori che possano richiamare il tema della festa. Si prediligono i pantoni pastello come carta da zucchero, un rosa cipria o anche un malva. Le tinte pastello possono essere anche le protagoniste di <a href=\"https:\/\/www.fratinardi.it\/it\/bambino\/categoria\/accessori\/cerchietti-e-fasce.html\" target=\"_blank\" rel=\"noopener\">accessori<\/a> come cinture in raso, fermagli o coroncine tra i capelli e infine anche le calzature, tra ballerine e sneakers.<\/p>\n<p><img loading=\"lazy\" decoding=\"async\" class=\"aligncenter wp-image-10884 size-large\" src=\"https:\/\/www.fratinardi.it\/blog\/wp-content\/uploads\/2023\/04\/Accessori-Prima-Comunione-Fratinardi.it-2-685x1024.jpg\" alt=\"\" width=\"584\" height=\"873\" srcset=\"https:\/\/www.fratinardi.it\/blog\/wp-content\/uploads\/2023\/04\/Accessori-Prima-Comunione-Fratinardi.it-2-685x1024.jpg 685w, https:\/\/www.fratinardi.it\/blog\/wp-content\/uploads\/2023\/04\/Accessori-Prima-Comunione-Fratinardi.it-2-201x300.jpg 201w, https:\/\/www.fratinardi.it\/blog\/wp-content\/uploads\/2023\/04\/Accessori-Prima-Comunione-Fratinardi.it-2-768x1147.jpg 768w, https:\/\/www.fratinardi.it\/blog\/wp-content\/uploads\/2023\/04\/Accessori-Prima-Comunione-Fratinardi.it-2-640x956.jpg 640w\" sizes=\"(max-width: 584px) 100vw, 584px\" \/><\/p>\n<h1>Vestito Prima Comunione: i tessuti faranno la differenza<\/h1>\n<p>Il <strong>vestito da Prima Comunione<\/strong> della tua bambina affinch\u00e9 sia particolare e unico, oltre al dettaglio colorato, deve rispecchiare i trend del momento. Le tendenze premiano i volumi contenuti e la particolarit\u00e0 dei tessuti. inserti di piccoli fiori, richiami in pizzo, corpetti intagliati o con delle trasparenze. Organza e tulle sono per la maggiore ma sono le forme che renderanno l&#8217;abito unico. Gonne asimmetriche, corpetti con spalline a palloncino, fiocchi sul retro, una piccola e delicata principessa che si sentir\u00e0 ancora pi\u00f9 bella nel giorno della sua <strong>Prima Comunione<\/strong>.<\/p>\n<h1>Vestito Prima Comunione: le calzature che chiudono il look<\/h1>\n<p>Le intramontabili <a href=\"https:\/\/www.fratinardi.it\/it\/bambino\/categoria\/scarpe-bambini\/ballerine.html\" target=\"_blank\" rel=\"noopener\">ballerine<\/a> a tinta unita o le pi\u00f9 classiche bon ton firmate <strong><a href=\"https:\/\/www.fratinardi.it\/it\/bambino\/categoria\/scarpe-bambini\/ballerine.html?designer=nerogiardini\" target=\"_blank\" rel=\"noopener\">NeroGiardini<\/a><\/strong>, con il cinturino alla caviglia magari con applicazioni luminose, sono sempre le pi\u00f9 ricercate. Il nuovo trend della stagione primavera estate, per\u00f2, premia anche le <a href=\"https:\/\/www.fratinardi.it\/it\/bambino\/categoria\/scarpe-bambini\/sneaker.html?genere=bambina\" target=\"_blank\" rel=\"noopener\">sneakers<\/a>, quelle pi\u00f9 particolari e uniche. In stile converse o le classiche con il fondo a cassetta, sono davvero speciali grazie alle paillettes, i fiori ricamati o i dettagli colorati.<\/p>\n<p><img loading=\"lazy\" decoding=\"async\" class=\"aligncenter wp-image-10882 size-large\" src=\"https:\/\/www.fratinardi.it\/blog\/wp-content\/uploads\/2023\/04\/Sneakers-Prima-Comunione-Magil-Fratinardi.it_-1024x686.jpg\" alt=\"\" width=\"584\" height=\"391\" srcset=\"https:\/\/www.fratinardi.it\/blog\/wp-content\/uploads\/2023\/04\/Sneakers-Prima-Comunione-Magil-Fratinardi.it_-1024x686.jpg 1024w, https:\/\/www.fratinardi.it\/blog\/wp-content\/uploads\/2023\/04\/Sneakers-Prima-Comunione-Magil-Fratinardi.it_-300x201.jpg 300w, https:\/\/www.fratinardi.it\/blog\/wp-content\/uploads\/2023\/04\/Sneakers-Prima-Comunione-Magil-Fratinardi.it_-768x514.jpg 768w, https:\/\/www.fratinardi.it\/blog\/wp-content\/uploads\/2023\/04\/Sneakers-Prima-Comunione-Magil-Fratinardi.it_-640x429.jpg 640w, https:\/\/www.fratinardi.it\/blog\/wp-content\/uploads\/2023\/04\/Sneakers-Prima-Comunione-Magil-Fratinardi.it_-448x300.jpg 448w, https:\/\/www.fratinardi.it\/blog\/wp-content\/uploads\/2023\/04\/Sneakers-Prima-Comunione-Magil-Fratinardi.it_.jpg 1181w\" sizes=\"(max-width: 584px) 100vw, 584px\" \/><\/p>\n<p><img loading=\"lazy\" decoding=\"async\" class=\"aligncenter wp-image-10881 size-large\" src=\"https:\/\/www.fratinardi.it\/blog\/wp-content\/uploads\/2023\/04\/DSC_1673-1024x686.jpg\" alt=\"\" width=\"584\" height=\"391\" srcset=\"https:\/\/www.fratinardi.it\/blog\/wp-content\/uploads\/2023\/04\/DSC_1673-1024x686.jpg 1024w, https:\/\/www.fratinardi.it\/blog\/wp-content\/uploads\/2023\/04\/DSC_1673-300x201.jpg 300w, https:\/\/www.fratinardi.it\/blog\/wp-content\/uploads\/2023\/04\/DSC_1673-768x514.jpg 768w, https:\/\/www.fratinardi.it\/blog\/wp-content\/uploads\/2023\/04\/DSC_1673-640x429.jpg 640w, https:\/\/www.fratinardi.it\/blog\/wp-content\/uploads\/2023\/04\/DSC_1673-448x300.jpg 448w, https:\/\/www.fratinardi.it\/blog\/wp-content\/uploads\/2023\/04\/DSC_1673.jpg 1181w\" sizes=\"(max-width: 584px) 100vw, 584px\" \/><\/p>\n<h1>Vestito Prima Comunione: non lasciarti sfuggire le novit\u00e0<\/h1>\n<p>Come ogni anno, soprattutto nel periodo della cerimonia estiva, <strong>Fratinardi<\/strong> \u00e8 sempre pi\u00f9 aggiornato quando si parla di moda e tendenza. Anche per la Prima Comunione noi non deludiamo mai e su <strong>Fratinardi.it<\/strong>, oltre alle calzature e agli accessori uomo e donna per la cerimonia, puoi trovare anche i vestiti da <strong>Prima Comunione<\/strong> per lei e per lui. Con spedizione gratuita e consegna in 24 ore puoi ricevere l&#8217;abito direttamente a casa tua. Non temere, nel caso non dovesse andare bene puoi richiedere un cambio o anche il reso.<\/p>\n<p>La primavera \u00e8 ormai arrivata, non ti resta che dare inizio ai preparativi per le tue <a href=\"https:\/\/www.fratinardi.it\/it\/collezioni-cerimonia.html\" target=\"_blank\" rel=\"noopener\">cerimonie<\/a>.<\/p>\n<p>&nbsp;<\/p>\n","protected":false},"excerpt":{"rendered":"<p>Con la primavera inizia ufficialmente il periodo delle cerimonie e quindi anche il momento della Prima Comunione della tua bambina. In questo articolo potrai leggere alcuni consigli importanti da seguire per rendere il look della tua bambina unico e soprattutto &hellip; <a href=\"https:\/\/www.fratinardi.it\/blog\/vestiti-prima-comunione-come-scegliere\/\">Continue reading <span class=\"meta-nav\">&rarr;<\/span><\/a><\/p>\n","protected":false},"author":2,"featured_media":10887,"comment_status":"open","ping_status":"open","sticky":false,"template":"","format":"standard","meta":{"footnotes":""},"categories":[3],"tags":[1665,1664,1643,1625,1662,638,1661,1464,50,1663,57,1660],"_links":{"self":[{"href":"https:\/\/www.fratinardi.it\/blog\/wp-json\/wp\/v2\/posts\/10876"}],"collection":[{"href":"https:\/\/www.fratinardi.it\/blog\/wp-json\/wp\/v2\/posts"}],"about":[{"href":"https:\/\/www.fratinardi.it\/blog\/wp-json\/wp\/v2\/types\/post"}],"author":[{"embeddable":true,"href":"https:\/\/www.fratinardi.it\/blog\/wp-json\/wp\/v2\/users\/2"}],"replies":[{"embeddable":true,"href":"https:\/\/www.fratinardi.it\/blog\/wp-json\/wp\/v2\/comments?post=10876"}],"version-history":[{"count":8,"href":"https:\/\/www.fratinardi.it\/blog\/wp-json\/wp\/v2\/posts\/10876\/revisions"}],"predecessor-version":[{"id":10890,"href":"https:\/\/www.fratinardi.it\/blog\/wp-json\/wp\/v2\/posts\/10876\/revisions\/10890"}],"wp:featuredmedia":[{"embeddable":true,"href":"https:\/\/www.fratinardi.it\/blog\/wp-json\/wp\/v2\/media\/10887"}],"wp:attachment":[{"href":"https:\/\/www.fratinardi.it\/blog\/wp-json\/wp\/v2\/media?parent=10876"}],"wp:term":[{"taxonomy":"category","embeddable":true,"href":"https:\/\/www.fratinardi.it\/blog\/wp-json\/wp\/v2\/categories?post=10876"},{"taxonomy":"post_tag","embeddable":true,"href":"https:\/\/www.fratinardi.it\/blog\/wp-json\/wp\/v2\/tags?post=10876"}],"curies":[{"name":"wp","href":"https:\/\/api.w.org\/{rel}","templated":true}]}}