{"id":10264,"date":"2022-02-18T16:28:14","date_gmt":"2022-02-18T15:28:14","guid":{"rendered":"https:\/\/www.fratinardi.it\/blog\/?p=10264"},"modified":"2022-02-18T16:28:54","modified_gmt":"2022-02-18T15:28:54","slug":"come-vestirsi-chic-ed-eleganti-anche-in-inverno-con-fratinardi","status":"publish","type":"post","link":"https:\/\/www.fratinardi.it\/blog\/come-vestirsi-chic-ed-eleganti-anche-in-inverno-con-fratinardi\/","title":{"rendered":"Ultimi freddi, come vestirsi chic ed eleganti anche in inverno"},"content":{"rendered":"<p><a href=\"https:\/\/www.fratinardi.it\/blog\/wp-content\/uploads\/2022\/02\/Immagine-blog-copertina-chic-inverno-Fratinardi.jpg\"><img loading=\"lazy\" decoding=\"async\" class=\"size-full wp-image-10279 aligncenter\" src=\"https:\/\/www.fratinardi.it\/blog\/wp-content\/uploads\/2022\/02\/Immagine-blog-copertina-chic-inverno-Fratinardi.jpg\" alt=\"\" width=\"721\" height=\"411\" srcset=\"https:\/\/www.fratinardi.it\/blog\/wp-content\/uploads\/2022\/02\/Immagine-blog-copertina-chic-inverno-Fratinardi.jpg 721w, https:\/\/www.fratinardi.it\/blog\/wp-content\/uploads\/2022\/02\/Immagine-blog-copertina-chic-inverno-Fratinardi-300x171.jpg 300w, https:\/\/www.fratinardi.it\/blog\/wp-content\/uploads\/2022\/02\/Immagine-blog-copertina-chic-inverno-Fratinardi-640x365.jpg 640w, https:\/\/www.fratinardi.it\/blog\/wp-content\/uploads\/2022\/02\/Immagine-blog-copertina-chic-inverno-Fratinardi-500x285.jpg 500w\" sizes=\"(max-width: 721px) 100vw, 721px\" \/><\/a><\/p>\n<h1>Tu come riesci a creare abbinamenti chic ed eleganti anche in inverno?<\/h1>\n<p>Nel periodo invernale siamo sempre in difficolt\u00e0 su come creare look unici e particolari in quanto ci ritroviamo sempre pi\u00f9 coperte e le varie sovrapposizioni tendono a caricare troppo la nostra figura. In estate non accade questo. Basta indossare un abitino e un paio di sandali e il gioco \u00e8 fatto.<\/p>\n<p>Quindi come possiamo non sembrare goffe sopportando comunque le rigide temperature invernali? Per andare a lavoro, ad una cena importante, per un&#8217;uscita galante o ad una cerimonia, gli eventi per vestirsi chic sono sempre all&#8217;ordine del giorno.<\/p>\n<p>Una delle parole pi\u00f9 utilizzate \u00e8 sicuramente &#8220;lana&#8221;. Gi\u00e0 solo pronunciando queste due sillabe ci si riscalda il cuore. Partiamo con i maglioni di lana, caldi e confortevoli. Le ultime tendenze moda hanno promosso i\u00a0<strong>maglioni oversize<\/strong>. Con nostra grande soddisfazione, <strong>maglie<\/strong>, <strong>maxi maglie e cardigan<\/strong>, danno sempre <strong>calore e confort al nostro stile<\/strong>.<\/p>\n<p><a href=\"https:\/\/www.fratinardi.it\/blog\/wp-content\/uploads\/2022\/02\/Vestire-chic-inverno-fratinardi-blog-3.jpeg\"><img loading=\"lazy\" decoding=\"async\" class=\"aligncenter wp-image-10273 size-large\" src=\"https:\/\/www.fratinardi.it\/blog\/wp-content\/uploads\/2022\/02\/Vestire-chic-inverno-fratinardi-blog-3-683x1024.jpeg\" alt=\"\" width=\"584\" height=\"876\" srcset=\"https:\/\/www.fratinardi.it\/blog\/wp-content\/uploads\/2022\/02\/Vestire-chic-inverno-fratinardi-blog-3-683x1024.jpeg 683w, https:\/\/www.fratinardi.it\/blog\/wp-content\/uploads\/2022\/02\/Vestire-chic-inverno-fratinardi-blog-3-200x300.jpeg 200w, https:\/\/www.fratinardi.it\/blog\/wp-content\/uploads\/2022\/02\/Vestire-chic-inverno-fratinardi-blog-3-768x1152.jpeg 768w, https:\/\/www.fratinardi.it\/blog\/wp-content\/uploads\/2022\/02\/Vestire-chic-inverno-fratinardi-blog-3-640x960.jpeg 640w, https:\/\/www.fratinardi.it\/blog\/wp-content\/uploads\/2022\/02\/Vestire-chic-inverno-fratinardi-blog-3.jpeg 1000w\" sizes=\"(max-width: 584px) 100vw, 584px\" \/><\/a><\/p>\n<p>Il termometro scende e subito il nostro guardaroba esclama aiuto.\u00a0Il capo che davvero non pu\u00f2 mancare per affrontare l\u2019inverno? Il\u00a0<strong>dolcevita<\/strong>! Fatene una buona scorta, in qualsiasi colore o fantasia. Il lupetto potr\u00e0 sicuramente facilitare i tuoi abbinamenti soprattutto se vorrai indossare due maglioni. Combattere il freddo non \u00e8 mai stato cos\u00ec facile soprattutto quando a riscaldarci sono strati e strati di tessuti pregiati e caldi.<\/p>\n<p><a href=\"https:\/\/www.fratinardi.it\/blog\/wp-content\/uploads\/2022\/02\/Vestire-chic-inverno-fratinardi-blog-2.png\"><img loading=\"lazy\" decoding=\"async\" class=\"aligncenter wp-image-10269 size-large\" src=\"https:\/\/www.fratinardi.it\/blog\/wp-content\/uploads\/2022\/02\/Vestire-chic-inverno-fratinardi-blog-2-872x1024.png\" alt=\"\" width=\"584\" height=\"686\" srcset=\"https:\/\/www.fratinardi.it\/blog\/wp-content\/uploads\/2022\/02\/Vestire-chic-inverno-fratinardi-blog-2-872x1024.png 872w, https:\/\/www.fratinardi.it\/blog\/wp-content\/uploads\/2022\/02\/Vestire-chic-inverno-fratinardi-blog-2-256x300.png 256w, https:\/\/www.fratinardi.it\/blog\/wp-content\/uploads\/2022\/02\/Vestire-chic-inverno-fratinardi-blog-2-768x902.png 768w, https:\/\/www.fratinardi.it\/blog\/wp-content\/uploads\/2022\/02\/Vestire-chic-inverno-fratinardi-blog-2-640x751.png 640w, https:\/\/www.fratinardi.it\/blog\/wp-content\/uploads\/2022\/02\/Vestire-chic-inverno-fratinardi-blog-2.png 1253w\" sizes=\"(max-width: 584px) 100vw, 584px\" \/><\/a><\/p>\n<h2>Calze si o calze no?<\/h2>\n<p>A meno che non siate influencer invitate a sfilate durante le fashion week del quadrilatero della moda, le calze sono un indumento sempre meno sottovalutato. Per completare il look si dia il via\u00a0a\u00a0<strong>collant<\/strong>\u00a0sotto ad abiti e gonne e a morbidi\u00a0<strong>calzini in cashmere<\/strong>\u00a0per i look di tutti i giorni. Gonna in pelle o jeans, viva la comodit\u00e0. Lasciati incantare da indumenti caldi ma anche un po&#8217; rock. Le nuove tendenze sicuramente promuovono uno stile casual chic tra pelle, borchie e oversize.<\/p>\n<p><a href=\"https:\/\/www.fratinardi.it\/blog\/wp-content\/uploads\/2022\/02\/look-inverno-idee-fratinardi.jpeg\"><img loading=\"lazy\" decoding=\"async\" class=\"aligncenter wp-image-10276 size-large\" src=\"https:\/\/www.fratinardi.it\/blog\/wp-content\/uploads\/2022\/02\/look-inverno-idee-fratinardi-695x1024.jpeg\" alt=\"\" width=\"584\" height=\"860\" srcset=\"https:\/\/www.fratinardi.it\/blog\/wp-content\/uploads\/2022\/02\/look-inverno-idee-fratinardi-695x1024.jpeg 695w, https:\/\/www.fratinardi.it\/blog\/wp-content\/uploads\/2022\/02\/look-inverno-idee-fratinardi-204x300.jpeg 204w, https:\/\/www.fratinardi.it\/blog\/wp-content\/uploads\/2022\/02\/look-inverno-idee-fratinardi-768x1132.jpeg 768w, https:\/\/www.fratinardi.it\/blog\/wp-content\/uploads\/2022\/02\/look-inverno-idee-fratinardi-640x943.jpeg 640w, https:\/\/www.fratinardi.it\/blog\/wp-content\/uploads\/2022\/02\/look-inverno-idee-fratinardi.jpeg 1357w\" sizes=\"(max-width: 584px) 100vw, 584px\" \/><\/a><\/p>\n<h1>Eco e super calde!<\/h1>\n<p>Per essere chic e adottare un abbigliamento sorprendente e sempre trendy, un capospalla in ecopelliccia \u00e8 la scelta giusta. Caldo, tinta unita o colorato, crop oppure lungo, ogni tipo di ecopelliccia da abbinare su pantaloni o gonna sono un alleato perfetto per una giornata in giro per la citt\u00e0 o per completare un look serale.<\/p>\n<p><a href=\"https:\/\/www.fratinardi.it\/blog\/wp-content\/uploads\/2022\/02\/Idee-look-inverno-ecopelliccia-fratinardi.it_.jpeg\"><img loading=\"lazy\" decoding=\"async\" class=\"aligncenter wp-image-10275 size-full\" src=\"https:\/\/www.fratinardi.it\/blog\/wp-content\/uploads\/2022\/02\/Idee-look-inverno-ecopelliccia-fratinardi.it_.jpeg\" alt=\"\" width=\"382\" height=\"643\" srcset=\"https:\/\/www.fratinardi.it\/blog\/wp-content\/uploads\/2022\/02\/Idee-look-inverno-ecopelliccia-fratinardi.it_.jpeg 382w, https:\/\/www.fratinardi.it\/blog\/wp-content\/uploads\/2022\/02\/Idee-look-inverno-ecopelliccia-fratinardi.it_-178x300.jpeg 178w\" sizes=\"(max-width: 382px) 100vw, 382px\" \/><\/a><\/p>\n<h2>Calzature, sappiamo cosa proporti!<\/h2>\n<p>Lo sappiamo, non vorresti mai abbandonare quelle calde pantofole che accompagnate da calzettoni ti riscaldano durante la tua permanenza in casa. Ma per uscire, a meno che tu non sia <strong>Chiara Ferragni<\/strong> pronta a dettare le leggi della moda, non ci sembra il caso di optare per delle pantofole. Le calzature pi\u00f9 calde sono sicuramente i <strong>Mou Eskimo<\/strong>. Le scarpe <strong>Mou<\/strong> sono disponibili in diverse varianti, alte o basse, in camoscio o con paillettes. Ogni donna potr\u00f2 completare il suo look stiloso come meglio preferisce affinch\u00e9 possa rispecchiare la sua personalit\u00e0 grazie ai <strong>Mou Eskimo<\/strong>.<\/p>\n<p><a href=\"https:\/\/www.fratinardi.it\/blog\/wp-content\/uploads\/2022\/02\/Mou-Eskimo-Fratinardi.it_.jpeg\"><img loading=\"lazy\" decoding=\"async\" class=\"aligncenter wp-image-10278 size-medium\" src=\"https:\/\/www.fratinardi.it\/blog\/wp-content\/uploads\/2022\/02\/Mou-Eskimo-Fratinardi.it_-300x300.jpeg\" alt=\"\" width=\"300\" height=\"300\" srcset=\"https:\/\/www.fratinardi.it\/blog\/wp-content\/uploads\/2022\/02\/Mou-Eskimo-Fratinardi.it_-300x300.jpeg 300w, https:\/\/www.fratinardi.it\/blog\/wp-content\/uploads\/2022\/02\/Mou-Eskimo-Fratinardi.it_-150x150.jpeg 150w, https:\/\/www.fratinardi.it\/blog\/wp-content\/uploads\/2022\/02\/Mou-Eskimo-Fratinardi.it_-768x768.jpeg 768w, https:\/\/www.fratinardi.it\/blog\/wp-content\/uploads\/2022\/02\/Mou-Eskimo-Fratinardi.it_-1024x1024.jpeg 1024w, https:\/\/www.fratinardi.it\/blog\/wp-content\/uploads\/2022\/02\/Mou-Eskimo-Fratinardi.it_-640x640.jpeg 640w, https:\/\/www.fratinardi.it\/blog\/wp-content\/uploads\/2022\/02\/Mou-Eskimo-Fratinardi.it_.jpeg 1080w\" sizes=\"(max-width: 300px) 100vw, 300px\" \/><\/a><\/p>\n<h2>Come creare un look perfetto, chic e invernale?<\/h2>\n<p>Ovviamente con <strong>Fratinardi.it<\/strong> ed una vasta selezione di capi sempre in tendenza. Dalle passerelle alle strade metropolitane, dal mondo della moda alla vita di tutti i giorni, tutte noi possiamo sentirci delle modelle, del resto la nostra vita \u00e8 essa stessa una grande passerella e dobbiamo sempre passeggiare a testa alta. <strong>Rivenditori ufficiali Mou Eskimo<\/strong>, <strong>Hogan<\/strong> e tante altri brand pronti per essere indossati. Acquista con un clic e se non sei soddisfatto del modello o della taglia, puoi richiedere subito un reso gratuito.<\/p>\n<p>&nbsp;<\/p>\n","protected":false},"excerpt":{"rendered":"<p>Tu come riesci a creare abbinamenti chic ed eleganti anche in inverno? Nel periodo invernale siamo sempre in difficolt\u00e0 su come creare look unici e particolari in quanto ci ritroviamo sempre pi\u00f9 coperte e le varie sovrapposizioni tendono a caricare &hellip; <a href=\"https:\/\/www.fratinardi.it\/blog\/come-vestirsi-chic-ed-eleganti-anche-in-inverno-con-fratinardi\/\">Continue reading <span class=\"meta-nav\">&rarr;<\/span><\/a><\/p>\n","protected":false},"author":2,"featured_media":10279,"comment_status":"open","ping_status":"open","sticky":false,"template":"","format":"standard","meta":{"footnotes":""},"categories":[6],"tags":[505,52,1415,1282,1375,1417,638,1236,1277,1414,1416],"_links":{"self":[{"href":"https:\/\/www.fratinardi.it\/blog\/wp-json\/wp\/v2\/posts\/10264"}],"collection":[{"href":"https:\/\/www.fratinardi.it\/blog\/wp-json\/wp\/v2\/posts"}],"about":[{"href":"https:\/\/www.fratinardi.it\/blog\/wp-json\/wp\/v2\/types\/post"}],"author":[{"embeddable":true,"href":"https:\/\/www.fratinardi.it\/blog\/wp-json\/wp\/v2\/users\/2"}],"replies":[{"embeddable":true,"href":"https:\/\/www.fratinardi.it\/blog\/wp-json\/wp\/v2\/comments?post=10264"}],"version-history":[{"count":10,"href":"https:\/\/www.fratinardi.it\/blog\/wp-json\/wp\/v2\/posts\/10264\/revisions"}],"predecessor-version":[{"id":10281,"href":"https:\/\/www.fratinardi.it\/blog\/wp-json\/wp\/v2\/posts\/10264\/revisions\/10281"}],"wp:featuredmedia":[{"embeddable":true,"href":"https:\/\/www.fratinardi.it\/blog\/wp-json\/wp\/v2\/media\/10279"}],"wp:attachment":[{"href":"https:\/\/www.fratinardi.it\/blog\/wp-json\/wp\/v2\/media?parent=10264"}],"wp:term":[{"taxonomy":"category","embeddable":true,"href":"https:\/\/www.fratinardi.it\/blog\/wp-json\/wp\/v2\/categories?post=10264"},{"taxonomy":"post_tag","embeddable":true,"href":"https:\/\/www.fratinardi.it\/blog\/wp-json\/wp\/v2\/tags?post=10264"}],"curies":[{"name":"wp","href":"https:\/\/api.w.org\/{rel}","templated":true}]}}