{"id":10092,"date":"2021-12-09T11:31:53","date_gmt":"2021-12-09T10:31:53","guid":{"rendered":"https:\/\/www.fratinardi.it\/blog\/?p=10092"},"modified":"2021-12-09T11:31:53","modified_gmt":"2021-12-09T10:31:53","slug":"natale-2021-il-look-giusto-per-le-tue-feste","status":"publish","type":"post","link":"https:\/\/www.fratinardi.it\/blog\/natale-2021-il-look-giusto-per-le-tue-feste\/","title":{"rendered":"Natale 2021: il look giusto per le tue feste"},"content":{"rendered":"<h1><a href=\"https:\/\/www.fratinardi.it\/blog\/wp-content\/uploads\/2021\/12\/Fratinardi-Look-per-le-Feste-Natale-2021.jpg\"><img loading=\"lazy\" decoding=\"async\" class=\"aligncenter wp-image-10099 size-large\" src=\"https:\/\/www.fratinardi.it\/blog\/wp-content\/uploads\/2021\/12\/Fratinardi-Look-per-le-Feste-Natale-2021-1024x685.jpg\" alt=\"Fratinardi Look per le Feste - Natale 2021\" width=\"584\" height=\"391\" srcset=\"https:\/\/www.fratinardi.it\/blog\/wp-content\/uploads\/2021\/12\/Fratinardi-Look-per-le-Feste-Natale-2021-1024x685.jpg 1024w, https:\/\/www.fratinardi.it\/blog\/wp-content\/uploads\/2021\/12\/Fratinardi-Look-per-le-Feste-Natale-2021-300x201.jpg 300w, https:\/\/www.fratinardi.it\/blog\/wp-content\/uploads\/2021\/12\/Fratinardi-Look-per-le-Feste-Natale-2021-768x514.jpg 768w, https:\/\/www.fratinardi.it\/blog\/wp-content\/uploads\/2021\/12\/Fratinardi-Look-per-le-Feste-Natale-2021-448x300.jpg 448w\" sizes=\"(max-width: 584px) 100vw, 584px\" \/><\/a>La vita \u00e8 come una giostra. Per ogni giro c&#8217;\u00e8 una sorpresa, ogni sorpresa sar\u00e0 emozione.<\/h1>\n<p>Qual \u00e8 il look giusto per queste feste di Natale? Mettiamo un attimo da parte i colori tradizionali come il rosso e l&#8217;oro e concentriamoci sui colori che mai avreste pensato di indossare sotto l&#8217;albero.<\/p>\n<p>La positivit\u00e0 \u00e8 uno degli aspetti che un outfit deve comunicare. Sfoggiate il vostro sorriso, magari delineato da un rossetto luminoso, e indossate un abito ricoperto di paillettes che ad ogni movimento gioca con la luce. Un abito <strong>Patrizia Pepe<\/strong> \u00e8 perfetto per queste festivit\u00e0. Femminilit\u00e0 e sensualit\u00e0, fiori e eccentricit\u00e0, il mondo si incanter\u00e0 a guardarti.<\/p>\n<p><a href=\"https:\/\/www.fratinardi.it\/blog\/wp-content\/uploads\/2021\/12\/Fratinardi-Patrizia-Pepe-Natale-2021-Look.jpg\"><img loading=\"lazy\" decoding=\"async\" class=\"aligncenter wp-image-10103 size-large\" src=\"https:\/\/www.fratinardi.it\/blog\/wp-content\/uploads\/2021\/12\/Fratinardi-Patrizia-Pepe-Natale-2021-Look-685x1024.jpg\" alt=\"\" width=\"584\" height=\"873\" srcset=\"https:\/\/www.fratinardi.it\/blog\/wp-content\/uploads\/2021\/12\/Fratinardi-Patrizia-Pepe-Natale-2021-Look-685x1024.jpg 685w, https:\/\/www.fratinardi.it\/blog\/wp-content\/uploads\/2021\/12\/Fratinardi-Patrizia-Pepe-Natale-2021-Look-201x300.jpg 201w, https:\/\/www.fratinardi.it\/blog\/wp-content\/uploads\/2021\/12\/Fratinardi-Patrizia-Pepe-Natale-2021-Look-768x1147.jpg 768w, https:\/\/www.fratinardi.it\/blog\/wp-content\/uploads\/2021\/12\/Fratinardi-Patrizia-Pepe-Natale-2021-Look-300x448.jpg 300w\" sizes=\"(max-width: 584px) 100vw, 584px\" \/><\/a><a href=\"https:\/\/www.fratinardi.it\/blog\/wp-content\/uploads\/2021\/12\/Fratinardi-Shooting-Natale-patrizia-pepe.jpg\"><img loading=\"lazy\" decoding=\"async\" class=\"aligncenter wp-image-10100 size-large\" src=\"https:\/\/www.fratinardi.it\/blog\/wp-content\/uploads\/2021\/12\/Fratinardi-Shooting-Natale-patrizia-pepe-685x1024.jpg\" alt=\"Fratinardi-Shooting-Natale-patrizia-pepe\" width=\"584\" height=\"873\" srcset=\"https:\/\/www.fratinardi.it\/blog\/wp-content\/uploads\/2021\/12\/Fratinardi-Shooting-Natale-patrizia-pepe-685x1024.jpg 685w, https:\/\/www.fratinardi.it\/blog\/wp-content\/uploads\/2021\/12\/Fratinardi-Shooting-Natale-patrizia-pepe-201x300.jpg 201w, https:\/\/www.fratinardi.it\/blog\/wp-content\/uploads\/2021\/12\/Fratinardi-Shooting-Natale-patrizia-pepe-768x1147.jpg 768w, https:\/\/www.fratinardi.it\/blog\/wp-content\/uploads\/2021\/12\/Fratinardi-Shooting-Natale-patrizia-pepe-300x448.jpg 300w\" sizes=\"(max-width: 584px) 100vw, 584px\" \/><\/a><\/p>\n<h1>Come coprirci dal freddo?<\/h1>\n<p>Facile come risposta. Un cappotto teddy <strong>Marella<\/strong> pu\u00f2 fare al caso tuo. Tu che sei una fashionista devi assolutamente averlo nel tuo armadio. Magari hai gi\u00e0 un teddy dal color beige o nero, ma se abbiamo detto che i colori fanno la differenza, devi scegliere un pantone che nessuno mai si aspetterebbe. Il fucsia \u00e8 uno dei colori trend per il Natale 2021.<a href=\"https:\/\/www.fratinardi.it\/blog\/wp-content\/uploads\/2021\/12\/Fratinardi-Patrizia-Pepe-Marella-Natale-2021-Look.jpg\"><img loading=\"lazy\" decoding=\"async\" class=\"aligncenter wp-image-10104 size-large\" src=\"https:\/\/www.fratinardi.it\/blog\/wp-content\/uploads\/2021\/12\/Fratinardi-Patrizia-Pepe-Marella-Natale-2021-Look-685x1024.jpg\" alt=\"Fratinardi-Patrizia-Pepe-Marella-Natale-2021-Look\" width=\"584\" height=\"873\" srcset=\"https:\/\/www.fratinardi.it\/blog\/wp-content\/uploads\/2021\/12\/Fratinardi-Patrizia-Pepe-Marella-Natale-2021-Look-685x1024.jpg 685w, https:\/\/www.fratinardi.it\/blog\/wp-content\/uploads\/2021\/12\/Fratinardi-Patrizia-Pepe-Marella-Natale-2021-Look-201x300.jpg 201w, https:\/\/www.fratinardi.it\/blog\/wp-content\/uploads\/2021\/12\/Fratinardi-Patrizia-Pepe-Marella-Natale-2021-Look-768x1147.jpg 768w, https:\/\/www.fratinardi.it\/blog\/wp-content\/uploads\/2021\/12\/Fratinardi-Patrizia-Pepe-Marella-Natale-2021-Look-300x448.jpg 300w\" sizes=\"(max-width: 584px) 100vw, 584px\" \/><\/a><\/p>\n<p><strong>\u00a0&#8220;Abito? Ma io ho freddo!&#8221;<\/strong><\/p>\n<p>Se non sei una amante degli abitini nel periodo invernale, allora un cardigan in lana \u00e8 quel capo che amerai sempre. <strong>Blugirl by Blumarine<\/strong> ha proposto un capo elegante grazie alla particolarit\u00e0 del bianco candido e ai fiori delicati, chic per i dettagli luminosi. Si, hai letto bene: con il bianco non si sbaglia mai.<a href=\"https:\/\/www.fratinardi.it\/blog\/wp-content\/uploads\/2021\/12\/Fratinardi-Natale-2021-Blugirl-Blumarine.jpg\"><img loading=\"lazy\" decoding=\"async\" class=\"aligncenter wp-image-10105 size-large\" src=\"https:\/\/www.fratinardi.it\/blog\/wp-content\/uploads\/2021\/12\/Fratinardi-Natale-2021-Blugirl-Blumarine-685x1024.jpg\" alt=\"Fratinardi-Natale-2021-Blugirl-Blumarine\" width=\"584\" height=\"873\" srcset=\"https:\/\/www.fratinardi.it\/blog\/wp-content\/uploads\/2021\/12\/Fratinardi-Natale-2021-Blugirl-Blumarine-685x1024.jpg 685w, https:\/\/www.fratinardi.it\/blog\/wp-content\/uploads\/2021\/12\/Fratinardi-Natale-2021-Blugirl-Blumarine-201x300.jpg 201w, https:\/\/www.fratinardi.it\/blog\/wp-content\/uploads\/2021\/12\/Fratinardi-Natale-2021-Blugirl-Blumarine-768x1147.jpg 768w, https:\/\/www.fratinardi.it\/blog\/wp-content\/uploads\/2021\/12\/Fratinardi-Natale-2021-Blugirl-Blumarine-300x448.jpg 300w\" sizes=\"(max-width: 584px) 100vw, 584px\" \/><\/a><\/p>\n<h1>Principessa natalizia bon ton, ecco il look per te.<\/h1>\n<p>Possono sembrare i colori della primavera ma in verit\u00e0 sono i colori amati per questa stagione. Un celeste delicato e un fucsia caldo sono accostamenti che mai avresti pensato di fare ma con <strong>Fratinardi.it<\/strong> puoi rendere questo look realt\u00e0. Ad un abito <strong>Mariuccia<\/strong> abbiamo abbinato un cappotto classico e con un colletto luminoso. Ti piace?<a href=\"https:\/\/www.fratinardi.it\/blog\/wp-content\/uploads\/2021\/12\/Fratinardi-Shooting-Natale-copy.jpg\"><img loading=\"lazy\" decoding=\"async\" class=\"aligncenter wp-image-10106 size-large\" src=\"https:\/\/www.fratinardi.it\/blog\/wp-content\/uploads\/2021\/12\/Fratinardi-Shooting-Natale-copy-685x1024.jpg\" alt=\"Fratinardi-Shooting-Natale\" width=\"584\" height=\"873\" srcset=\"https:\/\/www.fratinardi.it\/blog\/wp-content\/uploads\/2021\/12\/Fratinardi-Shooting-Natale-copy-685x1024.jpg 685w, https:\/\/www.fratinardi.it\/blog\/wp-content\/uploads\/2021\/12\/Fratinardi-Shooting-Natale-copy-201x300.jpg 201w, https:\/\/www.fratinardi.it\/blog\/wp-content\/uploads\/2021\/12\/Fratinardi-Shooting-Natale-copy-768x1147.jpg 768w, https:\/\/www.fratinardi.it\/blog\/wp-content\/uploads\/2021\/12\/Fratinardi-Shooting-Natale-copy-300x448.jpg 300w\" sizes=\"(max-width: 584px) 100vw, 584px\" \/><\/a><\/p>\n<p>Scopri le nostre proposte abbigliamento e accessori su Fratinardi.it e acquista con un clic | Spedizione gratuita e consegna in 24 ore in tutta Italia.<\/p>\n","protected":false},"excerpt":{"rendered":"<p>La vita \u00e8 come una giostra. Per ogni giro c&#8217;\u00e8 una sorpresa, ogni sorpresa sar\u00e0 emozione. Qual \u00e8 il look giusto per queste feste di Natale? Mettiamo un attimo da parte i colori tradizionali come il rosso e l&#8217;oro e &hellip; <a href=\"https:\/\/www.fratinardi.it\/blog\/natale-2021-il-look-giusto-per-le-tue-feste\/\">Continue reading <span class=\"meta-nav\">&rarr;<\/span><\/a><\/p>\n","protected":false},"author":2,"featured_media":10108,"comment_status":"open","ping_status":"open","sticky":false,"template":"","format":"standard","meta":{"footnotes":""},"categories":[6],"tags":[1349,1186,979,1294,1348,1091,7,151,1336,27,1347,1318,1238,1350,1224,1206],"_links":{"self":[{"href":"https:\/\/www.fratinardi.it\/blog\/wp-json\/wp\/v2\/posts\/10092"}],"collection":[{"href":"https:\/\/www.fratinardi.it\/blog\/wp-json\/wp\/v2\/posts"}],"about":[{"href":"https:\/\/www.fratinardi.it\/blog\/wp-json\/wp\/v2\/types\/post"}],"author":[{"embeddable":true,"href":"https:\/\/www.fratinardi.it\/blog\/wp-json\/wp\/v2\/users\/2"}],"replies":[{"embeddable":true,"href":"https:\/\/www.fratinardi.it\/blog\/wp-json\/wp\/v2\/comments?post=10092"}],"version-history":[{"count":5,"href":"https:\/\/www.fratinardi.it\/blog\/wp-json\/wp\/v2\/posts\/10092\/revisions"}],"predecessor-version":[{"id":10109,"href":"https:\/\/www.fratinardi.it\/blog\/wp-json\/wp\/v2\/posts\/10092\/revisions\/10109"}],"wp:featuredmedia":[{"embeddable":true,"href":"https:\/\/www.fratinardi.it\/blog\/wp-json\/wp\/v2\/media\/10108"}],"wp:attachment":[{"href":"https:\/\/www.fratinardi.it\/blog\/wp-json\/wp\/v2\/media?parent=10092"}],"wp:term":[{"taxonomy":"category","embeddable":true,"href":"https:\/\/www.fratinardi.it\/blog\/wp-json\/wp\/v2\/categories?post=10092"},{"taxonomy":"post_tag","embeddable":true,"href":"https:\/\/www.fratinardi.it\/blog\/wp-json\/wp\/v2\/tags?post=10092"}],"curies":[{"name":"wp","href":"https:\/\/api.w.org\/{rel}","templated":true}]}}